{"id":25813,"date":"2016-01-28T14:21:19","date_gmt":"2016-01-28T19:21:19","guid":{"rendered":"http:\/\/contraluzcucuta.co\/?p=25813"},"modified":"2016-01-31T16:48:54","modified_gmt":"2016-01-31T21:48:54","slug":"mirada-ajena-norte-de-santander-tiene-sed","status":"publish","type":"post","link":"https:\/\/contraluzcucuta.co\/?p=25813","title":{"rendered":"MIRADA AJENA. Norte de Santander tiene sed"},"content":{"rendered":"<p>Es tema de no acabar, pues es norma en Colombia que cada que se presenta un fen\u00f3meno natural nuestros gobernantes se re\u00fanen para pronosticar soluciones a lo que se pronostic\u00f3 y prometi\u00f3 dilucidarse en administraciones anteriores.<\/p>\n<p>Eso es lo que ocurre con el Fen\u00f3meno de El Ni\u00f1o, que deja sin agua a las principales cabeceras humanas en Norte de Santander. Como en un sainete previsto, el\u00a0 director de Corponor del momento, el gobernador del momento, citan a Gesti\u00f3n del Riesgo, meten en el bojote a todas las \u2018\u00edas\u2019 \u00a0y\u00a0 dicen lo mismo.<\/p>\n<p>Que se perseguir\u00e1 a quienes capten agua de los r\u00edos de manera ilegal. Vale, entonces, preguntar \u00bfcu\u00e1ndo en los r\u00edos Pamplonita, T\u00e1chira o Zulia no han existido captaciones ilegales? \u00bfO es que son legales cuando el r\u00edo abunda e ilegales cuando el r\u00edo escasea? O sea, \u00bfhasta ahora nos hemos percatado que extraer el agua a los r\u00edos de esta manera es delito?<\/p>\n<p>El problema no est\u00e1 en las amenazas a las captaciones ilegales. El problema est\u00e1 en la incoherencia en las pol\u00edticas de preservaci\u00f3n aplicadas por Corponor;\u00a0 luego entonces c\u00f3mo\u00a0 se explica que se declare\u00a0 reserva natural a Sisavita, en una de las ramificaciones del P\u00e1ramo de Santurb\u00e1n, donde nace el r\u00edo de La Plata, que m\u00e1s adelante se llama Zulia y la quebrada Blanca, que despu\u00e9s ser\u00e1 el Pamplonita y sea el mismo Corponor, luego, el que otorga los permisos para deforestaci\u00f3n y tala a lo largo de cientos de kil\u00f3metros. Y, en muchos casos, algunos de los funcionarios, reciben dinero de los finqueros para que se les permita la tala y la ganader\u00eda en zonas de p\u00e1ramo y cuencas de los r\u00edos. Lo que entonces deber\u00eda perseguir Corponor, no es a quienes toman el agua de los r\u00edos, porque esto toda la vida se ha hecho, sino a sus funcionarios permisivos e irresponsables.<\/p>\n<p>Miremos las noticias. Incendios en las cabeceras del Cerro La Vieja, en Chin\u00e1cota, por all\u00e1 se arrastra un hilo de agua que anteriormente se llam\u00f3 quebrada La Honda; escasez de agua en la provincia de Oca\u00f1a, el r\u00edo Algodonal, que m\u00e1s adelante se llama Catatumbo es un m\u00edsero hilo de agua asaltado por parceleros a lo largo del recorrido. Otros r\u00edos se murieron y cientos m\u00e1s son historia, el Pamplonita por ejemplo, se nutr\u00eda del Iscal\u00e1, La Honda, Tascarena y cientos de quebradas que ya no existen.<\/p>\n<p>El Sadinata no es\u00a0 ese poderoso r\u00edo que irrigaba las tierras de La Llana\u00a0 y el nororiente del departamento hasta la frontera con Venezuela.<\/p>\n<p>\u00a1Norte de Santander tiene sed! y no por el Fen\u00f3meno de El Ni\u00f1o, sino\u00a0 porque las pol\u00edticas, en cuanto a la conservaci\u00f3n de cuencas hidrogr\u00e1ficas, son erradas y llenas de intereses que en nada benefician a la regi\u00f3n y menos a los r\u00edos y sus afluentes\u00a0 que se deben preservar.<\/p>\n<p>Por eso no vale volver\u00a0 a pronosticar lo pronosticado. Esta nueva administraci\u00f3n de Corponor, a cargo de Gregorio Angarita Lamk, debe asegurarles y garantizarles a los nortesantandereanos\u00a0 que de verdad y en serio, se invertir\u00e1 en la preservaci\u00f3n de los recursos h\u00eddricos, pues entonces no ser\u00e1n El Ni\u00f1o o La Ni\u00f1a los que acaben con el agua en la regi\u00f3n, sino la incoherencia y la falta de voluntad de los gobernantes para hacer cumplir la Ley Ambiental y no trastocarla en beneficio propio o de los dem\u00e1s, porque el d\u00eda que falte el agua, tambi\u00e9n escasear\u00e1, incluso, para\u00a0 aquellos que recaudan a costa de su permisividad.<\/p>\n<p>Entones, veremos con estupor que de nada valen dinero ni posici\u00f3n frente a la necesidad de un recurso que nos pertenece a todos de generaci\u00f3n en generaci\u00f3n como la naturaleza, el aire, el sol,\u00a0 pero en especial el agua, que hoy escasea y no cuidamos.<\/p>\n<p><strong>JUAN RICARDO G\u00c9LVEZ<\/strong><\/p>\n<p><strong><a href=\"mailto:juanricardogelvez@hotmail.com\">juanricardogelvez@hotmail.com<\/a><\/strong><\/p>\n<p><strong>Foto: PRENSA MECUC<\/strong><\/p>\n<p>&nbsp; <\/p>\n","protected":false},"excerpt":{"rendered":"<p>Es tema de no acabar, pues es norma en Colombia que cada que se presenta un fen\u00f3meno natural nuestros gobernantes se re\u00fanen para pronosticar soluciones a lo que se pronostic\u00f3 y prometi\u00f3 dilucidarse en administraciones anteriores. Eso es lo que ocurre con el Fen\u00f3meno de El Ni\u00f1o, que deja sin agua a las principales cabeceras &hellip;<\/p>\n","protected":false},"author":1,"featured_media":25814,"comment_status":"open","ping_status":"open","sticky":false,"template":"","format":"standard","meta":{"footnotes":""},"categories":[14,39,32],"tags":[493,1974,120,2646,40,1597],"class_list":["post-25813","post","type-post","status-publish","format-standard","has-post-thumbnail","hentry","category-articulistas","category-miradas-ajenas","category-recorrido-por-la-region","tag-corponor","tag-fenomeno-de-el-nino-en-norte-de-santander","tag-gregorio-angarita-lamk","tag-juan-ricardo-gelvez","tag-rio-pamplonita","tag-rio-zulia"],"_links":{"self":[{"href":"https:\/\/contraluzcucuta.co\/index.php?rest_route=\/wp\/v2\/posts\/25813","targetHints":{"allow":["GET"]}}],"collection":[{"href":"https:\/\/contraluzcucuta.co\/index.php?rest_route=\/wp\/v2\/posts"}],"about":[{"href":"https:\/\/contraluzcucuta.co\/index.php?rest_route=\/wp\/v2\/types\/post"}],"author":[{"embeddable":true,"href":"https:\/\/contraluzcucuta.co\/index.php?rest_route=\/wp\/v2\/users\/1"}],"replies":[{"embeddable":true,"href":"https:\/\/contraluzcucuta.co\/index.php?rest_route=%2Fwp%2Fv2%2Fcomments&post=25813"}],"version-history":[{"count":1,"href":"https:\/\/contraluzcucuta.co\/index.php?rest_route=\/wp\/v2\/posts\/25813\/revisions"}],"predecessor-version":[{"id":25815,"href":"https:\/\/contraluzcucuta.co\/index.php?rest_route=\/wp\/v2\/posts\/25813\/revisions\/25815"}],"wp:featuredmedia":[{"embeddable":true,"href":"https:\/\/contraluzcucuta.co\/index.php?rest_route=\/wp\/v2\/media\/25814"}],"wp:attachment":[{"href":"https:\/\/contraluzcucuta.co\/index.php?rest_route=%2Fwp%2Fv2%2Fmedia&parent=25813"}],"wp:term":[{"taxonomy":"category","embeddable":true,"href":"https:\/\/contraluzcucuta.co\/index.php?rest_route=%2Fwp%2Fv2%2Fcategories&post=25813"},{"taxonomy":"post_tag","embeddable":true,"href":"https:\/\/contraluzcucuta.co\/index.php?rest_route=%2Fwp%2Fv2%2Ftags&post=25813"}],"curies":[{"name":"wp","href":"https:\/\/api.w.org\/{rel}","templated":true}]}}