{"id":25810,"date":"2016-01-26T21:53:10","date_gmt":"2016-01-27T02:53:10","guid":{"rendered":"http:\/\/contraluzcucuta.co\/?p=25810"},"modified":"2016-01-28T18:54:19","modified_gmt":"2016-01-28T23:54:19","slug":"deportados-las-caminatas-abrieron-los-oidos-del-gobierno-municipal","status":"publish","type":"post","link":"https:\/\/contraluzcucuta.co\/?p=25810","title":{"rendered":"DEPORTADOS. Las caminatas abrieron los o\u00eddos del gobierno municipal"},"content":{"rendered":"<p><strong>C\u00daCUTA.-<\/strong> Las caminatas por las calles cucute\u00f1as, con pancartas y mensajes de protesta, les dieron resultados a las 26 familias deportadas de Venezuela, en agosto. En el recorrido por las v\u00edas, los damnificados por las medidas tomadas por el presidente Nicol\u00e1s Maduro exigieron atenci\u00f3n de los gobiernos nacional, departamental y municipal. Esos reclamos surtieron efecto.<\/p>\n<p>\u2018Necesitamos empleo y subsidio de arriendo. La crisis fronteriza sigue\u2019 escribieron en un pliego de cartulina. La consigna se convirti\u00f3 en la \u00a0m\u00e1xima exigencia por la situaci\u00f3n que afrontan desde cuando fueron expulsados de los vecinos municipios tachirenses. Unos, viv\u00edan en San Antonio; otros, en San Crist\u00f3bal, y no faltan los llegados de Rubio y Capacho.<\/p>\n<p>Conocedores de las normas que los protegen pidieron en otro cartel \u2018Aplicaci\u00f3n inmediata (del) decreto 1819\u2019 y del art\u00edculo 47 de la Ley de V\u00edctimas (1448). El desespero por los momentos que viven a la intemperie, hombres y mujeres a clamar ayuda oficial.<\/p>\n<p>Esos gritos y esas arengas, meg\u00e1fono en mano, encontraron eco en la administraci\u00f3n municipal. El alcalde encargado Mauricio Franco; representantes de las secretar\u00edas de Salud, Educaci\u00f3n, Seguridad Ciudadana, Gobierno Equidad y G\u00e9nero, y voceros de los deportados que pasan los d\u00edas en el Centro de Migraciones analizaron la situaci\u00f3n y llegaron a los siguientes acuerdos:<\/p>\n<p>1.- Hacer presencia con funcionarios de la Secretar\u00eda de Salud e iniciar el proceso de aseguramiento en materia de asistencia.<\/p>\n<p>2.- La Secretar\u00eda de Educaci\u00f3n har\u00e1 presencia y matricular\u00e1 a los ni\u00f1os en edad escolar.<\/p>\n<p>3.- La Oficina del Sisben iniciar\u00e1 el proceso de afiliaci\u00f3n de los colombianos.<\/p>\n<p>4.- La Secretar\u00eda de Equidad y G\u00e9nero donar\u00e1 60 kits escolares para los ni\u00f1os matriculados.<\/p>\n<p>5.- La Secretar\u00eda de Seguridad y la Defensor\u00eda del Pueblo entregar\u00e1n 26 mercados.<\/p>\n<p>Al regreso de Bogot\u00e1, el alcalde C\u00e9sar Rojas ser\u00e1 enterado de la solicitud planteada en la reuni\u00f3n para que haga el llamado al Gobierno y se conforme la mesa de concertaci\u00f3n. El prop\u00f3sito es abordar la solicitud integral\u00a0 de los deportados ante la continuidad del cierre fronterizo.<\/p>\n<p>Despu\u00e9s de cerrados los albergues temporales, el 8 de noviembre, la Iglesia Cat\u00f3lica en C\u00facuta ha mantenido el acompa\u00f1amiento humanitario y pastoral a las familias deportadas y migrantes forzados de Venezuela.<\/p>\n<p>1.- Se han entregado en este periodo 550 provisiones de alimentos, de 20 kg cada uno, proyectados para 15 d\u00edas en familias conformadas por 5 personas; 1000 paquetes\u00a0 de noche; 2000 de aseo; 360 kits escolares y 360 dotaciones de cocina.<\/p>\n<p>2.- Del 12 al 20 de enero, \u00a0la Di\u00f3cesis facilit\u00f3 el hospedaje en el Centro de Migraciones Diocesano a los 103 deportados que permanec\u00edan en el parque Santander.<\/p>\n<p>3.- Trascurrido este tiempo y con la imposibilidad de mantenerlos en la Casa de Paso, por las remodelaciones adelantan en cuanto al riesgo que representa para la salud y teniendo en cuenta que la capacidad de las instalaciones est\u00e1 copada con\u00a0 la poblaci\u00f3n que atiende el Centro (v\u00edctimas del conflicto, desplazados, migrantes), las 30 familias debieron salir.<\/p>\n<p>4.- El 22 de enero, se proporcionaron las tres comidas diarias a los ni\u00f1os, y el 23 a las mujeres. Por solicitud de los l\u00edderes, el acompa\u00f1amiento se dirigi\u00f3 a ni\u00f1os, adolescentes y 5 mujeres en condiciones especiales: una embarazada, dos adultos mayores y una mujer con dificultades de salud.<\/p>\n<p>5.- El impacto generado por las deportaciones y la migraci\u00f3n forzada de connacionales ha agudizado la compleja realidad social, econ\u00f3mica y de seguridad que afronta la ciudad y el \u00c1rea Metropolitana.<\/p>\n<p>6.- Hacemos un llamado al Estado para que brinde respuestas estructurales a los necesitados.<\/p>\n<p><strong>Foto: <a href=\"http:\/\/www.contraluzcucuta.co\">www.contraluzcucuta.co<\/a><\/strong><\/p>\n<p>&nbsp; <\/p>\n","protected":false},"excerpt":{"rendered":"<p>C\u00daCUTA.- Las caminatas por las calles cucute\u00f1as, con pancartas y mensajes de protesta, les dieron resultados a las 26 familias deportadas de Venezuela, en agosto. En el recorrido por las v\u00edas, los damnificados por las medidas tomadas por el presidente Nicol\u00e1s Maduro exigieron atenci\u00f3n de los gobiernos nacional, departamental y municipal. Esos reclamos surtieron efecto. &hellip;<\/p>\n","protected":false},"author":1,"featured_media":25811,"comment_status":"open","ping_status":"open","sticky":false,"template":"","format":"standard","meta":{"footnotes":""},"categories":[7,541,36],"tags":[226,2076,2481,8],"class_list":["post-25810","post","type-post","status-publish","format-standard","has-post-thumbnail","hentry","category-acontecimientos","category-ciudad","category-la-voz-del-pueblo","tag-alcaldia-de-cucuta","tag-centro-de-migraciones-de-cucuta","tag-deportados-desde-venezuela","tag-diocesis-de-cucuta"],"_links":{"self":[{"href":"https:\/\/contraluzcucuta.co\/index.php?rest_route=\/wp\/v2\/posts\/25810","targetHints":{"allow":["GET"]}}],"collection":[{"href":"https:\/\/contraluzcucuta.co\/index.php?rest_route=\/wp\/v2\/posts"}],"about":[{"href":"https:\/\/contraluzcucuta.co\/index.php?rest_route=\/wp\/v2\/types\/post"}],"author":[{"embeddable":true,"href":"https:\/\/contraluzcucuta.co\/index.php?rest_route=\/wp\/v2\/users\/1"}],"replies":[{"embeddable":true,"href":"https:\/\/contraluzcucuta.co\/index.php?rest_route=%2Fwp%2Fv2%2Fcomments&post=25810"}],"version-history":[{"count":1,"href":"https:\/\/contraluzcucuta.co\/index.php?rest_route=\/wp\/v2\/posts\/25810\/revisions"}],"predecessor-version":[{"id":25812,"href":"https:\/\/contraluzcucuta.co\/index.php?rest_route=\/wp\/v2\/posts\/25810\/revisions\/25812"}],"wp:featuredmedia":[{"embeddable":true,"href":"https:\/\/contraluzcucuta.co\/index.php?rest_route=\/wp\/v2\/media\/25811"}],"wp:attachment":[{"href":"https:\/\/contraluzcucuta.co\/index.php?rest_route=%2Fwp%2Fv2%2Fmedia&parent=25810"}],"wp:term":[{"taxonomy":"category","embeddable":true,"href":"https:\/\/contraluzcucuta.co\/index.php?rest_route=%2Fwp%2Fv2%2Fcategories&post=25810"},{"taxonomy":"post_tag","embeddable":true,"href":"https:\/\/contraluzcucuta.co\/index.php?rest_route=%2Fwp%2Fv2%2Ftags&post=25810"}],"curies":[{"name":"wp","href":"https:\/\/api.w.org\/{rel}","templated":true}]}}