{"id":25801,"date":"2016-01-26T16:52:51","date_gmt":"2016-01-26T21:52:51","guid":{"rendered":"http:\/\/contraluzcucuta.co\/?p=25801"},"modified":"2016-01-28T14:59:32","modified_gmt":"2016-01-28T19:59:32","slug":"notas-al-margen-perspectivas-del-visionario-mensaje-de-bolivar-y-santander","status":"publish","type":"post","link":"https:\/\/contraluzcucuta.co\/?p=25801","title":{"rendered":"NOTAS AL MARGEN: Perspectivas del visionario mensaje de Bol\u00edvar y Santander"},"content":{"rendered":"<p>1.- El ambiente socioecon\u00f3mico y pol\u00edtico, tanto de Colombia como de Venezuela, experimenta convulsas expresiones, as\u00ed como reiteradas demostraciones de desestabilidad y agite, ante los hechos que por situaciones que se denuncian &#8211; pero no se atienden, ni resuelven\u00a0 &#8211; convulsionan y\u00a0 maltratan el discurrir nacional de cada una.\u00a0 Y esto, que es delicado y de m\u00faltiples implicaciones en lo institucional, exige una consideraci\u00f3n y an\u00e1lisis en los rangos y los niveles de decisi\u00f3n, porque una omisi\u00f3n mayor y un proseguir del desinter\u00e9s por lo sustancial y b\u00e1sico puede acarrear la descomposici\u00f3n de proyecciones\u00a0 graves, por la multiplicidad de los efectos en la compleja estructura\u00a0 del Estado y las repercusiones en los factores que dan vigencia a las respectivas\u00a0 rep\u00fablicas.<\/p>\n<p>Lo captamos y observamos en sus detalles desde la frontera, porque recibiendo los influjos no solo de lo nuestro, o sea de Colombia, tambi\u00e9n\u00a0 recibimos las consecuencias de lo que se elabora, proyecta y cuece desde Venezuela, as\u00ed las diferenciaciones de las\u00a0 caracter\u00edsticas, cuando se enfoca un determinado caso, difieran y distintos &#8211; en su curr\u00edculo y visi\u00f3n de perspectivas- sean los nombres de los actores.<\/p>\n<p>2.- Si desde la frontera &#8211; que para uno y para otro &#8211; constituye una faja territorial distante y relegada, porque en verdad las determinaciones que sobre ella se asumen son m\u00ednimas, cuando se adoptan y &#8211; sin mayor seguimiento \u2013 cuando se anuncian o definen, resulta f\u00e1cil constatar que tanto el esp\u00edritu como la noci\u00f3n de unidad que debiera prevalecer para continuar otorg\u00e1ndoles vigencia a los deseos y anhelos de nuestros libertadores, se debilite y fraccione hasta llegar al extremo que a nivel informativo y de titularidad emocional en lo pol\u00edtico &#8211; especialmente en el lado venezolano &#8211; se haga permanente menci\u00f3n a la \u2018pugnacidad\u2019 entre Bol\u00edvar y Santander o de nuestro m\u00e1ximo exponente, con la figura hist\u00f3rica del caraque\u00f1o Libertador, olvid\u00e1ndose que fue el propio Bol\u00edvar quien calific\u00f3 la situaci\u00f3n que en su momento existi\u00f3, diciendo que \u201cel no habernos compuesto con Santander, nos ha perjudicado a todos\u201d.<\/p>\n<p>3.- Llegar a considerar que entre\u00a0 Colombia y Venezuela \u2013 o Caracas y Bogot\u00e1 \u2013no hay\u00a0 factores de gran importancia en com\u00fan y que son m\u00e1s trascendentes que\u00a0 las diferencias que provienen de la situaci\u00f3n petrolera\u00a0 y del valor de la gasolina o de los abastecimientos en productos de primera necesidad y urgentes demandas de alimentos, es \u2013ciertamente \u2013 analizar unas causas de primer rango, pero no penetrar en todo el proceso que involucra a\u00a0 dos naciones hermanas y que paulatinamente conducen \u2013qui\u00e9ranlo o no \u2013 a validar la importancia de ciudadanos terr\u00e1queos y la favorabilidad de un obrar com\u00fan, al que llegaremos incuestionablemente cuando se entienda que como habitantes de un planeta lo fundamental y b\u00e1sico radica en una coexistencia pac\u00edfica y en un trato y manejo de circunstancias, en donde predominen los deberes y los derechos humanos para todos y sin discriminaciones o excepciones de naturaleza inaceptable.<\/p>\n<p>S\u00ed, estas fajas territoriales fronterizas &#8211; aunque muchos a\u00fan no lo intuyan, ni acepten \u2013 constituir\u00e1n &#8211; poco a poco &#8211; los nudos de amarre y articulaci\u00f3n entre pa\u00edses, porque por necesidad y prioridades elementales predominar\u00e1 la uni\u00f3n, uni\u00f3n, uni\u00f3n que avizor\u00f3\u00a0 Bol\u00edvar y cuya fuerza y vigor, lentamente, avanza ante el irrumpir y la evoluci\u00f3n de la humanidad, que a veces no se da cuenta de los actos y del proceso educativo que debe lograrse paso a paso, como lo proclamaba Santander, que tambi\u00e9n fue un gran visionario &#8211; cuyo momento y misi\u00f3n no fueron entendidos, ni comprendidos &#8211; en el comienzo del proceso.<\/p>\n<p><strong>JOS\u00c9 NEIRA REY<\/strong><\/p>\n<p><a href=\"mailto:jneirarey@hotmail.com\"><strong>jneirarey@hotmail.com<\/strong><\/a><\/p>\n<p><strong>Foto: cucuta-nortedesantander.gov.co<\/strong><\/p>\n<p><strong>\u00a0<\/strong> <\/p>\n","protected":false},"excerpt":{"rendered":"<p>1.- El ambiente socioecon\u00f3mico y pol\u00edtico, tanto de Colombia como de Venezuela, experimenta convulsas expresiones, as\u00ed como reiteradas demostraciones de desestabilidad y agite, ante los hechos que por situaciones que se denuncian &#8211; pero no se atienden, ni resuelven\u00a0 &#8211; convulsionan y\u00a0 maltratan el discurrir nacional de cada una.\u00a0 Y esto, que es delicado y &hellip;<\/p>\n","protected":false},"author":1,"featured_media":25802,"comment_status":"open","ping_status":"open","sticky":false,"template":"","format":"standard","meta":{"footnotes":""},"categories":[14,6],"tags":[2690,382,956,98],"class_list":["post-25801","post","type-post","status-publish","format-standard","has-post-thumbnail","hentry","category-articulistas","category-ojo-avizor","tag-francisco-de-paula-santander","tag-jose-neira","tag-notas-al-margen","tag-simon-bolivar"],"_links":{"self":[{"href":"https:\/\/contraluzcucuta.co\/index.php?rest_route=\/wp\/v2\/posts\/25801","targetHints":{"allow":["GET"]}}],"collection":[{"href":"https:\/\/contraluzcucuta.co\/index.php?rest_route=\/wp\/v2\/posts"}],"about":[{"href":"https:\/\/contraluzcucuta.co\/index.php?rest_route=\/wp\/v2\/types\/post"}],"author":[{"embeddable":true,"href":"https:\/\/contraluzcucuta.co\/index.php?rest_route=\/wp\/v2\/users\/1"}],"replies":[{"embeddable":true,"href":"https:\/\/contraluzcucuta.co\/index.php?rest_route=%2Fwp%2Fv2%2Fcomments&post=25801"}],"version-history":[{"count":1,"href":"https:\/\/contraluzcucuta.co\/index.php?rest_route=\/wp\/v2\/posts\/25801\/revisions"}],"predecessor-version":[{"id":25803,"href":"https:\/\/contraluzcucuta.co\/index.php?rest_route=\/wp\/v2\/posts\/25801\/revisions\/25803"}],"wp:featuredmedia":[{"embeddable":true,"href":"https:\/\/contraluzcucuta.co\/index.php?rest_route=\/wp\/v2\/media\/25802"}],"wp:attachment":[{"href":"https:\/\/contraluzcucuta.co\/index.php?rest_route=%2Fwp%2Fv2%2Fmedia&parent=25801"}],"wp:term":[{"taxonomy":"category","embeddable":true,"href":"https:\/\/contraluzcucuta.co\/index.php?rest_route=%2Fwp%2Fv2%2Fcategories&post=25801"},{"taxonomy":"post_tag","embeddable":true,"href":"https:\/\/contraluzcucuta.co\/index.php?rest_route=%2Fwp%2Fv2%2Ftags&post=25801"}],"curies":[{"name":"wp","href":"https:\/\/api.w.org\/{rel}","templated":true}]}}