{"id":25798,"date":"2016-01-26T16:45:34","date_gmt":"2016-01-26T21:45:34","guid":{"rendered":"http:\/\/contraluzcucuta.co\/?p=25798"},"modified":"2016-01-28T14:30:22","modified_gmt":"2016-01-28T19:30:22","slug":"medio-ambiente-fenomeno-de-el-nino-mantiene-la-alerta-en-el-area-metropolitana","status":"publish","type":"post","link":"https:\/\/contraluzcucuta.co\/?p=25798","title":{"rendered":"MEDIO AMBIENTE. Fen\u00f3meno de El Ni\u00f1o mantiene la alerta en el \u00c1rea Metropolitana"},"content":{"rendered":"<p><strong>C\u00daCUTA.-<\/strong> El bajo caudal del r\u00edo Pamplonita, ocasionado por el Fen\u00f3meno de El Ni\u00f1o, tiene alarmadas a las autoridades civiles y policiales del \u00c1rea Metropolitana. Mientras en Los Patios se dio continuidad a la alerta naranja y se decret\u00f3 el racionamiento, en C\u00facuta se pidi\u00f3 a la comunidad hacer uso racional del agua. Entre tanto, el Grupo \u00c9lite de la Polic\u00eda de Carabineros recorre la ribera para atacar las captaciones ilegales.<\/p>\n<p>Los bajos niveles del r\u00edo Pamplonita y las fuertes oleadas de calor llevaron al alcalde C\u00e9sar Rojas a afirmar que \u201cel agua, hoy por hoy, debe ser una prioridad de consumo humano\u201d. Orden\u00f3 a la Secretar\u00eda de Gobierno inspeccionar los lavaderos de veh\u00edculos y verificando que el agua sea extra\u00edda de pozos subterr\u00e1neos.<\/p>\n<p>Pidi\u00f3 a los cucute\u00f1os no derrochar el l\u00edquido, cerrar la llave mientras se cepillan los dientes, no demorar en la ducha y no lavar las viviendas. El objetivo es sensibilizar a la comunidad frente al uso racional del agua para que tomen conciencia ante la grave situaci\u00f3n ambiental.<\/p>\n<p>El Consejo de Gesti\u00f3n del Riesgo de Desastres de Los Patios acord\u00f3 dar continuidad a la\u00a0 alerta naranja, emitida mediante el Decreto 090 de 2015, y declar\u00f3\u00a0 el inminente racionamiento en el municipio. En consecuencia, los acueductos p\u00fablicos y privados deben activar planes de contingencia y las entidades deben est\u00e1s prestas a dar respuesta inmediata a cualquier emergencia que ocurra con el desabastecimiento de agua e incendios forestales.<\/p>\n<p>La Secretar\u00eda para la Gesti\u00f3n del Riesgo de Desastres y Medio Ambiente llam\u00f3 a los patienses a:<\/p>\n<p>1.- Utilizar el agua \u00fanica y exclusivamente para consumo humano<\/p>\n<p>2.- No utilizar la Quebrada La Honda y el r\u00edo Pamplonita para ba\u00f1o y lavado de veh\u00edculos y semovientes.<\/p>\n<p>3.- No efectuar quemas a cielo abierto ni controladas en las zonas rural y urbana<\/p>\n<p>4.- No construcci\u00f3n ni utiliza barreras o cualquier otro m\u00e9todo que impida el normal discurrir de los cauces de agua<\/p>\n<p>La Polic\u00eda Metropolitana de C\u00facuta (Mecuc) se declar\u00f3 en alerta en la zona de frontera y activ\u00f3 un \u2018Grupo \u00c9lite de la Polic\u00eda de Carabineros\u2019, que recorre tramo a tramo la ribera del Pamplonita.<\/p>\n<p>En la alianza que se tiene con la Corporaci\u00f3n Aut\u00f3noma Regional de la Frontera Nororiental (Corponor), los uniformados recorren a caballo los costados del r\u00edo para inspeccionar el recorrido normal del cauce y detectar si residentes de las zonas rurales han procedido a la desviaci\u00f3n ilegal para los cultivos agr\u00edcolas.<\/p>\n<p>Los controles se mantienen de manera permanente para aplicar a los infractores sorprendidos en flagrancia, las acciones administrativas y penales.<\/p>\n<p><strong>Foto: PRENSA MECUC<\/strong><\/p>\n<p>&nbsp;<\/p>\n<p>&nbsp; <\/p>\n","protected":false},"excerpt":{"rendered":"<p>C\u00daCUTA.- El bajo caudal del r\u00edo Pamplonita, ocasionado por el Fen\u00f3meno de El Ni\u00f1o, tiene alarmadas a las autoridades civiles y policiales del \u00c1rea Metropolitana. Mientras en Los Patios se dio continuidad a la alerta naranja y se decret\u00f3 el racionamiento, en C\u00facuta se pidi\u00f3 a la comunidad hacer uso racional del agua. Entre tanto, &hellip;<\/p>\n","protected":false},"author":1,"featured_media":25799,"comment_status":"open","ping_status":"open","sticky":false,"template":"","format":"standard","meta":{"footnotes":""},"categories":[556,347,32],"tags":[493,560,689,40,2689],"class_list":["post-25798","post","type-post","status-publish","format-standard","has-post-thumbnail","hentry","category-departamento","category-medio-ambiente","category-recorrido-por-la-region","tag-corponor","tag-medio-ambiente-2","tag-policia-de-carabineros","tag-rio-pamplonita","tag-secretaria-para-la-gestion-del-riesgo"],"_links":{"self":[{"href":"https:\/\/contraluzcucuta.co\/index.php?rest_route=\/wp\/v2\/posts\/25798","targetHints":{"allow":["GET"]}}],"collection":[{"href":"https:\/\/contraluzcucuta.co\/index.php?rest_route=\/wp\/v2\/posts"}],"about":[{"href":"https:\/\/contraluzcucuta.co\/index.php?rest_route=\/wp\/v2\/types\/post"}],"author":[{"embeddable":true,"href":"https:\/\/contraluzcucuta.co\/index.php?rest_route=\/wp\/v2\/users\/1"}],"replies":[{"embeddable":true,"href":"https:\/\/contraluzcucuta.co\/index.php?rest_route=%2Fwp%2Fv2%2Fcomments&post=25798"}],"version-history":[{"count":1,"href":"https:\/\/contraluzcucuta.co\/index.php?rest_route=\/wp\/v2\/posts\/25798\/revisions"}],"predecessor-version":[{"id":25800,"href":"https:\/\/contraluzcucuta.co\/index.php?rest_route=\/wp\/v2\/posts\/25798\/revisions\/25800"}],"wp:featuredmedia":[{"embeddable":true,"href":"https:\/\/contraluzcucuta.co\/index.php?rest_route=\/wp\/v2\/media\/25799"}],"wp:attachment":[{"href":"https:\/\/contraluzcucuta.co\/index.php?rest_route=%2Fwp%2Fv2%2Fmedia&parent=25798"}],"wp:term":[{"taxonomy":"category","embeddable":true,"href":"https:\/\/contraluzcucuta.co\/index.php?rest_route=%2Fwp%2Fv2%2Fcategories&post=25798"},{"taxonomy":"post_tag","embeddable":true,"href":"https:\/\/contraluzcucuta.co\/index.php?rest_route=%2Fwp%2Fv2%2Ftags&post=25798"}],"curies":[{"name":"wp","href":"https:\/\/api.w.org\/{rel}","templated":true}]}}