{"id":25794,"date":"2016-01-26T16:35:56","date_gmt":"2016-01-26T21:35:56","guid":{"rendered":"http:\/\/contraluzcucuta.co\/?p=25794"},"modified":"2016-01-26T16:35:56","modified_gmt":"2016-01-26T21:35:56","slug":"cucuta-deportivo-real-santander-primer-rival-de-los-motilones-en-la-b","status":"publish","type":"post","link":"https:\/\/contraluzcucuta.co\/?p=25794","title":{"rendered":"C\u00daCUTA DEPORTIVO. Real Santander, primer rival de los motilones en la B"},"content":{"rendered":"<p><strong>C\u00daCUTA.-<\/strong> El C\u00facuta Deportivo se estrenar\u00e1 en la segunda divisi\u00f3n del f\u00fatbol profesional colombiano, el 13 de febrero, contra Real Santander. La nueva versi\u00f3n del otrora Cl\u00e1sico del Oriente ser\u00e1 en calidad de visitante para cuadro rojinegro. Las expectativas son pocas entre los aficionados motilones, dados los momentos que afronta la instituci\u00f3n.<\/p>\n<p>El equipo, dirigido por Miguel Augusto Prince, hace la pretemporada en M\u00e9rida (Venezuela). Para el oca\u00f1ero es el cumplimiento de uno de los sue\u00f1os deportivos que por siempre atesor\u00f3. Ahora, llega para estar al frente del once fronterizo en la categor\u00eda B, a la que descendi\u00f3 luego de la desastrosa presentaci\u00f3n en el 2015.<\/p>\n<p>Las relaciones entre hinchas y directivos no terminaron bien el a\u00f1o. Los aficionados se alejaron de las tribunas en el segundo semestre en actitud de rechazo a las decisiones tomadas por el presidente Jos\u00e9 Augusto Cadena. Para este torneo las ilusiones son pocas y los optimistas apuestan a que el cuadro local volver\u00e1 a la A dentro de dos temporadas.<\/p>\n<p>A comienzos de a\u00f1o fue necesaria la intervenci\u00f3n de la Gobernaci\u00f3n y la Alcald\u00eda de C\u00facuta para buscar el di\u00e1logo con Cadena y hacerlo entender que la ciudad necesita el equipo. El directivo, luego de tasar en 10 millones de d\u00f3lares el valor de sus acciones, apret\u00f3 los dientes y acept\u00f3 las propuestas oficiales. Como garante de los pactos actu\u00f3 el presidente de la Dimayor.<\/p>\n<p>Hasta ahora, el profesor Prince trabaja con los siguientes jugadores:<\/p>\n<p><strong>Arqueros:<\/strong> Miguel Vargas, Sergio Avellaneda, y Diego Mart\u00ednez.<\/p>\n<p><strong>Defensas:<\/strong> John Garc\u00eda, V\u00edctor Asprilla, Jonathan P\u00e9rez, Jos\u00e9 Ram\u00edrez, Elkin Mosquera, Sergio Guerrero, Jos\u00e9 Mondrag\u00f3n, Mauricio Duarte, Jerson G\u00f3ngora y Argenis Alba.<\/p>\n<p><strong>Mediocampistas<\/strong>: Darwin Carrero, James Castro, Brayan Lucum\u00ed, Kenner Rey, Johan Valencia, Jonathan Chac\u00f3n, Junior Rangel y Dylar Beitar.<\/p>\n<p><strong>Atacantes<\/strong>: Oscar Caicedo, Arley Bonilla, Camilo Rosero, Jonathan Palacios, Jefferson Solano y Santiago Villegas.<\/p>\n<p>El calendario del C\u00facuta Deportivo para el primer semestre es el siguiente:<\/p>\n<p><strong>13 de febrero<\/strong><\/p>\n<p>Real Santander &#8211; C\u00facuta<\/p>\n<p><strong>20 de febrero<\/strong><\/p>\n<p>C\u00facuta &#8211; U. Popay\u00e1n<\/p>\n<p><strong>27 de febrero<\/strong><\/p>\n<p>Llaneros FC &#8211; C\u00facuta<\/p>\n<p><strong>5 de marzo<\/strong><\/p>\n<p>C\u00facuta &#8211; Tigres FC<\/p>\n<p><strong>12 de marzo<\/strong><\/p>\n<p>Quind\u00edo &#8211; C\u00facuta<\/p>\n<p><strong>19 de marzo<\/strong><\/p>\n<p>C\u00facuta &#8211; Real Cartagena<\/p>\n<p><strong>26 de marzo<\/strong><\/p>\n<ol>\n<li>Magdalena &#8211; C\u00facuta<\/li>\n<\/ol>\n<p><strong>2 de abril<\/strong><\/p>\n<p>Real Santander &#8211; C\u00facuta<\/p>\n<p><strong>9 de abril<\/strong><\/p>\n<p>C\u00facuta &#8211; \u00a0D\u00e9por FC<\/p>\n<p><strong>16 de abril<\/strong><\/p>\n<p>Orsomarso SC &#8211; C\u00facuta<\/p>\n<p><strong>23 de abril<\/strong><\/p>\n<p>C\u00facuta &#8211; Leones<\/p>\n<p><strong>30 de abril<\/strong><\/p>\n<p>Bogot\u00e1 FC &#8211; C\u00facuta<\/p>\n<p><strong>7 de mayo<\/strong><\/p>\n<p>C\u00facuta &#8211; Pereira<\/p>\n<p><strong>14 de mayo<\/strong><\/p>\n<p>Barranquilla FC &#8211; C\u00facuta<\/p>\n<p><strong>21 de mayo<\/strong><\/p>\n<p>C\u00facuta &#8211; Valledupar<\/p>\n<p><strong>28 de mayo<\/strong><\/p>\n<p>C\u00facuta &#8211; Am\u00e9rica<\/p>\n<p><strong>Foto: V\u00edctor Parra \u2013 Acord Norte de Santander<\/strong><\/p>\n<p>&nbsp; <\/p>\n","protected":false},"excerpt":{"rendered":"<p>C\u00daCUTA.- El C\u00facuta Deportivo se estrenar\u00e1 en la segunda divisi\u00f3n del f\u00fatbol profesional colombiano, el 13 de febrero, contra Real Santander. La nueva versi\u00f3n del otrora Cl\u00e1sico del Oriente ser\u00e1 en calidad de visitante para cuadro rojinegro. Las expectativas son pocas entre los aficionados motilones, dados los momentos que afronta la instituci\u00f3n. El equipo, dirigido &hellip;<\/p>\n","protected":false},"author":1,"featured_media":25796,"comment_status":"open","ping_status":"open","sticky":false,"template":"","format":"standard","meta":{"footnotes":""},"categories":[28],"tags":[2688,192,1396,2687,2686,1397,1098],"class_list":["post-25794","post","type-post","status-publish","format-standard","has-post-thumbnail","hentry","category-vistazo-deportivo","tag-nano-prince","tag-cucuta-deportivo","tag-dimayor","tag-division-mayor-del-futbol","tag-real-santander","tag-segunda-division","tag-torneo-de-la-b"],"_links":{"self":[{"href":"https:\/\/contraluzcucuta.co\/index.php?rest_route=\/wp\/v2\/posts\/25794","targetHints":{"allow":["GET"]}}],"collection":[{"href":"https:\/\/contraluzcucuta.co\/index.php?rest_route=\/wp\/v2\/posts"}],"about":[{"href":"https:\/\/contraluzcucuta.co\/index.php?rest_route=\/wp\/v2\/types\/post"}],"author":[{"embeddable":true,"href":"https:\/\/contraluzcucuta.co\/index.php?rest_route=\/wp\/v2\/users\/1"}],"replies":[{"embeddable":true,"href":"https:\/\/contraluzcucuta.co\/index.php?rest_route=%2Fwp%2Fv2%2Fcomments&post=25794"}],"version-history":[{"count":1,"href":"https:\/\/contraluzcucuta.co\/index.php?rest_route=\/wp\/v2\/posts\/25794\/revisions"}],"predecessor-version":[{"id":25797,"href":"https:\/\/contraluzcucuta.co\/index.php?rest_route=\/wp\/v2\/posts\/25794\/revisions\/25797"}],"wp:featuredmedia":[{"embeddable":true,"href":"https:\/\/contraluzcucuta.co\/index.php?rest_route=\/wp\/v2\/media\/25796"}],"wp:attachment":[{"href":"https:\/\/contraluzcucuta.co\/index.php?rest_route=%2Fwp%2Fv2%2Fmedia&parent=25794"}],"wp:term":[{"taxonomy":"category","embeddable":true,"href":"https:\/\/contraluzcucuta.co\/index.php?rest_route=%2Fwp%2Fv2%2Fcategories&post=25794"},{"taxonomy":"post_tag","embeddable":true,"href":"https:\/\/contraluzcucuta.co\/index.php?rest_route=%2Fwp%2Fv2%2Ftags&post=25794"}],"curies":[{"name":"wp","href":"https:\/\/api.w.org\/{rel}","templated":true}]}}