{"id":25788,"date":"2016-01-24T21:21:20","date_gmt":"2016-01-25T02:21:20","guid":{"rendered":"http:\/\/contraluzcucuta.co\/?p=25788"},"modified":"2016-01-26T22:04:56","modified_gmt":"2016-01-27T03:04:56","slug":"secretaria-de-victimas-hablar-de-paz-no-es-facil-luis-fernando-nino","status":"publish","type":"post","link":"https:\/\/contraluzcucuta.co\/?p=25788","title":{"rendered":"SECRETAR\u00cdA DE V\u00cdCTIMAS. \u201cHablar de paz no es f\u00e1cil\u201d: Luis Fernando Ni\u00f1o"},"content":{"rendered":"<p><strong>C\u00daCUTA.-<\/strong> Hablar de paz en este momento en el pa\u00eds no es f\u00e1cil. \u201cHay grupos que no quieren que hablemos de paz\u201d, dijo el secretario de V\u00edctimas de Norte de Santander, Luis Fernando Ni\u00f1o. Reiter\u00f3 que este asunto como que no le gusta a todo el mundo, y denunci\u00f3, aunque no entreg\u00f3 mayores precisiones, que \u201chemos recibido amenazas\u201d<\/p>\n<p>Las afirmaciones las hizo en la apertura del taller \u2018Construcci\u00f3n de paz y justicia transicional\u2019, en el que reuni\u00f3 a medio centenar de comunicadores y periodistas de C\u00facuta. \u201c\u00bfDe qu\u00e9 nos sirve tener v\u00edas pavimentadas si nos seguimos asesinando?\u201d, se pregunt\u00f3 el tambi\u00e9n comisionado regional de paz.<\/p>\n<p>En la exposici\u00f3n Ni\u00f1o advirti\u00f3 de la aparici\u00f3n pr\u00f3xima de falsos profetas que hablar\u00e1n de paz en el departamento para aprovechar la ocasi\u00f3n y sacarle partido al proceso de posconflicto que se avecina. \u201cHan llegado a la oficina 16 propuestas, de todo tipo, pidiendo plata para la paz\u201d, se\u00f1al\u00f3 el funcionario.<\/p>\n<p>Llam\u00f3 a tener cuidado con los que aparecer\u00e1n en los escenarios municipal y departamental y que van a comenzar a hablar de paz con motivos diferentes a la construcci\u00f3n de una verdadera paz. \u201cVan a aparecer muchos, en muchos escenarios, que van a hablar de paz con otros objetivos diferentes a los que verdaderamente se construyen\u201d.<\/p>\n<p>Manifest\u00f3 que no es f\u00e1cil pararse delante de las v\u00edctimas para hablar de paz. Record\u00f3 lo acontecido en La Playa, luego del bombardeo contra V\u00edctor Ram\u00f3n Navarro Serrano, alias \u2018Megateo\u2019. \u201cUstedes se podr\u00e1n imaginar c\u00f3mo la gente recibe a la Gobernaci\u00f3n para hablar de paz. La gente no cree en muchos pol\u00edticos, cree que es m\u00e1s de lo mismo\u201d.<\/p>\n<p>Luis Fernando Ni\u00f1o fue nombrado en el cargo por el gobernador Edgar D\u00edaz y por medio de decreto designado Comisionado de Paz. En la nueva administraci\u00f3n, William Villamizar lo ratific\u00f3. \u201cHemos quedado en la Mesa Nacional de Paz, que es la que le habla al o\u00eddo al Presidente sobre los procesos de paz\u201d.<\/p>\n<p>El grupo de trabajo est\u00e1 conformado al m\u00e1s alto nivel, destacan Paloma Valencia, por el Centro Democr\u00e1tico; Piedad C\u00f3rdoba, por Marcha Patri\u00f3tica; los exgobernadores Alan Jara (Meta) y Sergio Fajardo (Antioquia), y dos miembros de la CGT nacional. El Consejo Nacional de Paz lo conforman 65 miembros y son los que dan indicaciones al equipo negociador en La Habana.<\/p>\n<p>Las gobernaciones de Antioquia, Caquet\u00e1, Meta y Norte de Santander tienen puesto en la Mesa. La misi\u00f3n es hablarles a los restantes gobernadores y contarles en qu\u00e9 est\u00e1 el proceso. \u201cLa ventaja es que traemos la informaci\u00f3n directamente a Norte de Santander\u201d.<\/p>\n<p>En el departamento, la misi\u00f3n de la secretar\u00eda de V\u00edctimas y del Comisionado es construir la paz territorial. \u201cLa paz real es la que se construye en el territorio. Es la paz de la violencia intrafamiliar. Es la paz de los muertos que a diario se publican en los peri\u00f3dicos. Es la paz espiritual\u201d.<\/p>\n<p>La Secretar\u00eda se cre\u00f3 a partir de la Ley 1448, pero no es la que repara a las v\u00edctimas. En este momento se lucha por la continuaci\u00f3n en la Mesa, porque como cambiaron los gobernadores la Federaci\u00f3n debe escoger otros cuatro candidatos.<\/p>\n<p>\u201cMi misi\u00f3n en la Mesa ha sido priorizar a Norte de Santander, que tiene tres grupos armados, cinco bandas criminales, problemas con los deportados y los desplazados, pimpineros y la crisis social. Frente a eso, creo, nos ganamos un cupo obligado en la Mesa Nacional de Paz\u201d, dijo Luis Fernando Ni\u00f1o.<\/p>\n<p><strong>RAFAEL ANTONIO PAB\u00d3N<\/strong><\/p>\n<p><a href=\"mailto:rafaelpabon58@hotmail.cm\"><strong>rafaelpabon58@hotmail.cm<\/strong><\/a><\/p>\n<p><strong>Foto: PRENSA GOBERNACI\u00d3N<\/strong><\/p>\n<p><strong>\u00a0<\/strong> <\/p>\n","protected":false},"excerpt":{"rendered":"<p>C\u00daCUTA.- Hablar de paz en este momento en el pa\u00eds no es f\u00e1cil. \u201cHay grupos que no quieren que hablemos de paz\u201d, dijo el secretario de V\u00edctimas de Norte de Santander, Luis Fernando Ni\u00f1o. Reiter\u00f3 que este asunto como que no le gusta a todo el mundo, y denunci\u00f3, aunque no entreg\u00f3 mayores precisiones, que &hellip;<\/p>\n","protected":false},"author":1,"featured_media":25789,"comment_status":"open","ping_status":"open","sticky":false,"template":"","format":"standard","meta":{"footnotes":""},"categories":[556,2630,5,32],"tags":[2685,157,2683,2684,2682],"class_list":["post-25788","post","type-post","status-publish","format-standard","has-post-thumbnail","hentry","category-departamento","category-gobernacion","category-justicia-transicional","category-recorrido-por-la-region","tag-comisionado-regional-de-paz","tag-justicia-transicional-2","tag-luis-fernando-nino","tag-mesa-nacional-de-paz","tag-secretaria-de-victimas"],"_links":{"self":[{"href":"https:\/\/contraluzcucuta.co\/index.php?rest_route=\/wp\/v2\/posts\/25788","targetHints":{"allow":["GET"]}}],"collection":[{"href":"https:\/\/contraluzcucuta.co\/index.php?rest_route=\/wp\/v2\/posts"}],"about":[{"href":"https:\/\/contraluzcucuta.co\/index.php?rest_route=\/wp\/v2\/types\/post"}],"author":[{"embeddable":true,"href":"https:\/\/contraluzcucuta.co\/index.php?rest_route=\/wp\/v2\/users\/1"}],"replies":[{"embeddable":true,"href":"https:\/\/contraluzcucuta.co\/index.php?rest_route=%2Fwp%2Fv2%2Fcomments&post=25788"}],"version-history":[{"count":1,"href":"https:\/\/contraluzcucuta.co\/index.php?rest_route=\/wp\/v2\/posts\/25788\/revisions"}],"predecessor-version":[{"id":25790,"href":"https:\/\/contraluzcucuta.co\/index.php?rest_route=\/wp\/v2\/posts\/25788\/revisions\/25790"}],"wp:featuredmedia":[{"embeddable":true,"href":"https:\/\/contraluzcucuta.co\/index.php?rest_route=\/wp\/v2\/media\/25789"}],"wp:attachment":[{"href":"https:\/\/contraluzcucuta.co\/index.php?rest_route=%2Fwp%2Fv2%2Fmedia&parent=25788"}],"wp:term":[{"taxonomy":"category","embeddable":true,"href":"https:\/\/contraluzcucuta.co\/index.php?rest_route=%2Fwp%2Fv2%2Fcategories&post=25788"},{"taxonomy":"post_tag","embeddable":true,"href":"https:\/\/contraluzcucuta.co\/index.php?rest_route=%2Fwp%2Fv2%2Ftags&post=25788"}],"curies":[{"name":"wp","href":"https:\/\/api.w.org\/{rel}","templated":true}]}}