{"id":25785,"date":"2016-01-24T16:09:17","date_gmt":"2016-01-24T21:09:17","guid":{"rendered":"http:\/\/contraluzcucuta.co\/?p=25785"},"modified":"2016-01-28T19:39:43","modified_gmt":"2016-01-29T00:39:43","slug":"marta-lucia-mora-no-tengo-paz-perdoneme-senora-el-iguano","status":"publish","type":"post","link":"https:\/\/contraluzcucuta.co\/?p=25785","title":{"rendered":"MARTA LUC\u00cdA MORA. \u2018No tengo paz, perd\u00f3neme, se\u00f1ora\u2019: \u2018El Iguano\u2019"},"content":{"rendered":"<p><strong>C\u00daCUTA.-<\/strong> Marta se estremeci\u00f3 cuando escuch\u00f3 que le dec\u00edan al o\u00eddo \u2018No tengo paz, perd\u00f3neme, se\u00f1ora\u2019. La voz masculina son\u00f3 sincera, arrepentida. El hombre que se le acerc\u00f3 para hacer la confesi\u00f3n no era otro que <a href=\"http:\/\/www.verdadabierta.com\/victimarios\/660-perfil-jorge-ivan-laverde-zapata-alias-el-iguano\">Jorge Iv\u00e1n Laverde<\/a>, \u2018El Iguano\u2019, comandante de las autodefensas en C\u00facuta, a comienzos de siglo. Ocurri\u00f3 en la Fiscal\u00eda.<\/p>\n<p>Mucha gente ha querido hacerle borrar ese instante y ha intrigado para que dude de la sinceridad de la frase. La han llevado a meditar sobre lo expresado por el responsable de centenares de muertes en Norte de Santander, incluida la de su esposo. \u201cNo me importa que haya fingido, que lo haya hecho por el proceso\u201d que le adelantan las autoridades judiciales. Le interesa lo que sinti\u00f3 y el efecto que causaron esas palabras en su vida.<\/p>\n<p>Tuvo frente a frente al asesino de su marido y \u00a0se atrevi\u00f3 a pedirle perd\u00f3n. A abrazarla. A llorar. A decirle \u00a0que no tiene paz. Ese encuentro marc\u00f3 otra etapa de la vida de esta mujer que, a partir de ese instante, est\u00e1 dedicada a hablar del perd\u00f3n como sanaci\u00f3n.<\/p>\n<p>La historia de Marta Luc\u00eda Mora es una historia com\u00fan. Hace 15 a\u00f1os, le pusieron el remoquete de \u2018<a href=\"https:\/\/contraluzcucuta.co\/articulos\/victimas-del-conflicto-norte-de-santander-sin-memoria-historica\/\">v\u00edctima del conflicto<\/a>\u2019 y as\u00ed comparte sus d\u00edas. Desde el 2000, es viuda. Los paramilitares, entre tanta gente que asesinaron, mataron a su esposo en la ciudadela Juan Atalaya. \u201cQued\u00e9 con mis dos hijos, de 4 y 6 a\u00f1os. De ah\u00ed me desplazaron para Villa del Rosario, donde comenc\u00e9 la vida desde cero\u201d.<\/p>\n<p>De ni\u00f1a ha cultivado el don de la poes\u00eda. Lleva muchos a\u00f1os metida entre los versos, que guarda con recelo, y los ha dedicado a diversos contenidos. La \u00faltima d\u00e9cada y media ha tenido como inspiraci\u00f3n la guerra, la paz, el perd\u00f3n, el olvido, el conflicto, las v\u00edctimas, el renacer, la reconciliaci\u00f3n, las experiencias propias y ajenas, la vida y la muerte.<\/p>\n<p>\u2018Asesino\u2019 es la composici\u00f3n que tiene como centro a \u2018El Iguano\u2019. Lo cre\u00f3 para el hombre que predetermin\u00f3 su suerte al dejarla sola con dos hijos, sin el amparo del marido. La poes\u00eda la ha ayudado a sanar. Expresa en palabras los sentimientos y despu\u00e9s lee lo escrito para reflexionar, analizar y comprender. As\u00ed, puede proyectar y compartir con \u00a0otros seres humanos\u00a0 eso que lleva por dentro.<\/p>\n<p>Son 150 poemas escritos y tiene la ilusi\u00f3n de verlos publicados en un libro, aunque ha encontrado escollos. \u201cEn la Gobernaci\u00f3n dicen que no hay dinero, pero tengo fe\u201d. \u2018Perd\u00f3n y arrepentimiento\u2019 es el otro poema dedicado a Iv\u00e1n Laverde. \u2018La viuda\u2019, dedicado a su dolor; \u2018Absorta\u2019, que marc\u00f3 la etapa de perd\u00f3n; \u2018Una vida sin tregua\u2019, \u2018Salirnos de la guerra\u2019, \u2018Hay esperanza\u2019, son algunos de los trabajos.<\/p>\n<p>Luego de enviudar, Marta qued\u00f3 sin amparo, sin casa, sin nada. Busc\u00f3 trabajo en San Antonio del T\u00e1chira (Venezuela) y encontr\u00f3 oficio en algunos restaurantes. Para sobrevivir lav\u00f3 ropa ajena y desempe\u00f1\u00f3 otras labores, todo por los dos muchachos que le quedaron.<\/p>\n<p>La muerte del esposo le despert\u00f3 el resentimiento y la rabia. \u201cMe parec\u00eda que era una injusticia conmigo, me parec\u00eda que Dios estaba siendo injusto\u201d. Descarg\u00f3 esas energ\u00edas en la poes\u00eda y escribi\u00f3 todo aquello que se le ocurr\u00eda. Compuso poemas protesta, sobre la rabia, el dolor, las humillaciones. \u201cHe sido apegada a Dios en la oraci\u00f3n, as\u00ed sea para pelear o para reclamarle\u201d.<\/p>\n<p>El resultado de las conversaciones con Dios es la orientaci\u00f3n recibida para alzar los ojos y mirar que hab\u00eda otros seres humanos que arrastraban tragedias peores y viv\u00edan situaciones peores. \u201cMe fui haciendo sensible de esas historias y transform\u00e1ndolas en poes\u00eda\u201d. Hizo amigos, comparti\u00f3 momentos y busc\u00f3 la manera de cambiar esa vida.<\/p>\n<p>Comprendi\u00f3 que el dolor de las v\u00edctimas es com\u00fan, y est\u00e1 representado en uno, tres, cinco, diez muertos. Y los tocaba a todos en medio de la soledad, con resentimiento y desesperanza. \u201cMe di a la tarea de pensar c\u00f3mo ayudarlos a salir adelante, a que boten lo que tienen adentro, porque nos hace da\u00f1o\u201d.<\/p>\n<p>Les llev\u00f3 el mensaje convertido en poes\u00eda, encuentros, palabras, abrazos, fortaleza. \u201cEse ha sido el enlace que he tenido con las v\u00edctimas durante 15 a\u00f1os de historia\u201d. En ese tiempo ha participado en reuniones en Bogot\u00e1, Meta, Bucaramanga y otros lugares del pa\u00eds. Decidi\u00f3 que compartir la experiencia ser\u00eda una misi\u00f3n de vida.<\/p>\n<p>La OEA la ayud\u00f3 y le recomend\u00f3 que formara una fundaci\u00f3n. \u201cMe dieron casa en Villa del Rosario, donde tengo el Centro de Reconciliaci\u00f3n y Paz\u201d. Ah\u00ed trabaja con j\u00f3venes y por medio de la literatura, la pintura, la danza y la poes\u00eda se los arrebata a la guerra. \u201cHay mucha gente que se ha trasformado y ha cambiado su mundo. Ahora, ve un horizonte nuevo\u201d.<\/p>\n<p>Est\u00e1 segura, porque as\u00ed se lo dicta el coraz\u00f3n, de que cuando cada v\u00edctima sane y extirpe ese c\u00e1ncer de odio que arrastra volver\u00e1 a vivir. Le agrada ver a cada madre de los j\u00f3venes que comparten en la fundaci\u00f3n, \u00a0\u00a0sonrientes, sanas, con visi\u00f3n de futuro, mientras los ayudan a alcanzar los objetivos. \u201cEse es el logro de mi fundaci\u00f3n. Por eso me he dado a la tarea de hacerla visible\u201d.<\/p>\n<p>En la fundaci\u00f3n hay v\u00edctimas y reinsertados, trabajan por la reconciliaci\u00f3n. No hay diferencia. Cuando conozco la historia puedo tocar la otra parte del ser humano. Me creen y trabajamos juntos\u201d.<\/p>\n<p><strong>RAFAEL ANTONIO PAB\u00d3N<\/strong><\/p>\n<p><strong><a href=\"mailto:rafaelpabon58@hotmail.com\">rafaelpabon58@hotmail.com<\/a><\/strong><\/p>\n<p><strong>Foto: Omar El\u00edas Laguado<\/strong><\/p>\n<p>&nbsp; <\/p>\n","protected":false},"excerpt":{"rendered":"<p>C\u00daCUTA.- Marta se estremeci\u00f3 cuando escuch\u00f3 que le dec\u00edan al o\u00eddo \u2018No tengo paz, perd\u00f3neme, se\u00f1ora\u2019. La voz masculina son\u00f3 sincera, arrepentida. El hombre que se le acerc\u00f3 para hacer la confesi\u00f3n no era otro que Jorge Iv\u00e1n Laverde, \u2018El Iguano\u2019, comandante de las autodefensas en C\u00facuta, a comienzos de siglo. Ocurri\u00f3 en la Fiscal\u00eda. &hellip;<\/p>\n","protected":false},"author":1,"featured_media":25786,"comment_status":"open","ping_status":"open","sticky":false,"template":"","format":"standard","meta":{"footnotes":""},"categories":[74,10,5,36,9],"tags":[1092,2681,749,1535],"class_list":["post-25785","post","type-post","status-publish","format-standard","has-post-thumbnail","hentry","category-aula-universitaria","category-cronicas","category-justicia-transicional","category-la-voz-del-pueblo","category-politica","tag-el-iguano","tag-jorge-ivan-laverde","tag-justicia-trtansicional","tag-victimas-del-conflicto-armado"],"_links":{"self":[{"href":"https:\/\/contraluzcucuta.co\/index.php?rest_route=\/wp\/v2\/posts\/25785","targetHints":{"allow":["GET"]}}],"collection":[{"href":"https:\/\/contraluzcucuta.co\/index.php?rest_route=\/wp\/v2\/posts"}],"about":[{"href":"https:\/\/contraluzcucuta.co\/index.php?rest_route=\/wp\/v2\/types\/post"}],"author":[{"embeddable":true,"href":"https:\/\/contraluzcucuta.co\/index.php?rest_route=\/wp\/v2\/users\/1"}],"replies":[{"embeddable":true,"href":"https:\/\/contraluzcucuta.co\/index.php?rest_route=%2Fwp%2Fv2%2Fcomments&post=25785"}],"version-history":[{"count":1,"href":"https:\/\/contraluzcucuta.co\/index.php?rest_route=\/wp\/v2\/posts\/25785\/revisions"}],"predecessor-version":[{"id":25787,"href":"https:\/\/contraluzcucuta.co\/index.php?rest_route=\/wp\/v2\/posts\/25785\/revisions\/25787"}],"wp:featuredmedia":[{"embeddable":true,"href":"https:\/\/contraluzcucuta.co\/index.php?rest_route=\/wp\/v2\/media\/25786"}],"wp:attachment":[{"href":"https:\/\/contraluzcucuta.co\/index.php?rest_route=%2Fwp%2Fv2%2Fmedia&parent=25785"}],"wp:term":[{"taxonomy":"category","embeddable":true,"href":"https:\/\/contraluzcucuta.co\/index.php?rest_route=%2Fwp%2Fv2%2Fcategories&post=25785"},{"taxonomy":"post_tag","embeddable":true,"href":"https:\/\/contraluzcucuta.co\/index.php?rest_route=%2Fwp%2Fv2%2Ftags&post=25785"}],"curies":[{"name":"wp","href":"https:\/\/api.w.org\/{rel}","templated":true}]}}