{"id":25783,"date":"2016-01-24T13:50:27","date_gmt":"2016-01-24T18:50:27","guid":{"rendered":"http:\/\/contraluzcucuta.co\/?p=25783"},"modified":"2016-01-26T21:20:47","modified_gmt":"2016-01-27T02:20:47","slug":"plaza-de-ferias-la-recuperacion-costaria-30-000-millones","status":"publish","type":"post","link":"https:\/\/contraluzcucuta.co\/?p=25783","title":{"rendered":"PLAZA DE FERIAS. La recuperaci\u00f3n costar\u00eda $ 30.000 millones"},"content":{"rendered":"<p><strong>C\u00daCUTA.-<\/strong> Las malas administraciones, la falta de inter\u00e9s por parte del gobierno de Norte de Santander y los comportamientos no santos en el recinto llevaron, hace a\u00f1os, al cierre de la <a href=\"https:\/\/contraluzcucuta.co\/articulos\/plaza-de-ferias-mariano-ospina-perez-vive-para-el-recuerdo\/\">Plaza de Ferias y Exposici\u00f3n<\/a> \u2018Mariano Ospina P\u00e9rez\u2019. A\u00f1os despu\u00e9s, el deterioro f\u00edsico y el abandono al que se someti\u00f3 motivaron la declaraci\u00f3n de liquidaci\u00f3n de la corporaci\u00f3n.<\/p>\n<p>En enero de 2010, el gobernador William Villamizar nombr\u00f3 gerente liquidador a Alberto Z\u00e1rate. El trabajo dur\u00f3 a\u00f1o y medio, y los informes reposan en los despachos de la administraci\u00f3n departamental. En ese entonces el aval\u00fao de los 30.000 metros cuadrados que componen el complejo ferial era de $ 12.000 millones, de acuerdo con el concepto de la Lonja de Propiedad Ra\u00edz.<\/p>\n<p>Ahora, el centro de encuentro de ganaderos, aficionados a los toros y amantes de las ferias, tendr\u00e1 una segunda oportunidad. La Gobernaci\u00f3n y la Alcald\u00eda se unir\u00e1n para desarrollar un proyecto de restauraci\u00f3n con la inversi\u00f3n de $ 30.000 millones. En la d\u00e9cada de los 50 la obra sirvi\u00f3 para rendirle homenaje al expresidente Ospina P\u00e9rez.<\/p>\n<p>La Asamblea de Norte de Santander, luego de debatir la situaci\u00f3n de la Corporaci\u00f3n de Ferias y Exposiciones, orden\u00f3 liquidar el instituto descentralizado. Z\u00e1rate, en cumplimiento de las funciones asignadas, disolvi\u00f3 el establecimiento p\u00fablico, que ten\u00eda al servicio 26 servidores, unos en carrera administrativa, otros de libre remoci\u00f3n y nombramiento.<\/p>\n<p>La principal funci\u00f3n era el pesaje del ganado, all\u00ed llegaban las reses del departamento; el cuidado de caballos en los establos, negocios particulares y hasta una taberna. Los locales comerciales no pagaron los c\u00e1nones de arrendamiento. En el lote fue construida la plaza de toros \u2018San Jos\u00e9 de C\u00facuta\u2019.<\/p>\n<p>La gente se acostumbr\u00f3 a utilizar el recinto, pero no pagaba por los servicios. En cierto momento no hubo dinero para cubrir los gastos de agua, luz y tel\u00e9fono, ni para la n\u00f3mina de empleados. La Corporaci\u00f3n se hizo insostenible, desde el punto de vista financiero, y quebr\u00f3. A los gerentes les falt\u00f3 responsabilidad para hacer valer el cargo.<\/p>\n<p>Todo esto ocurri\u00f3, no obstante ser un establecimiento departamental con autonom\u00eda econ\u00f3mica, financiera, presupuesto propio, que no supo ser manejada con eficiencia para evitar el fracaso. Los responsables son muchos y la \u00fanica opci\u00f3n a la vista fue la declaratoria de liquidaci\u00f3n. Las expectativas de supervivencia eran escasas, los activos se deterioraron, no hab\u00eda equipos, el abandono era latiente.<\/p>\n<p>En julio de 2011, concluy\u00f3 el trabajo del gerente liquidador. Desde entonces han pasado cuatro a\u00f1os y medio para volver a hablar de la Corporaci\u00f3n Plaza de Ferias. De nuevo William Villamizar aparece en escena, y en esta ocasi\u00f3n para rescatarla. \u201cQueremos que en este sitio se vuelvan a organizar eventos especiales, corridas de toros, exposiciones de ganado vacuno y equino\u201d.<\/p>\n<p>Los documentos le dan la raz\u00f3n, porque constatan que el lote es un activo de la Gobernaci\u00f3n y no de la Corporaci\u00f3n. En aquella oportunidad no se pudo poner en venta, porque la Gobernaci\u00f3n es la due\u00f1a del lote. \u201cHay que decirles a los nortesantandereanos que la Plaza de Ferias es propiedad del departamento y que nunca se vendi\u00f3, como se ha especulado desde hace un tiempo. Ahora, en alianza con la Alcald\u00eda, vamos a recuperarla para contar con un imponente centro ferial\u201d, dijo Villamizar Laguado.<\/p>\n<p>El departamento y la ciudad no cuentan con este tipo de escenarios. Los gobiernos departamental y municipal unen fuerzas y recursos para construir el coliseo que albergue las ferias y un galp\u00f3n, similar a Interferias o Cenfer (Santander),\u00a0 que permita el desarrollo de actividades que sirvan para\u00a0 reactivar la econom\u00eda de la ciudad.<\/p>\n<p>El gobernador Villamizar Laguado y el alcalde C\u00e9sar Rojas recorrieron el inmueble para revisar el estado de la infraestructura y el terreno. \u00a0Las dos administraciones buscar\u00e1n las partidas, previo a la formulaci\u00f3n del proyecto, que se estima cueste\u00a0 $30.000 millones.<\/p>\n<p><strong>RAFAEL ANTONIO PAB\u00d3N<\/strong><\/p>\n<p><a href=\"mailto:rafaelpabon58@hotmail.com\"><strong>rafaelpabon58@hotmail.com<\/strong><\/a><\/p>\n<p><strong>Con apoyo de Prensa de la Gobernaci\u00f3n<\/strong><\/p>\n<p><strong>Foto: Archivo <a href=\"http:\/\/www.contraluzcucuta.co\">www.contraluzcucuta.co<\/a><\/strong><\/p>\n<p><strong>\u00a0<\/strong> <\/p>\n","protected":false},"excerpt":{"rendered":"<p>C\u00daCUTA.- Las malas administraciones, la falta de inter\u00e9s por parte del gobierno de Norte de Santander y los comportamientos no santos en el recinto llevaron, hace a\u00f1os, al cierre de la Plaza de Ferias y Exposici\u00f3n \u2018Mariano Ospina P\u00e9rez\u2019. A\u00f1os despu\u00e9s, el deterioro f\u00edsico y el abandono al que se someti\u00f3 motivaron la declaraci\u00f3n de &hellip;<\/p>\n","protected":false},"author":1,"featured_media":25780,"comment_status":"open","ping_status":"open","sticky":false,"template":"","format":"standard","meta":{"footnotes":""},"categories":[2630,6],"tags":[226,379,640,2680],"class_list":["post-25783","post","type-post","status-publish","format-standard","has-post-thumbnail","hentry","category-gobernacion","category-ojo-avizor","tag-alcaldia-de-cucuta","tag-gobernacion-de-norte-de-santander","tag-plaza-de-ferias-de-cucuta","tag-plaza-de-ferias-mariano-ospina-perez"],"_links":{"self":[{"href":"https:\/\/contraluzcucuta.co\/index.php?rest_route=\/wp\/v2\/posts\/25783","targetHints":{"allow":["GET"]}}],"collection":[{"href":"https:\/\/contraluzcucuta.co\/index.php?rest_route=\/wp\/v2\/posts"}],"about":[{"href":"https:\/\/contraluzcucuta.co\/index.php?rest_route=\/wp\/v2\/types\/post"}],"author":[{"embeddable":true,"href":"https:\/\/contraluzcucuta.co\/index.php?rest_route=\/wp\/v2\/users\/1"}],"replies":[{"embeddable":true,"href":"https:\/\/contraluzcucuta.co\/index.php?rest_route=%2Fwp%2Fv2%2Fcomments&post=25783"}],"version-history":[{"count":1,"href":"https:\/\/contraluzcucuta.co\/index.php?rest_route=\/wp\/v2\/posts\/25783\/revisions"}],"predecessor-version":[{"id":25784,"href":"https:\/\/contraluzcucuta.co\/index.php?rest_route=\/wp\/v2\/posts\/25783\/revisions\/25784"}],"wp:featuredmedia":[{"embeddable":true,"href":"https:\/\/contraluzcucuta.co\/index.php?rest_route=\/wp\/v2\/media\/25780"}],"wp:attachment":[{"href":"https:\/\/contraluzcucuta.co\/index.php?rest_route=%2Fwp%2Fv2%2Fmedia&parent=25783"}],"wp:term":[{"taxonomy":"category","embeddable":true,"href":"https:\/\/contraluzcucuta.co\/index.php?rest_route=%2Fwp%2Fv2%2Fcategories&post=25783"},{"taxonomy":"post_tag","embeddable":true,"href":"https:\/\/contraluzcucuta.co\/index.php?rest_route=%2Fwp%2Fv2%2Ftags&post=25783"}],"curies":[{"name":"wp","href":"https:\/\/api.w.org\/{rel}","templated":true}]}}