{"id":25775,"date":"2016-01-24T13:18:32","date_gmt":"2016-01-24T18:18:32","guid":{"rendered":"http:\/\/contraluzcucuta.co\/?p=25775"},"modified":"2016-01-26T16:58:03","modified_gmt":"2016-01-26T21:58:03","slug":"evaluacion-comerciantes-tuvieron-buen-desempeno-con-exencion-del-iva","status":"publish","type":"post","link":"https:\/\/contraluzcucuta.co\/?p=25775","title":{"rendered":"EVALUACI\u00d3N. Comerciantes tuvieron buen desempe\u00f1o con exenci\u00f3n del IVA"},"content":{"rendered":"<p><strong>C\u00daCUTA.-<\/strong> A los comerciantes cucute\u00f1os los salv\u00f3 la medida de excepci\u00f3n que decret\u00f3 el Gobierno para la zona de frontera a ra\u00edz del cierre de frontera. El no cobro del IVA en algunos productos favoreci\u00f3 el movimiento de las cajas registradoras en los sectores incluidos en la disposici\u00f3n oficial. Desde Bogot\u00e1 se determin\u00f3 que entre octubre y diciembre de 2015 no se aplicara el impuesto.<\/p>\n<p>El 51 por ciento de los comerciantes, al culminar el a\u00f1o, tuvieron un desempe\u00f1o econ\u00f3mico muy bueno. La cifra corresponde a los resultados de la evaluaci\u00f3n cualitativa anual de Fenalco en el gremio. Para el 49 por ciento el desempe\u00f1o fue regular.<\/p>\n<p>La investigaci\u00f3n de la Federaci\u00f3n Nacional de Comerciantes \u00a0concluy\u00f3 que si no se hubiera dado el beneficio del IVA,\u00a0 el resultado no hubiera sido positivo. Tambi\u00e9n, se estableci\u00f3 que los sectores que no recibieron la exenci\u00f3n, entre los que destaca\u00a0\u00a0 el hotelero,\u00a0\u00a0 no pudieron cumplir con las metas proyectadas para el a\u00f1o.<\/p>\n<p>Entre las respuestas de los comerciantes destacan:<\/p>\n<p>1.- El 33 por ciento contest\u00f3 que el buen resultado de las vetas obedeci\u00f3 a la exenci\u00f3n del IVA.<\/p>\n<p>2.- El 52 por ciento se benefici\u00f3 con el cierre de la frontera<\/p>\n<p>3.- El 48 por ciento se vio perjudicado por el cierre fronterizo.<\/p>\n<p>4.- Para el 50 por ciento el crecimiento en el a\u00f1o fue \u00a0del 10 al 20 por ciento.<\/p>\n<p>5.- Para \u00a0\u00a0\u00a030 por ciento el crecimiento estuvo entre el 20 y 30 por ciento<\/p>\n<p>6.- Solo el 10 por ciento\u00a0\u00a0 manifest\u00f3 que el crecimiento fue superior al 30 por ciento.<\/p>\n<p>7.- El sector automotor vio decrecer los ingresos.<\/p>\n<p>8.- Pocos crecieron en menos del 10 por ciento, al compararse con el 2014.<\/p>\n<p>\u201cEl an\u00e1lisis que el gremio hace de estos resultados, es que definitivamente si era necesario el alivio que otorg\u00f3 el Gobierno\u201d, dijo la directora ejecutiva de Fenalco, Gladys Navarro. Reiter\u00f3 que se debe solicitar mayor presencia en la regi\u00f3n y que las ayudas tengan mayor alcance para que los empresarios mantengan los puestos de trabajo.<\/p>\n<p>\u201cSe hacen necesario unos alivios tributarios locales\u00a0 que les permitan cumplir con las obligaciones,\u00a0 en especial con la cartera vencida\u00a0 en el impuesto predial, dada la incapacidad de algunos de pagar este impuesto que se creci\u00f3 abruptamente\u00a0 en m\u00e1s del 247 por ciento\u201d, se\u00f1al\u00f3 la vocera gremial.<\/p>\n<p><strong>Foto: <\/strong><a href=\"http:\/\/www.contraluzcucuta.co\"><strong>www.contraluzcucuta.co<\/strong><\/a><\/p>\n<p>&nbsp;<\/p>\n<p>&nbsp; <\/p>\n","protected":false},"excerpt":{"rendered":"<p>C\u00daCUTA.- A los comerciantes cucute\u00f1os los salv\u00f3 la medida de excepci\u00f3n que decret\u00f3 el Gobierno para la zona de frontera a ra\u00edz del cierre de frontera. El no cobro del IVA en algunos productos favoreci\u00f3 el movimiento de las cajas registradoras en los sectores incluidos en la disposici\u00f3n oficial. Desde Bogot\u00e1 se determin\u00f3 que entre &hellip;<\/p>\n","protected":false},"author":1,"featured_media":25776,"comment_status":"open","ping_status":"open","sticky":false,"template":"","format":"standard","meta":{"footnotes":""},"categories":[541,36],"tags":[1357,2678,2679,378],"class_list":["post-25775","post","type-post","status-publish","format-standard","has-post-thumbnail","hentry","category-ciudad","category-la-voz-del-pueblo","tag-carta-de-fenalco","tag-comerciantes-de-cucuta","tag-exencion-del-iva","tag-fenalco"],"_links":{"self":[{"href":"https:\/\/contraluzcucuta.co\/index.php?rest_route=\/wp\/v2\/posts\/25775","targetHints":{"allow":["GET"]}}],"collection":[{"href":"https:\/\/contraluzcucuta.co\/index.php?rest_route=\/wp\/v2\/posts"}],"about":[{"href":"https:\/\/contraluzcucuta.co\/index.php?rest_route=\/wp\/v2\/types\/post"}],"author":[{"embeddable":true,"href":"https:\/\/contraluzcucuta.co\/index.php?rest_route=\/wp\/v2\/users\/1"}],"replies":[{"embeddable":true,"href":"https:\/\/contraluzcucuta.co\/index.php?rest_route=%2Fwp%2Fv2%2Fcomments&post=25775"}],"version-history":[{"count":1,"href":"https:\/\/contraluzcucuta.co\/index.php?rest_route=\/wp\/v2\/posts\/25775\/revisions"}],"predecessor-version":[{"id":25777,"href":"https:\/\/contraluzcucuta.co\/index.php?rest_route=\/wp\/v2\/posts\/25775\/revisions\/25777"}],"wp:featuredmedia":[{"embeddable":true,"href":"https:\/\/contraluzcucuta.co\/index.php?rest_route=\/wp\/v2\/media\/25776"}],"wp:attachment":[{"href":"https:\/\/contraluzcucuta.co\/index.php?rest_route=%2Fwp%2Fv2%2Fmedia&parent=25775"}],"wp:term":[{"taxonomy":"category","embeddable":true,"href":"https:\/\/contraluzcucuta.co\/index.php?rest_route=%2Fwp%2Fv2%2Fcategories&post=25775"},{"taxonomy":"post_tag","embeddable":true,"href":"https:\/\/contraluzcucuta.co\/index.php?rest_route=%2Fwp%2Fv2%2Ftags&post=25775"}],"curies":[{"name":"wp","href":"https:\/\/api.w.org\/{rel}","templated":true}]}}