{"id":25768,"date":"2016-01-21T16:05:52","date_gmt":"2016-01-21T21:05:52","guid":{"rendered":"http:\/\/contraluzcucuta.co\/?p=25768"},"modified":"2016-01-21T16:05:52","modified_gmt":"2016-01-21T21:05:52","slug":"cucuta-deportivo-pretemporada-motilona-en-merida","status":"publish","type":"post","link":"https:\/\/contraluzcucuta.co\/?p=25768","title":{"rendered":"C\u00daCUTA DEPORTIVO. Pretemporada motilona en M\u00e9rida"},"content":{"rendered":"<p><strong>C\u00daCUTA.-<\/strong> Tres partidos de preparaci\u00f3n disputar\u00e1 el C\u00facuta Deportivo en M\u00e9rida (Venezuela). El once motil\u00f3n viaj\u00f3 este jueves a la \u2018Ciudad de los Caballeros\u2019 para cumplir trabajos en la altura durante 14 d\u00edas. Los encuentros ser\u00e1n contra \u00a0equipos del f\u00fatbol profesional venezolano.<\/p>\n<p>El equipo rojinegro se desplaz\u00f3, a las 2:00 de la tarde, a territorio vecino para cumplir con la preparaci\u00f3n previa al inicio del torneo de la segunda divisi\u00f3n del f\u00fatbol profesional colombiano. Los jugadores estar\u00e1n al mando del profesor Miguel Augusto Prince.<\/p>\n<p>Entre la afici\u00f3n no se ha despertado la pasi\u00f3n por el cuadro rojinegro, como en \u00e9pocas recientes debido a la participaci\u00f3n en la B. Los hinchas est\u00e1n desmotivados y pocos est\u00e1n interesados en seguirle los pasos al elenco fronterizo. La \u2018fiebre\u2019 del pasado qued\u00f3 en el recuerdo del General Santander.<\/p>\n<p>La p\u00e9rdida de la categor\u00eda tiene dolidos a los seguidores motilones y culpan del descalabro deportivo al presidente Jos\u00e9 Augusto Cadena. Otra parte de la responsabilidad la achacan a los jugadores y la falta de pundonor para defender la camiseta.<\/p>\n<p>En d\u00edas pasados el gobernador William Villamizar y el alcalde C\u00e9sar Rojas llamaron al orden a los accionistas del club para que organicen un equipo competitivo. El querer de los gobernantes es el retorno a la A y la permanencia de la ficha en la capital de Norte d Santander. A finales de a\u00f1o Cadena amenaz\u00f3 con llevarse el equipo a otra ciudad colombiana.<\/p>\n<p>Estos l\u00edos administrativos tambi\u00e9n hacen mella en el pensamiento de los aficionados, que \u00a0al t\u00e9rmino del segundo semestre del 2015 se espantaron de los grader\u00edos. De los miles de asistentes a las tribunas, en los \u00faltimos partidos se vio solo un pu\u00f1ado de abonados y otro tanto con boletas de cortes\u00eda.<\/p>\n<p>A M\u00e9rida viajaron:<\/p>\n<p><strong>1.- Cuerpo t\u00e9cnico<\/strong>: Jos\u00e9 de Jes\u00fas Su\u00e1rez, Rodolfo Ochoa y Wilson Guzm\u00e1n.<\/p>\n<p><strong>2.- Arqueros<\/strong>: Miguel Vargas, Sergio Avellaneda, y Diego Mart\u00ednez.<\/p>\n<p><strong>3.- Defensas<\/strong>: John Garc\u00eda, V\u00edctor Asprilla, Jonathan P\u00e9rez, Jos\u00e9 Ram\u00edrez, Elkin Mosquera, Sergio<\/p>\n<p>Guerrero, Jos\u00e9 Mondrag\u00f3n, Mauricio Duarte, Jerson G\u00f3ngora y Argenis Alba.<\/p>\n<p><strong>4.- Mediocampistas<\/strong>: Darwin Carrero, James Castro, Brayan Lucum\u00ed, Kenner Rey, Johan<\/p>\n<p>Valencia, Jonathan Chac\u00f3n, Junior Rangel y Dylar Beitar.<\/p>\n<p><strong>5.- Atacantes:<\/strong> Oscar Caicedo, Arley Bonilla, Camilo Rosero, Jonathan Palacios, Jefferson Solano<\/p>\n<p>y Santiago Villegas.<\/p>\n<p><strong>6.- Cuerpo m\u00e9dico:<\/strong> Edgar Cardona, Julio Angulo.<\/p>\n<p><strong>7.- Director de Comunicaciones:<\/strong> Andr\u00e9s Bautista Mart\u00ednez.<\/p>\n<p><strong>8.- Jefe de Seguridad y Log\u00edstica<\/strong>: Wilson S\u00e1nchez.<\/p>\n<p><strong>9.- Utilero:<\/strong> Jimmy Quijano.<\/p>\n<p><strong>Foto: V\u00cdCTOR PARRA \u2013 Acord<\/strong><\/p>\n<p>&nbsp; <\/p>\n","protected":false},"excerpt":{"rendered":"<p>C\u00daCUTA.- Tres partidos de preparaci\u00f3n disputar\u00e1 el C\u00facuta Deportivo en M\u00e9rida (Venezuela). El once motil\u00f3n viaj\u00f3 este jueves a la \u2018Ciudad de los Caballeros\u2019 para cumplir trabajos en la altura durante 14 d\u00edas. Los encuentros ser\u00e1n contra \u00a0equipos del f\u00fatbol profesional venezolano. El equipo rojinegro se desplaz\u00f3, a las 2:00 de la tarde, a territorio &hellip;<\/p>\n","protected":false},"author":1,"featured_media":25769,"comment_status":"open","ping_status":"open","sticky":false,"template":"","format":"standard","meta":{"footnotes":""},"categories":[28],"tags":[2628,2509,2675],"class_list":["post-25768","post","type-post","status-publish","format-standard","has-post-thumbnail","hentry","category-vistazo-deportivo","tag-cucuta-deportivo-2016","tag-jose-augusto-cadena","tag-miguel-augusto-prince"],"_links":{"self":[{"href":"https:\/\/contraluzcucuta.co\/index.php?rest_route=\/wp\/v2\/posts\/25768","targetHints":{"allow":["GET"]}}],"collection":[{"href":"https:\/\/contraluzcucuta.co\/index.php?rest_route=\/wp\/v2\/posts"}],"about":[{"href":"https:\/\/contraluzcucuta.co\/index.php?rest_route=\/wp\/v2\/types\/post"}],"author":[{"embeddable":true,"href":"https:\/\/contraluzcucuta.co\/index.php?rest_route=\/wp\/v2\/users\/1"}],"replies":[{"embeddable":true,"href":"https:\/\/contraluzcucuta.co\/index.php?rest_route=%2Fwp%2Fv2%2Fcomments&post=25768"}],"version-history":[{"count":1,"href":"https:\/\/contraluzcucuta.co\/index.php?rest_route=\/wp\/v2\/posts\/25768\/revisions"}],"predecessor-version":[{"id":25770,"href":"https:\/\/contraluzcucuta.co\/index.php?rest_route=\/wp\/v2\/posts\/25768\/revisions\/25770"}],"wp:featuredmedia":[{"embeddable":true,"href":"https:\/\/contraluzcucuta.co\/index.php?rest_route=\/wp\/v2\/media\/25769"}],"wp:attachment":[{"href":"https:\/\/contraluzcucuta.co\/index.php?rest_route=%2Fwp%2Fv2%2Fmedia&parent=25768"}],"wp:term":[{"taxonomy":"category","embeddable":true,"href":"https:\/\/contraluzcucuta.co\/index.php?rest_route=%2Fwp%2Fv2%2Fcategories&post=25768"},{"taxonomy":"post_tag","embeddable":true,"href":"https:\/\/contraluzcucuta.co\/index.php?rest_route=%2Fwp%2Fv2%2Ftags&post=25768"}],"curies":[{"name":"wp","href":"https:\/\/api.w.org\/{rel}","templated":true}]}}