{"id":25762,"date":"2016-01-21T14:39:57","date_gmt":"2016-01-21T19:39:57","guid":{"rendered":"http:\/\/contraluzcucuta.co\/?p=25762"},"modified":"2016-01-24T16:16:10","modified_gmt":"2016-01-24T21:16:10","slug":"pico-y-placa-nueva-temporada-con-restriccion-para-carros-de-cucuta-y-motos","status":"publish","type":"post","link":"https:\/\/contraluzcucuta.co\/?p=25762","title":{"rendered":"\u2018PICO Y PLACA\u2019. Nueva temporada con restricci\u00f3n para carros de C\u00facuta y motos"},"content":{"rendered":"<p><strong>C\u00daCUTA.-<\/strong> Vuelve el \u2018Pico y Placa\u2019 a C\u00facuta. Luego del receso del fin de a\u00f1o, el gobierno municipal tom\u00f3 la decisi\u00f3n de retomar la medida para mejorar la circulaci\u00f3n de veh\u00edculos y motocicletas por un cuadrante espec\u00edfico de la ciudad. La restricci\u00f3n tendr\u00e1 una etapa pedag\u00f3gica y despu\u00e9s de 15 d\u00edas se tornar\u00e1 obligatoria.<\/p>\n<p>Los cucute\u00f1os, como estrategia para evadir la prohibici\u00f3n, escucharon la recomendaci\u00f3n de la anterior administraci\u00f3n local, compraron carros colombianos y los matricularon en los seis municipios del \u00c1rea metropolitana. Era una ventaja que ten\u00edan sobre los automotores de otras ciudades del pa\u00eds.<\/p>\n<p>En esta ocasi\u00f3n esa prebenda no tendr\u00e1 valor. Al \u2018pico y placa\u2019 entran con registro de C\u00facuta, El Zulia, Los Patios y Villa del Rosario, sin excepci\u00f3n.\u00a0 Una de las razones para incluirlos en la medida es la merma en la compra de carros en la capital del departamento, en los \u00faltimos meses.<\/p>\n<p>\u201cEsa alternativa no funcion\u00f3 para la ciudad y debemos dar ejemplo. No podemos sacar a C\u00facuta, porque despu\u00e9s pueden tumbar la medida por exigencia del derecho a\u00a0 la igualdad\u201d, dijo el secretario de Tr\u00e1nsito, Jos\u00e9 Luis Duarte. En el pa\u00eds los veh\u00edculos que pertenecen a cada ciudad hacen parte del pico y placa. \u201cNo podemos ser la excepci\u00f3n\u201d.<\/p>\n<p>El funcionario invit\u00f3 a los cucute\u00f1os a no mirar la disposici\u00f3n como camisa de fuerza, sino que se piense en que ser\u00e1 la manera eficaz para solventar las incomodidades que ocasiona el volumen de veh\u00edculos en el centro de la ciudad. \u201cNo piensen que estamos cay\u00e9ndole encima a la gente. Simplemente, tenemos un problema de movilidad y de semaforizaci\u00f3n y hay que tomar medidas\u201d, dijo Duarte Contreras.<\/p>\n<p>El pico y placa continuar\u00e1 como el a\u00f1o pasado. Este viernes, comienzan los carros con matr\u00edcula que termina en 8 y 7. La novedad en el 2016 es que la restricci\u00f3n cobija a los motociclistas el martes para los pares y el jueves para los impares. Para los taxis tampoco vari\u00f3 el horario. No se cambiaron los n\u00fameros para evitar confusiones. Los primeros 15 d\u00edas ser\u00e1n de pedagog\u00eda. Despu\u00e9s se aplicar\u00e1 la norma.<\/p>\n<p>El per\u00edmetro del \u00e1rea se increment\u00f3.\u00a0 Empieza en la glorieta del DAS, baja por la Libertadores, sube por el canal hasta la Diagonal Santander, cruza a mano derecha para encontrar la glorieta de la Terminal, de nuevo se llega al canal, toma la avenida 10, hasta la calle 17 con avenida 4, agarra la 3 para volver a la glorieta del DAS.<\/p>\n<p>\u201cLa movilidad no mejora solo con la mano dura de la Alcald\u00eda, sino tambi\u00e9n con la conciencia de los cucute\u00f1os que den ejemplo y cambiar la manera como nos est\u00e1n viendo en el interior del pa\u00eds\u201d, afirm\u00f3 el titular del despacho de Tr\u00e1nsito.<\/p>\n<p>El incremento en la circulaci\u00f3n de motos comenz\u00f3 desde la implementaci\u00f3n del \u2018Pico y Placa\u2019. \u201cNo pod\u00edamos frenarnos por eso\u201d. Las autoridades de Tr\u00e1nsito esperan que las ventas de motocicletas aumenten a partir de la notificaci\u00f3n. Para contrarrestar el desorden, tambi\u00e9n, \u00a0se tomar\u00e1n medidas especiales.<\/p>\n<p>\u201cSe instalar\u00e1n avisos en sitios estrat\u00e9gicos para informar sobre el inicio de la medida, a partir de este viernes\u201d, se\u00f1al\u00f3 Jos\u00e9 Luis Duarte.<\/p>\n<p><strong>Foto: Revista <a href=\"http:\/\/www.contraluzcucuta.co\">www.contraluzcucuta.co<\/a><\/strong><\/p>\n<p>&nbsp; <\/p>\n","protected":false},"excerpt":{"rendered":"<p>C\u00daCUTA.- Vuelve el \u2018Pico y Placa\u2019 a C\u00facuta. Luego del receso del fin de a\u00f1o, el gobierno municipal tom\u00f3 la decisi\u00f3n de retomar la medida para mejorar la circulaci\u00f3n de veh\u00edculos y motocicletas por un cuadrante espec\u00edfico de la ciudad. La restricci\u00f3n tendr\u00e1 una etapa pedag\u00f3gica y despu\u00e9s de 15 d\u00edas se tornar\u00e1 obligatoria. Los &hellip;<\/p>\n","protected":false},"author":1,"featured_media":25764,"comment_status":"open","ping_status":"open","sticky":false,"template":"","format":"standard","meta":{"footnotes":""},"categories":[2625,541,6],"tags":[543,2672,434,678],"class_list":["post-25762","post","type-post","status-publish","format-standard","has-post-thumbnail","hentry","category-alcaldia-de-cucuta","category-ciudad","category-ojo-avizor","tag-area-metropolitana-de-cucuta","tag-jose-luis-duarte","tag-pico-y-placa-en-cucuta","tag-transito-municipal"],"_links":{"self":[{"href":"https:\/\/contraluzcucuta.co\/index.php?rest_route=\/wp\/v2\/posts\/25762","targetHints":{"allow":["GET"]}}],"collection":[{"href":"https:\/\/contraluzcucuta.co\/index.php?rest_route=\/wp\/v2\/posts"}],"about":[{"href":"https:\/\/contraluzcucuta.co\/index.php?rest_route=\/wp\/v2\/types\/post"}],"author":[{"embeddable":true,"href":"https:\/\/contraluzcucuta.co\/index.php?rest_route=\/wp\/v2\/users\/1"}],"replies":[{"embeddable":true,"href":"https:\/\/contraluzcucuta.co\/index.php?rest_route=%2Fwp%2Fv2%2Fcomments&post=25762"}],"version-history":[{"count":1,"href":"https:\/\/contraluzcucuta.co\/index.php?rest_route=\/wp\/v2\/posts\/25762\/revisions"}],"predecessor-version":[{"id":25763,"href":"https:\/\/contraluzcucuta.co\/index.php?rest_route=\/wp\/v2\/posts\/25762\/revisions\/25763"}],"wp:featuredmedia":[{"embeddable":true,"href":"https:\/\/contraluzcucuta.co\/index.php?rest_route=\/wp\/v2\/media\/25764"}],"wp:attachment":[{"href":"https:\/\/contraluzcucuta.co\/index.php?rest_route=%2Fwp%2Fv2%2Fmedia&parent=25762"}],"wp:term":[{"taxonomy":"category","embeddable":true,"href":"https:\/\/contraluzcucuta.co\/index.php?rest_route=%2Fwp%2Fv2%2Fcategories&post=25762"},{"taxonomy":"post_tag","embeddable":true,"href":"https:\/\/contraluzcucuta.co\/index.php?rest_route=%2Fwp%2Fv2%2Ftags&post=25762"}],"curies":[{"name":"wp","href":"https:\/\/api.w.org\/{rel}","templated":true}]}}