{"id":25755,"date":"2016-01-21T13:53:41","date_gmt":"2016-01-21T18:53:41","guid":{"rendered":"http:\/\/contraluzcucuta.co\/?p=25755"},"modified":"2016-01-24T13:38:43","modified_gmt":"2016-01-24T18:38:43","slug":"rio-pamplonita-control-a-captaciones-ilegales-de-agua","status":"publish","type":"post","link":"https:\/\/contraluzcucuta.co\/?p=25755","title":{"rendered":"R\u00cdO PAMPLONITA. Control a captaciones ilegales de agua"},"content":{"rendered":"<p><strong>LOS PATIOS \u2013 Norte de Santander.-<\/strong> La baja en el caudal del Pamplonita, ocasionada por el Fen\u00f3meno de El Ni\u00f1o, tiene a las autoridades ambientales en constante monitoreo del r\u00edo. Entre las preocupaciones de los \u00faltimos d\u00edas destacan las captaciones ilegales en Los Patios. Los agricultores desv\u00edan de manera ilegal el cauce para los riegos de los cultivos.<\/p>\n<p>En el 2015, se pidi\u00f3 a los campesinos de la zona no tomar agua mediante canales irregulares. En el reciente recorrido se comprob\u00f3 que no han violado la medida de protecci\u00f3n y el r\u00edo no ha sido desviado. Los canales artesanales son construidos para llevar el l\u00edquido hasta los diferentes tipos de cultivos.<\/p>\n<p>Agentes del Grupo de Protecci\u00f3n Ambiental y Ecol\u00f3gica (Gupae) y de la Polic\u00eda de Carabineros acompa\u00f1aron a funcionarios de Corponor para verificar que las tres antiguas captaciones de aguas superficiales no funcionaban.<\/p>\n<p>La inspecci\u00f3n sirvi\u00f3 para monitorear el cauce y continuar con las medidas preventivas que permitan evitar que los habitantes de C\u00facuta y dem\u00e1s localidades metropolitanas que se surten de la fuente h\u00eddrica se vean afectados por un posible racionamiento de agua si contin\u00faan las altas temperaturas y la ausencia de lluvias.<\/p>\n<p>Los planes de vigilancia y control en el Pamplonita tienen como finalidad contrarrestar la captaci\u00f3n ilegal de agua. La comunidad debe tomar conciencia de cuidar los r\u00edos de la regi\u00f3n, aportar a la conservaci\u00f3n de la flora y la fauna acu\u00e1tica, y darle un uso adecuado y regulado al agua.<\/p>\n<p>Los infractores que sean sorprendidos en la pr\u00e1ctica de este tipo de actividades ilegales ser\u00e1n objeto de sanciones administrativas y penales\u00a0 emitidas por las autoridades ambientales.<\/p>\n<p>La escasez de agua ha llevado a la Polic\u00eda Metropolitana a tener contacto con la comunidad y llevarles mensajes claros sobre el uso del recurso h\u00eddrico:<br \/>\n1.- Aprender a dar uso razonable al l\u00edquido en las labores cotidianas del hogar y lugares de trabajo.<\/p>\n<p>2.- Al lavar la ropa reducir la cantidad de jab\u00f3n para evitar la contaminaci\u00f3n de millones de litros de agua<\/p>\n<p>3.- Utilizar la lavadora con la carga completa<\/p>\n<p>4.- Reutilizar el agua recolectada en otros usos dom\u00e9sticos, como lavado de patios y andenes.<\/p>\n<p>5.- Al lavarse los dientes o afeitarse cerrar la llave y utilizar un vaso con el agua necesaria<\/p>\n<p>6.- Usar el lavaplatos con suficientes vajillas que llenen toda la capacidad<\/p>\n<p>7.- Hacer duchas cortas y cerrar la llave mientras se enjabona<\/p>\n<p>8.- Revisar que los flotadores de los inodoros funcionen correctamente para evitar fugas de agua<\/p>\n<p>9.- Verificar que las llaves y las tuber\u00edas no tengan filtraciones.<\/p>\n<p>10.- Tener disponibles tanques o baldes de almacenamiento para el dep\u00f3sito del l\u00edquido en d\u00edas de lluvias.<\/p>\n<p><strong>Foto: PRENSA MECUC<\/strong><\/p>\n<p>&nbsp; <\/p>\n","protected":false},"excerpt":{"rendered":"<p>LOS PATIOS \u2013 Norte de Santander.- La baja en el caudal del Pamplonita, ocasionada por el Fen\u00f3meno de El Ni\u00f1o, tiene a las autoridades ambientales en constante monitoreo del r\u00edo. Entre las preocupaciones de los \u00faltimos d\u00edas destacan las captaciones ilegales en Los Patios. Los agricultores desv\u00edan de manera ilegal el cauce para los riegos &hellip;<\/p>\n","protected":false},"author":1,"featured_media":25756,"comment_status":"open","ping_status":"open","sticky":false,"template":"","format":"standard","meta":{"footnotes":""},"categories":[556,347,6],"tags":[493,323,689,163,40],"class_list":["post-25755","post","type-post","status-publish","format-standard","has-post-thumbnail","hentry","category-departamento","category-medio-ambiente","category-ojo-avizor","tag-corponor","tag-mecuc","tag-policia-de-carabineros","tag-policia-metropolitana","tag-rio-pamplonita"],"_links":{"self":[{"href":"https:\/\/contraluzcucuta.co\/index.php?rest_route=\/wp\/v2\/posts\/25755","targetHints":{"allow":["GET"]}}],"collection":[{"href":"https:\/\/contraluzcucuta.co\/index.php?rest_route=\/wp\/v2\/posts"}],"about":[{"href":"https:\/\/contraluzcucuta.co\/index.php?rest_route=\/wp\/v2\/types\/post"}],"author":[{"embeddable":true,"href":"https:\/\/contraluzcucuta.co\/index.php?rest_route=\/wp\/v2\/users\/1"}],"replies":[{"embeddable":true,"href":"https:\/\/contraluzcucuta.co\/index.php?rest_route=%2Fwp%2Fv2%2Fcomments&post=25755"}],"version-history":[{"count":1,"href":"https:\/\/contraluzcucuta.co\/index.php?rest_route=\/wp\/v2\/posts\/25755\/revisions"}],"predecessor-version":[{"id":25757,"href":"https:\/\/contraluzcucuta.co\/index.php?rest_route=\/wp\/v2\/posts\/25755\/revisions\/25757"}],"wp:featuredmedia":[{"embeddable":true,"href":"https:\/\/contraluzcucuta.co\/index.php?rest_route=\/wp\/v2\/media\/25756"}],"wp:attachment":[{"href":"https:\/\/contraluzcucuta.co\/index.php?rest_route=%2Fwp%2Fv2%2Fmedia&parent=25755"}],"wp:term":[{"taxonomy":"category","embeddable":true,"href":"https:\/\/contraluzcucuta.co\/index.php?rest_route=%2Fwp%2Fv2%2Fcategories&post=25755"},{"taxonomy":"post_tag","embeddable":true,"href":"https:\/\/contraluzcucuta.co\/index.php?rest_route=%2Fwp%2Fv2%2Ftags&post=25755"}],"curies":[{"name":"wp","href":"https:\/\/api.w.org\/{rel}","templated":true}]}}