{"id":25752,"date":"2016-01-21T13:43:25","date_gmt":"2016-01-21T18:43:25","guid":{"rendered":"http:\/\/contraluzcucuta.co\/?p=25752"},"modified":"2016-01-24T13:16:06","modified_gmt":"2016-01-24T18:16:06","slug":"notas-al-margen-hay-en-marcha-un-proceso-regional-unificador-definido","status":"publish","type":"post","link":"https:\/\/contraluzcucuta.co\/?p=25752","title":{"rendered":"NOTAS AL MARGEN. \u00bfHay en marcha un proceso regional unificador definido?"},"content":{"rendered":"<p>1.- Sobre lo espec\u00edficamente nuestro, o sea lo que requiere mayor y mejor atenci\u00f3n, porque de lo que se haga o no depende el\u00a0 avance o el retroceso, falta una mayor cohesi\u00f3n y un esp\u00edritu m\u00e1s abierto, claro, decidido y emprendedor, lo advierten y califican quienes observan y valoran el hacer o no hacer de lo nuestro.\u00a0 S\u00ed, si en verdad queremos avanzar y\u00a0 progresar hay que dar pasos firmes y promover acciones y conductas transparentes y\u00a0 bien respaldadas, con las cuales se produzca \u00a0el salir del\u00a0 letargo que gener\u00f3 el pensar solo en lo mismo y no ejecutado, o disfrazando la atenci\u00f3n y preguntando \u00bfa c\u00f3mo amaneci\u00f3 el bol\u00edvar? \u00bfCu\u00e1ndo la C\u00e1mara de Comercio de C\u00facuta renovar\u00e1 sus cuadros directivos y\u00a0 definir\u00e1\u00a0 la nueva sede y la coordinaci\u00f3n de acciones integracionistas, con sus paralelas para buscar un nuevo horizonte y una situaci\u00f3n m\u00e1s definida, en labores comprometidas y\u00a0 conjuntas, en procura del progreso y futuro de la regi\u00f3n\u00a0 y la zona fronteriza? \u00bfEs cierto que las partes que guardaba Interferias, de la antigua Aduana de C\u00facuta, nadie sabe \u00a0d\u00f3nde est\u00e1n\u00a0 y que sobre el Museo de la Memoria no hay puntuales definiciones\u00a0 y que el recuento y recuerdo\u00a0 de nuestro pasado hist\u00f3rico no tiene a\u00fan un\u00a0 sitio definido y en proceso de construcci\u00f3n o adecuaci\u00f3n? \u00bfQu\u00e9 la Ley 43 de 1973 o la del C\u00facuta 75, pese a que se ordenaba la construcci\u00f3n de una obra especial para C\u00facuta y se establec\u00edan\u00a0 ayudas importantes, ning\u00fan parlamentario, gobernador, alcalde, diputado o concejal fij\u00f3 en ella su atenci\u00f3n? \u00bfQu\u00e9 el b\u00e1squet \u00a0que llev\u00f3 a considerar a C\u00facuta como \u2018La capital basquetera de Colombia\u2019, ahora,\u00a0 poco se practica en colegios y menos en universidades? \u00bfHay, de\u00a0 manera clara y demostrable, una convocatoria \u2013amplia y generosa-\u00a0 a la uni\u00f3n y al cambio, seria y transparente, dinamizando\u00a0 a los sectores p\u00fablicos y privados mediante un compromiso definido?<\/p>\n<p>2.- Hay que despertar\u00a0 el \u00e1nimo y alimentar el deseo de superar entuertos y buscar la soluci\u00f3n\u00a0 de alternativas renovadoras y de alcance masivo o general, mediante la presencia y participaci\u00f3n activa y operacional \u00a0de quienes por sus conocimientos, representaci\u00f3n,\u00a0 esp\u00edritu de superaci\u00f3n y anhelos de servicio pueden y quieren\u00a0 cooperar con su medio\u00a0 y\u00a0 aportarle algo a su terru\u00f1o. Y, lo anotamos, porque es advertible y urgente la necesidad de una acci\u00f3n y conducta m\u00e1s presencial, participativa,\u00a0 un\u00edsona\u00a0 y\u00a0 trascendente, tanto de\u00a0 directivos como en todos los niveles y, sin excepci\u00f3n, en todos los pobladores, si anhelamos mayor y mejor identidad.<\/p>\n<p>\u00bfPor qu\u00e9? Porque hay un conformismo exagerado\u00a0 y necesitamos hacer\u00a0 de C\u00facuta una\u00a0 ciudad ejemplo de acci\u00f3n, civismo, compa\u00f1erismo y ansias de superaci\u00f3n y de progreso, mediante el incentivo y est\u00edmulo de labores y prop\u00f3sitos que convoquen a la ciudadan\u00eda\u00a0 -incluyendo a quienes nos visitan \u2013hacia planes, programas y proyectos que inciten y conlleven empe\u00f1os hacia gestiones impulsoras de desarrollo, aprovechamiento de posibilidades y progreso compartido.<\/p>\n<p>3.- Y hay campo y posibilidades de gran significaci\u00f3n e importancia para muchos prospectos, nadie puede negarlo. Lo que falta es salir del seguir esperando lo que no\u00a0 llega y apunt\u00e1ndole y decidi\u00e9ndonos a una\u00a0 tarea beneficiosa \u00a0emprendedora y general que nos congregue y anime hacia desarrollos transformadores y edificantes que animen al conjunto. Y,\u00a0 a todos, los que lleguen hasta nuestras puertas y aleros del diario transcurrir y con esp\u00edritu de uni\u00f3n,\u00a0 sinceridad\u00a0 y servicio.\u00a0 La prensa, radio y televisi\u00f3n, gremios, asociaciones y organismos p\u00fablicos y privados, pueden\u00a0 sumar y aportar mucho, abriendo compuertas a la participaci\u00f3n y siendo eco y visi\u00f3n de perspectiva de quienes aporten ideas, consignas e iniciativas.\u00a0 Lo que falta, es \u201cSacudirnos de la pasividad, de los celos regionales, para\u00a0 dar cabida e impulso al deseo de hacer y de ser con entusiasmo\u00a0 y anhelos de acierto y progreso\u00a0 compartido\u201d.<\/p>\n<p>Adem\u00e1s, porque el agua, el gas, las v\u00edas y los servicios esperan soluciones, junto con la seguridad, la justicia y la inaplazable b\u00fasqueda de fuentes de trabajo y desarrollo, ante los \u00edndices y promedios de informalidad y desempleo.<\/p>\n<p><strong>JOS\u00c9 NEIRA REY<\/strong><\/p>\n<p><a href=\"mailto:jneirerey@hotmail.com\"><strong>jneirerey@hotmail.com<\/strong><\/a><\/p>\n<p><strong>Foto: <a href=\"http:\/\/www.contraluzcucuta.co\">www.contraluzcucuta.co<\/a><\/strong><\/p>\n<p><strong>\u00a0<\/strong> <\/p>\n","protected":false},"excerpt":{"rendered":"<p>1.- Sobre lo espec\u00edficamente nuestro, o sea lo que requiere mayor y mejor atenci\u00f3n, porque de lo que se haga o no depende el\u00a0 avance o el retroceso, falta una mayor cohesi\u00f3n y un esp\u00edritu m\u00e1s abierto, claro, decidido y emprendedor, lo advierten y califican quienes observan y valoran el hacer o no hacer de &hellip;<\/p>\n","protected":false},"author":1,"featured_media":25753,"comment_status":"open","ping_status":"open","sticky":false,"template":"","format":"standard","meta":{"footnotes":""},"categories":[14,32],"tags":[1760,382,956],"class_list":["post-25752","post","type-post","status-publish","format-standard","has-post-thumbnail","hentry","category-articulistas","category-recorrido-por-la-region","tag-articulistas-2","tag-jose-neira","tag-notas-al-margen"],"_links":{"self":[{"href":"https:\/\/contraluzcucuta.co\/index.php?rest_route=\/wp\/v2\/posts\/25752","targetHints":{"allow":["GET"]}}],"collection":[{"href":"https:\/\/contraluzcucuta.co\/index.php?rest_route=\/wp\/v2\/posts"}],"about":[{"href":"https:\/\/contraluzcucuta.co\/index.php?rest_route=\/wp\/v2\/types\/post"}],"author":[{"embeddable":true,"href":"https:\/\/contraluzcucuta.co\/index.php?rest_route=\/wp\/v2\/users\/1"}],"replies":[{"embeddable":true,"href":"https:\/\/contraluzcucuta.co\/index.php?rest_route=%2Fwp%2Fv2%2Fcomments&post=25752"}],"version-history":[{"count":1,"href":"https:\/\/contraluzcucuta.co\/index.php?rest_route=\/wp\/v2\/posts\/25752\/revisions"}],"predecessor-version":[{"id":25754,"href":"https:\/\/contraluzcucuta.co\/index.php?rest_route=\/wp\/v2\/posts\/25752\/revisions\/25754"}],"wp:featuredmedia":[{"embeddable":true,"href":"https:\/\/contraluzcucuta.co\/index.php?rest_route=\/wp\/v2\/media\/25753"}],"wp:attachment":[{"href":"https:\/\/contraluzcucuta.co\/index.php?rest_route=%2Fwp%2Fv2%2Fmedia&parent=25752"}],"wp:term":[{"taxonomy":"category","embeddable":true,"href":"https:\/\/contraluzcucuta.co\/index.php?rest_route=%2Fwp%2Fv2%2Fcategories&post=25752"},{"taxonomy":"post_tag","embeddable":true,"href":"https:\/\/contraluzcucuta.co\/index.php?rest_route=%2Fwp%2Fv2%2Ftags&post=25752"}],"curies":[{"name":"wp","href":"https:\/\/api.w.org\/{rel}","templated":true}]}}