{"id":25740,"date":"2016-01-19T14:03:39","date_gmt":"2016-01-19T19:03:39","guid":{"rendered":"http:\/\/contraluzcucuta.co\/?p=25740"},"modified":"2016-01-21T14:19:25","modified_gmt":"2016-01-21T19:19:25","slug":"jossimar-calvo-el-sueno-olimpico-es-la-meta-para-el-2016","status":"publish","type":"post","link":"https:\/\/contraluzcucuta.co\/?p=25740","title":{"rendered":"JOSSIMAR CALVO. El sue\u00f1o ol\u00edmpico es la meta para el 2016"},"content":{"rendered":"<p>Luego de una temporada colmada de medallas, reconocimientos y el favoritismo del p\u00fablico como el mejor durante el 2015, llegan nuevos objetivos para el gimnasta colombiano. Los retos para Jossimar Calvo en el 2016 comprenden el sue\u00f1o por la participaci\u00f3n en los Juegos Ol\u00edmpicos, en R\u00edo de Janeiro, y las copas del mundo.<\/p>\n<p>Las competencias internacionales ser\u00e1n el motor de acci\u00f3n para uno de los mejores deportistas de Colombia en la actualidad. El gimnasta nacido en C\u00facuta y el equipo de trabajo buscar\u00e1n hacer realidad el anhelo dorado y consolidar la carrera llena de logros.<\/p>\n<p>La agenda, por estos d\u00edas, est\u00e1 dedicada a la preparaci\u00f3n y al entrenamiento para cumplir los compromisos, que empezar\u00e1n en marzo con el chequeo colombiano para ratificar los dos cupos nacionales para el preol\u00edmpico, que se disputar\u00e1, en abril, en la sede ol\u00edmpica.<\/p>\n<p>En el plan de trabajo tambi\u00e9n est\u00e1n contempladas las competencias en el Pacific Rim (Estados Unidos) y las Copas del Mundo en Sao Pablo (Brasil) y Anaia (Portugal), en el segundo trimestre. Luego, tendr\u00e1 la concentraci\u00f3n previa a la cita ol\u00edmpica 2016. El programa completo tiene como meta la participaci\u00f3n so\u00f1ada en la m\u00e1xima cita del deporte en el mundo.<\/p>\n<p>Terminados los Juegos Ol\u00edmpicos se proyecta la asistencia de Jossimar Calvo en el Panamericano de Cochabamba (Bolivia) y el Sudamericano de Lima. Estos ser\u00e1n los m\u00e1s importantes retos de la temporada, para los que se ha presentado el plan. El respaldo del deportista cucute\u00f1o correr\u00e1 por cuenta de la Federaci\u00f3n Colombiana de Gimnasia y del Comit\u00e9 Ol\u00edmpico Colombiano.<\/p>\n<p><strong>Colombia Medios SAS<\/strong><\/p>\n<p><strong>Foto: Archivo<\/strong><\/p>\n<p>&nbsp; <\/p>\n","protected":false},"excerpt":{"rendered":"<p>Luego de una temporada colmada de medallas, reconocimientos y el favoritismo del p\u00fablico como el mejor durante el 2015, llegan nuevos objetivos para el gimnasta colombiano. Los retos para Jossimar Calvo en el 2016 comprenden el sue\u00f1o por la participaci\u00f3n en los Juegos Ol\u00edmpicos, en R\u00edo de Janeiro, y las copas del mundo. Las competencias &hellip;<\/p>\n","protected":false},"author":1,"featured_media":25741,"comment_status":"open","ping_status":"open","sticky":false,"template":"","format":"standard","meta":{"footnotes":""},"categories":[28],"tags":[1605,1038,2132],"class_list":["post-25740","post","type-post","status-publish","format-standard","has-post-thumbnail","hentry","category-vistazo-deportivo","tag-gimnasia-de-norte-de-santander","tag-josimar-calvo","tag-liga-de-gimnasia-de-norte-de-santander"],"_links":{"self":[{"href":"https:\/\/contraluzcucuta.co\/index.php?rest_route=\/wp\/v2\/posts\/25740","targetHints":{"allow":["GET"]}}],"collection":[{"href":"https:\/\/contraluzcucuta.co\/index.php?rest_route=\/wp\/v2\/posts"}],"about":[{"href":"https:\/\/contraluzcucuta.co\/index.php?rest_route=\/wp\/v2\/types\/post"}],"author":[{"embeddable":true,"href":"https:\/\/contraluzcucuta.co\/index.php?rest_route=\/wp\/v2\/users\/1"}],"replies":[{"embeddable":true,"href":"https:\/\/contraluzcucuta.co\/index.php?rest_route=%2Fwp%2Fv2%2Fcomments&post=25740"}],"version-history":[{"count":1,"href":"https:\/\/contraluzcucuta.co\/index.php?rest_route=\/wp\/v2\/posts\/25740\/revisions"}],"predecessor-version":[{"id":25742,"href":"https:\/\/contraluzcucuta.co\/index.php?rest_route=\/wp\/v2\/posts\/25740\/revisions\/25742"}],"wp:featuredmedia":[{"embeddable":true,"href":"https:\/\/contraluzcucuta.co\/index.php?rest_route=\/wp\/v2\/media\/25741"}],"wp:attachment":[{"href":"https:\/\/contraluzcucuta.co\/index.php?rest_route=%2Fwp%2Fv2%2Fmedia&parent=25740"}],"wp:term":[{"taxonomy":"category","embeddable":true,"href":"https:\/\/contraluzcucuta.co\/index.php?rest_route=%2Fwp%2Fv2%2Fcategories&post=25740"},{"taxonomy":"post_tag","embeddable":true,"href":"https:\/\/contraluzcucuta.co\/index.php?rest_route=%2Fwp%2Fv2%2Ftags&post=25740"}],"curies":[{"name":"wp","href":"https:\/\/api.w.org\/{rel}","templated":true}]}}