{"id":25712,"date":"2016-01-16T09:55:52","date_gmt":"2016-01-16T14:55:52","guid":{"rendered":"http:\/\/contraluzcucuta.co\/?p=25712"},"modified":"2016-01-19T13:55:59","modified_gmt":"2016-01-19T18:55:59","slug":"analisis-por-que-hablar-mal-de-cucuta","status":"publish","type":"post","link":"https:\/\/contraluzcucuta.co\/?p=25712","title":{"rendered":"AN\u00c1LISIS. \u00bfPor qu\u00e9 hablar mal de C\u00facuta?"},"content":{"rendered":"<p>C\u00facuta, amigos, pasa por un momento muy dif\u00edcil, pero se sigue votando por los mismos. Hablan y escriben solo con la necesidad de llamar la atenci\u00f3n, eso no es periodismo, es simplemente una acci\u00f3n indigna de la profesi\u00f3n de periodistas, de personas que no fueron realmente a la universidad a estudiar. La falta de oportunidades de nuestra regi\u00f3n se traduce en personas oportunistas que solo se dedican a escribir columnas sin sentido. Peor a\u00fan, ciertos medios de comunicaci\u00f3n se prestan para eso.<\/p>\n<p>Se\u00f1ores, en la \u00faltima discusi\u00f3n entre dos periodistas de la regi\u00f3n, las dos partes tienen la raz\u00f3n y a nadie le gusta que nos digan las verdades en la cara, pero el lenguaje que se est\u00e1 usando de forma personal y grotesca, no solo nos hace quedar mal ante el mundo, sino que no genera soluciones sino m\u00e1s violencia, violencia que s\u00e9 que estamos mamados todos los colombianos. No me gusta la paz del presidente Santos, pero nuestra Colombia necesita un respiro de la guerra que est\u00e1 acabando con nuestros conciudadanos. Entonces, debemos aceptar esa necesidad de paz iniciando por cada uno de nosotros.<\/p>\n<p>Solicito a las partes que se agarraron a punta de palabra y escritos, se pongan a pensar c\u00f3mo hacer para que todos los colombianos aportemos constructivamente para conseguir\u00a0 la paz\u00a0 y evaluar la necesidad de emitir dichos comunicados y acabar con las supuestas amenazas que van de parte y parte. Reitero mi punto, es hora de tomar acciones de c\u00f3mo \u2018sacar\u2019 a Colombia del hoyo en el que nos encontramos metidos hace m\u00e1s de 50 a\u00f1os\u00a0 y la paz se \u00e9sta convirtiendo en un saludo a la bandera. Aporten soluciones, ayuden a que esta regi\u00f3n progrese y no se \u2018saquen\u2019 los trapitos al sol por unos adjetivos mal usados, cuyo trasfondo\u00a0 est\u00e1 mostrando en\u00a0 lo que se ha convertido nuestra San Jos\u00e9 de C\u00facuta.<\/p>\n<p>Yo mismo he ca\u00eddo en esas discusiones, pero en mis tertulias en Bogot\u00e1, en diciembre, entend\u00ed que no le hace ning\u00fan bien a nuestra amada ciudad, por lo tanto los invito a que suban cosas buenas, triunfos de cucute\u00f1os en el exterior, de cosas positivas, como har\u00edan, por ejemplo, en Bogot\u00e1, Cali, Medell\u00edn Cartagena, Bucaramanga y Barranquilla, para mencionar un par de ejemplos.<\/p>\n<p>En mis vacaciones visit\u00e9 el Parque Nacional del Chicamocha o Panachi y mi pregunta es\u2026. \u201cpor qu\u00e9 no tenemos en cuenta a nuestro Cerro Tasajero? podr\u00eda ser una opci\u00f3n? Claro, guardando las proporciones\u201d. Tambi\u00e9n, visit\u00e9 la Represa de Hidrosogamoso y nosotros teniendo el agua de los r\u00edos Zulia y Salazar para construir la Represa del C\u00ednera, \u00bfpor qu\u00e9 los politiqueros no la han dejado construir? Eso crear\u00eda fuentes verdaderas de empleo, turismo, almacenamiento de agua para \u00e9pocas como esta, en la que el Fen\u00f3meno de El Ni\u00f1o seca cultivos y ganado muriendo de f\u00edsica sed, generar\u00eda progreso a toda nuestra regi\u00f3n. En la Sabana de Bogot\u00e1, sitios como \u2018La Granja\u2019, muy parecido al t\u00edpico restaurante \u2018Andr\u00e9s, Carne de res\u2019, tiene capacidad para m\u00e1s de 3000 visitantes, con animalitos, hermosas esculturas hechas de reciclaje, con sembrad\u00edos de diferentes especies, un restaurante con capacidad de atender m\u00e1s de 2000 clientes al tiempo, y as\u00ed pasar un buen rato en compa\u00f1\u00eda de la familia y de los amigos. \u00bfPor qu\u00e9 no \u2018crear\u2019 algo as\u00ed en nuestra regi\u00f3n? Tambi\u00e9n, visit\u00e9, entre otros sitios, a la bella, colonial y pr\u00f3spera \u00a0San Gil. All\u00ed, de la nada y con un par de visionarios, se convirti\u00f3 ese paso estrecho de carretera en una gran ciudad netamente tur\u00edstica y de deportes extremos. \u00bfPor qu\u00e9, repito, en vez de pegarnos de discusiones pendejas, no pensamos en crear sitios como esos? \u00bfPor qu\u00e9 seguir en este atraso que no beneficia a nadie?<\/p>\n<p>\u00bfQui\u00e9n se acuerda cual era la capital del calzado y similares en los 70 y los 80? \u00bfQui\u00e9n se acuerda cual es la capital de la arcilla? \u00bfAlguien se acuerda cu\u00e1l fue otrora la segunda ciudad del pa\u00eds? \u00bfAd\u00f3nde lleg\u00f3 el primer carro a Colombia? \u00bfLa primera m\u00e1quina de coser? \u00bfQui\u00e9n era el primer productor de cacao de la regi\u00f3n (colombo-venezolana)? Tambi\u00e9n, \u00e9ramos el principal puerto de salida de caf\u00e9 hacia Europa. Qui\u00e9n no recuerda que fuimos potencia en baloncesto. En esta tierra se unificaron los tres pa\u00edses: Colombia, Venezuela y Ecuador en una sola naci\u00f3n que se denomin\u00f3 \u2018La Rep\u00fablica de Colombia\u2019, ratificado mediante la Constituci\u00f3n de C\u00facuta. El primer Ferrocarril lleg\u00f3 a estas tierras, tambi\u00e9n llegamos a ser\u00a0 los m\u00e1s grandes exportadores de los sombreros jipijapa.<\/p>\n<p>San Jos\u00e9 de C\u00facuta ha sido denominada de diferentes maneras, La Perla del Norte, Primer puerto terrestre de Colombia, Capital basquetera de Colombia, Port\u00f3n de la Frontera, Cuna de la Rep\u00fablica, Ciudad Verde (t\u00edtulo recibido en 1988 ), Municipio verde de Colombia( t\u00edtulo recibido en 1990 ) y Ciudad de los \u00e1rboles.<\/p>\n<p>Los nortesantandereanos debemos pensar en grande y generar una visi\u00f3n de desarrollo que nos lleve a una mayor integraci\u00f3n de nuestros municipios, en una verdadera articulaci\u00f3n con nuestra capital y con las grandes ciudades circunvecinas. Entremos en raz\u00f3n, a ver si entre todos aportamos \u2018un granito de arena\u2019 y nuestra regi\u00f3n se vuelve pr\u00f3spera, tur\u00edstica y econ\u00f3micamente sostenible, sin tener que pensar en los hermanos venezolanos. Debemos vivir de lo nuestro, consumir solo productos colombianos, apoyar a las empresas e industrias nacionales y dejar para siempre de depender de terceros pa\u00edses.<\/p>\n<p>Para finalizar, cada uno de nosotros debe contribuir\u00a0 con la paz, tener paz en el hogar, en el trabajo, con amigos, colegas y compa\u00f1eros, siendo cada d\u00eda tolerantes con los que nos rodean y as\u00ed contribuir con la paz de la ciudad, la regi\u00f3n y el pa\u00eds.<\/p>\n<p><strong>JAIME URIEL MEJIA <\/strong><\/p>\n<p><a href=\"mailto:jaurme@gmail.com\">jaurme@gmail.com<\/a><\/p>\n<p><strong>Foto: PRENSA MECUC<\/strong><\/p>\n<p>&nbsp; <\/p>\n","protected":false},"excerpt":{"rendered":"<p>C\u00facuta, amigos, pasa por un momento muy dif\u00edcil, pero se sigue votando por los mismos. Hablan y escriben solo con la necesidad de llamar la atenci\u00f3n, eso no es periodismo, es simplemente una acci\u00f3n indigna de la profesi\u00f3n de periodistas, de personas que no fueron realmente a la universidad a estudiar. La falta de oportunidades &hellip;<\/p>\n","protected":false},"author":1,"featured_media":25713,"comment_status":"open","ping_status":"open","sticky":false,"template":"","format":"standard","meta":{"footnotes":""},"categories":[14,6],"tags":[1760,2654,2655],"class_list":["post-25712","post","type-post","status-publish","format-standard","has-post-thumbnail","hentry","category-articulistas","category-ojo-avizor","tag-articulistas-2","tag-jaime-uriel-mejia","tag-opinion-sobre-cucuta"],"_links":{"self":[{"href":"https:\/\/contraluzcucuta.co\/index.php?rest_route=\/wp\/v2\/posts\/25712","targetHints":{"allow":["GET"]}}],"collection":[{"href":"https:\/\/contraluzcucuta.co\/index.php?rest_route=\/wp\/v2\/posts"}],"about":[{"href":"https:\/\/contraluzcucuta.co\/index.php?rest_route=\/wp\/v2\/types\/post"}],"author":[{"embeddable":true,"href":"https:\/\/contraluzcucuta.co\/index.php?rest_route=\/wp\/v2\/users\/1"}],"replies":[{"embeddable":true,"href":"https:\/\/contraluzcucuta.co\/index.php?rest_route=%2Fwp%2Fv2%2Fcomments&post=25712"}],"version-history":[{"count":1,"href":"https:\/\/contraluzcucuta.co\/index.php?rest_route=\/wp\/v2\/posts\/25712\/revisions"}],"predecessor-version":[{"id":25714,"href":"https:\/\/contraluzcucuta.co\/index.php?rest_route=\/wp\/v2\/posts\/25712\/revisions\/25714"}],"wp:featuredmedia":[{"embeddable":true,"href":"https:\/\/contraluzcucuta.co\/index.php?rest_route=\/wp\/v2\/media\/25713"}],"wp:attachment":[{"href":"https:\/\/contraluzcucuta.co\/index.php?rest_route=%2Fwp%2Fv2%2Fmedia&parent=25712"}],"wp:term":[{"taxonomy":"category","embeddable":true,"href":"https:\/\/contraluzcucuta.co\/index.php?rest_route=%2Fwp%2Fv2%2Fcategories&post=25712"},{"taxonomy":"post_tag","embeddable":true,"href":"https:\/\/contraluzcucuta.co\/index.php?rest_route=%2Fwp%2Fv2%2Ftags&post=25712"}],"curies":[{"name":"wp","href":"https:\/\/api.w.org\/{rel}","templated":true}]}}