{"id":25708,"date":"2016-01-14T21:55:46","date_gmt":"2016-01-15T02:55:46","guid":{"rendered":"http:\/\/contraluzcucuta.co\/?p=25708"},"modified":"2016-01-16T16:20:03","modified_gmt":"2016-01-16T21:20:03","slug":"deportados-de-venezuela-una-vida-cargada-de-incertidumbre-y-pobreza","status":"publish","type":"post","link":"https:\/\/contraluzcucuta.co\/?p=25708","title":{"rendered":"DEPORTADOS DE VENEZUELA. Una vida cargada de incertidumbre y pobreza"},"content":{"rendered":"<p>&nbsp;<\/p>\n<p><strong>C\u00daCUTA.-<\/strong> \u201cEntre las 3:00 y las 5:00 de la ma\u00f1ana nos dieron plomo\u201d. Es la nueva queja de los deportados desde Venezuela, que llevan una vida cargada de incertidumbre y pobreza. Diez hombres armados los \u2018espantaron\u2019 del terreno que hab\u00edan ocupado de hecho, en procura de cumplir el anhelo de tener techo propio en C\u00facuta.<\/p>\n<p>En agosto, el presidente Nicol\u00e1s Maduro orden\u00f3 desalojar las viviendas ocupadas por colombianos en los municipios fronterizos. Cientos de familias debieron abandonar los bienes materiales y huir al otro lado del r\u00edo T\u00e1chira. Unos, viv\u00edan en San Crist\u00f3bal; otros, en San Antonio, Rubio, Ure\u00f1a.<\/p>\n<p>Despu\u00e9s de pasar esos tragos amargos y soportar las humillaciones proporcionadas por los guardias bolivarianos, se sometieron a las inclemencias en los albergues adaptados en colegios de C\u00facuta y Villa del Rosario. Ah\u00ed, recibieron atenci\u00f3n m\u00e9dica, alimentos y aportes econ\u00f3micos para pagar tres meses de arriendo. El tiempo pas\u00f3, el dinero se acab\u00f3 y los contratos vencieron.<\/p>\n<p>Ahora, soportan la tercera etapa del desarraigo. En grupo llegaron al parque Santander para dejarse ver y contar por parte de la administraci\u00f3n municipal. Buscan ayuda, exigen una casa digna para vivir y claman porque los tengan en cuenta en los programas sociales de la Alcald\u00eda. Trajeron colchonetas como las que utilizaron en los albergues y las tendieron frente a la estatua del Hombre de las Leyes.<\/p>\n<p>Marlene Ortiz P\u00e1ez es madre cabeza de hogar. \u201cEsto era algo que se ve\u00eda venir\u201d, lo dijo al mirar c\u00f3mo los ni\u00f1os corretean por las baldosas de la plaza principal. Al otro lado de la calzada est\u00e1 el palacio de la Alcald\u00eda. \u201cEl gobierno municipal anterior no hizo nada por los deportados\u201d, dijo la mujer, vocera de los despose\u00eddos.<\/p>\n<p>Los programas previstos para ayudar a esta poblaci\u00f3n incluyeron estudios en el Sena sobre oficios. El objetivo era que al terminar la preparaci\u00f3n consiguieran trabajo. \u201cMuchos hicieron dos o tres cursos y en vez de ayudar al terminar el curso nos sacaron como perros, no nos hicieron ni acto de grado\u201d, dijo con tristeza esta mujer que tiene a cargo cinco hijos y un sobrino. \u201cNo he recibido el cart\u00f3n. \u00a0Lo \u00faltimo que dijeron en el Sena es que estaban aburridos de nosotros\u201d.<\/p>\n<p>Veintid\u00f3s familias est\u00e1n en la calle y pronto saldr\u00e1n m\u00e1s, porque se les han cumplido los arriendos. El vaticinio es que el s\u00e1bado la cifra llegue a 100 y el lunes a 120. \u201c\u00bfC\u00f3mo es posible que estemos durmiendo en la calle?\u201d, se pregunt\u00f3 Marlene Ortiz. Otra mujer, tambi\u00e9n con el dolor de madre a flor de piel denunci\u00f3 que en Bienestar Familiar la amenazaron con quitarle los hijos. \u00bfLa raz\u00f3n? \u201cPorque no tenemos d\u00f3nde dejarlos. Uno est\u00e1 ac\u00e1 no porque quiere, sino porque no hay para d\u00f3nde ir. Uno no se vino de Venezuela porque quiso\u201d. \u00a0Es el lamento matizado con desesperaci\u00f3n.<\/p>\n<p>Marlene Ortiz en San Crist\u00f3bal era bachaquera. Dedicaba las horas a hacer fila en supermercados para comprar productos de la cesta b\u00e1sica y luego revenderlos a mayor precio. As\u00ed se ganaba la vida. En C\u00facuta ha tenido peque\u00f1os empleos en aseo y limpieza de viviendas, pero se acabaron las oportunidades. En los peri\u00f3dicos locales salen ofertas de trabajo con m\u00faltiples requisitos, que esta gente no puede cumplir porque no tienen referencias laborales. Ninguno ha trabajado en Colombia.<\/p>\n<p>La mayor\u00eda de los desplazados dorm\u00eda en el parque de El Rodeo. All\u00e1, los amenazaron y los sacaron a plomo. \u201cPrefiero estar aqu\u00ed, porque si me matan por lo menos me ven y me recogen r\u00e1pido\u201d, dijo con iron\u00eda Marlene. Les dieron un tiempo prudencial para largarse, porque no permitir\u00edan que ocuparan el puesto de salud.<\/p>\n<p>Despu\u00e9s de terminar el contrato de arriendo quedaron a la deriva. Buscaron un terreno en la periferia cucute\u00f1a y lo ocuparon. De ah\u00ed tambi\u00e9n los sacaron a bala. \u201cLa polic\u00eda lo sabe y el secretario de Gobierno lo sabe\u201d. Llegaron a un acuerdo para que salieran a otro sitio.<\/p>\n<p>Un hombre, desconocido, se acerc\u00f3 al grupo y pregunt\u00f3 si eran deportados o desplazados. La respuesta es que estaban en las dos condiciones. Los orient\u00f3 para que tomaran otro lote sin due\u00f1o. Le creyeron al ver que en el lugar hab\u00eda m\u00e1s familias. A las 3:00 de la ma\u00f1ana el due\u00f1o del predio mand\u00f3 a 10 hombres a que los sacara a tiros. \u201cA todo el que se ha metido lo han sacado a plomo. De 3:00 a 5:00 de la ma\u00f1ana nos dieron plomo\u201d.<\/p>\n<p><strong>RAFAEL ANTONIO PAB\u00d3N<\/strong><\/p>\n<p><a href=\"mailto:rafaelpabon58@hotmail.com\"><strong>rafaelpabon58@hotmail.com<\/strong><\/a><\/p>\n<p><strong>Foto: <\/strong><a href=\"http:\/\/www.contraluzcucuta.co\"><strong>www.contraluzcucuta.co<\/strong><\/a><\/p>\n<p><strong>\u00a0<\/strong> <\/p>\n","protected":false},"excerpt":{"rendered":"<p>&nbsp; C\u00daCUTA.- \u201cEntre las 3:00 y las 5:00 de la ma\u00f1ana nos dieron plomo\u201d. Es la nueva queja de los deportados desde Venezuela, que llevan una vida cargada de incertidumbre y pobreza. Diez hombres armados los \u2018espantaron\u2019 del terreno que hab\u00edan ocupado de hecho, en procura de cumplir el anhelo de tener techo propio en &hellip;<\/p>\n","protected":false},"author":1,"featured_media":25709,"comment_status":"open","ping_status":"open","sticky":false,"template":"","format":"standard","meta":{"footnotes":""},"categories":[7,10,36],"tags":[2483,2481,273],"class_list":["post-25708","post","type-post","status-publish","format-standard","has-post-thumbnail","hentry","category-acontecimientos","category-cronicas","category-la-voz-del-pueblo","tag-crisis-en-la-frontera","tag-deportados-desde-venezuela","tag-parque-santander"],"_links":{"self":[{"href":"https:\/\/contraluzcucuta.co\/index.php?rest_route=\/wp\/v2\/posts\/25708","targetHints":{"allow":["GET"]}}],"collection":[{"href":"https:\/\/contraluzcucuta.co\/index.php?rest_route=\/wp\/v2\/posts"}],"about":[{"href":"https:\/\/contraluzcucuta.co\/index.php?rest_route=\/wp\/v2\/types\/post"}],"author":[{"embeddable":true,"href":"https:\/\/contraluzcucuta.co\/index.php?rest_route=\/wp\/v2\/users\/1"}],"replies":[{"embeddable":true,"href":"https:\/\/contraluzcucuta.co\/index.php?rest_route=%2Fwp%2Fv2%2Fcomments&post=25708"}],"version-history":[{"count":1,"href":"https:\/\/contraluzcucuta.co\/index.php?rest_route=\/wp\/v2\/posts\/25708\/revisions"}],"predecessor-version":[{"id":25710,"href":"https:\/\/contraluzcucuta.co\/index.php?rest_route=\/wp\/v2\/posts\/25708\/revisions\/25710"}],"wp:featuredmedia":[{"embeddable":true,"href":"https:\/\/contraluzcucuta.co\/index.php?rest_route=\/wp\/v2\/media\/25709"}],"wp:attachment":[{"href":"https:\/\/contraluzcucuta.co\/index.php?rest_route=%2Fwp%2Fv2%2Fmedia&parent=25708"}],"wp:term":[{"taxonomy":"category","embeddable":true,"href":"https:\/\/contraluzcucuta.co\/index.php?rest_route=%2Fwp%2Fv2%2Fcategories&post=25708"},{"taxonomy":"post_tag","embeddable":true,"href":"https:\/\/contraluzcucuta.co\/index.php?rest_route=%2Fwp%2Fv2%2Ftags&post=25708"}],"curies":[{"name":"wp","href":"https:\/\/api.w.org\/{rel}","templated":true}]}}