{"id":25704,"date":"2016-01-14T21:24:46","date_gmt":"2016-01-15T02:24:46","guid":{"rendered":"http:\/\/contraluzcucuta.co\/?p=25704"},"modified":"2016-01-16T14:04:53","modified_gmt":"2016-01-16T19:04:53","slug":"peticion-al-presidente-audiencia-urgente-para-analizar-situacion-departamental","status":"publish","type":"post","link":"https:\/\/contraluzcucuta.co\/?p=25704","title":{"rendered":"PETICI\u00d3N AL PRESIDENTE. Audiencia urgente para analizar situaci\u00f3n departamental"},"content":{"rendered":"<p><strong>C\u00daCUTA.-<\/strong> El gobernador William Villamizar y los alcaldes del \u00c1rea Metropolitana solicitaron al presidente Juan Manuel Santos les conceda una audiencia urgente con el prop\u00f3sito de analizar la situaci\u00f3n social, econ\u00f3mica, \u00a0pol\u00edtica y de orden p\u00fablico del departamento. A la reuni\u00f3n asistir\u00edan los ministros de Defensa, Interior y Minas y Energ\u00eda; el director nacional del Sena y el general Rodolfo Palomino.<\/p>\n<p>La petici\u00f3n est\u00e1 contenida en un documento firmado por \u00a0Villamizar Laguado y los alcaldes de C\u00facuta, C\u00e9sar Rojas; Los Patios, Diego Gonz\u00e1lez; Villa del Rosario, Pepe Ruiz, y El Zulia, Elkin Caballero Ram\u00edrez. El texto de la carta es el siguiente:<\/p>\n<p>\u201cNos dirigimos a usted con el clamor del pueblo nortesantandereano y especialmente de los habitantes del \u00c1rea Metropolitana de C\u00facuta, quienes nos piden aunar esfuerzos con el Gobierno Nacional para suiperar la crisis social, econ\u00f3mica y social que atraviesa el departamento.<\/p>\n<p>Como es de su conocimiento la frontera con la hermana rep\u00fablica Bolivariana de Venezuela ha permanecido cerrada por m\u00e1s de cinco meses, situaci\u00f3n que ha conllevado a que muchas familias que derivaban su sustento del comercio binacional se encuentren en precaria situaci\u00f3n econ\u00f3mica, hasta el punto de no tener c\u00f3mo garantizar su sustento diario.<\/p>\n<p>Esto es a\u00fan m\u00e1s preocupante porque el comercio entre las dos naciones se deriva del transporte y comercializaci\u00f3n de gasolina bajo la modalidad de \u201cpimpinas\u201d, circunstancia que es contraria al ordenamiento jur\u00eddico colombiano y se constituye en una realidad de alto impacto social y econ\u00f3mico para nuestro territorio.<\/p>\n<p>Hist\u00f3ricamente, m\u00e1s de 2800 familias en el departamento se han dedicado a la comercializaci\u00f3n ilegal de gasolina, por lo que su accionar se encuentra ahora confrontado dentro de los l\u00edmites de las disposiciones contenidas en la Ley Anticontrabando, lo que ha agitado la protesta social y el descontento en la capital nortesantandereana y varios de nuestros municipios.<\/p>\n<p>Aunque somos conscientes que esta situaci\u00f3n no puede seguir siendo tolerada y que el imperio de la Ley es incontrovertible, se hace necesario que el Gobierno Nacional en su cabeza considere la posibilidad real de asignar mayores recursos de los ya destinados para atender los programas alternativos y de reconversi\u00f3n socio-laboral en beneficio de estas familias.<\/p>\n<p>Con el prop\u00f3sito de analizar al detalle esta situaci\u00f3n social, econ\u00f3mica, pol\u00edtica y de orden p\u00fablico que enfrenta nuestro departamento y el A\u00b4rea Metropolitana de C\u00facuta nos permitimos solicitarle se nos conceda una audiencia urgente que pueda ser atendida directamente por usted, se\u00f1or Presidente, en compa\u00f1\u00eda del ministro del Interior, del se\u00f1or Ministro de Minas y Energ\u00eda, del se\u00f1or Ministro de la Defensa, del director nacional del Sena y del comandante de la Polic\u00eda Nacional\u201d.<\/p>\n<p><strong>Foto: PRENSA GOBERNACI\u00d3N<\/strong><\/p>\n<p>&nbsp;<\/p>\n<p>&nbsp; <\/p>\n","protected":false},"excerpt":{"rendered":"<p>C\u00daCUTA.- El gobernador William Villamizar y los alcaldes del \u00c1rea Metropolitana solicitaron al presidente Juan Manuel Santos les conceda una audiencia urgente con el prop\u00f3sito de analizar la situaci\u00f3n social, econ\u00f3mica, \u00a0pol\u00edtica y de orden p\u00fablico del departamento. A la reuni\u00f3n asistir\u00edan los ministros de Defensa, Interior y Minas y Energ\u00eda; el director nacional del &hellip;<\/p>\n","protected":false},"author":1,"featured_media":25705,"comment_status":"open","ping_status":"open","sticky":false,"template":"","format":"standard","meta":{"footnotes":""},"categories":[556,2630,32],"tags":[2536,379,2092],"class_list":["post-25704","post","type-post","status-publish","format-standard","has-post-thumbnail","hentry","category-departamento","category-gobernacion","category-recorrido-por-la-region","tag-alcalde-de-cucuta-2016-2019","tag-gobernacion-de-norte-de-santander","tag-william-villamizar"],"_links":{"self":[{"href":"https:\/\/contraluzcucuta.co\/index.php?rest_route=\/wp\/v2\/posts\/25704","targetHints":{"allow":["GET"]}}],"collection":[{"href":"https:\/\/contraluzcucuta.co\/index.php?rest_route=\/wp\/v2\/posts"}],"about":[{"href":"https:\/\/contraluzcucuta.co\/index.php?rest_route=\/wp\/v2\/types\/post"}],"author":[{"embeddable":true,"href":"https:\/\/contraluzcucuta.co\/index.php?rest_route=\/wp\/v2\/users\/1"}],"replies":[{"embeddable":true,"href":"https:\/\/contraluzcucuta.co\/index.php?rest_route=%2Fwp%2Fv2%2Fcomments&post=25704"}],"version-history":[{"count":1,"href":"https:\/\/contraluzcucuta.co\/index.php?rest_route=\/wp\/v2\/posts\/25704\/revisions"}],"predecessor-version":[{"id":25706,"href":"https:\/\/contraluzcucuta.co\/index.php?rest_route=\/wp\/v2\/posts\/25704\/revisions\/25706"}],"wp:featuredmedia":[{"embeddable":true,"href":"https:\/\/contraluzcucuta.co\/index.php?rest_route=\/wp\/v2\/media\/25705"}],"wp:attachment":[{"href":"https:\/\/contraluzcucuta.co\/index.php?rest_route=%2Fwp%2Fv2%2Fmedia&parent=25704"}],"wp:term":[{"taxonomy":"category","embeddable":true,"href":"https:\/\/contraluzcucuta.co\/index.php?rest_route=%2Fwp%2Fv2%2Fcategories&post=25704"},{"taxonomy":"post_tag","embeddable":true,"href":"https:\/\/contraluzcucuta.co\/index.php?rest_route=%2Fwp%2Fv2%2Ftags&post=25704"}],"curies":[{"name":"wp","href":"https:\/\/api.w.org\/{rel}","templated":true}]}}