{"id":25698,"date":"2016-01-14T19:36:40","date_gmt":"2016-01-15T00:36:40","guid":{"rendered":"http:\/\/contraluzcucuta.co\/?p=25698"},"modified":"2016-01-16T11:36:28","modified_gmt":"2016-01-16T16:36:28","slug":"opinion-cucuta-emprende-produce-y-compite","status":"publish","type":"post","link":"https:\/\/contraluzcucuta.co\/?p=25698","title":{"rendered":"OPINI\u00d3N. C\u00facuta emprende, produce y compite"},"content":{"rendered":"<p>Ante la crisis que ha vivido C\u00facuta durante la \u00faltima d\u00e9cada por falta de pol\u00edticas p\u00fablicas claras para generar empresa e\u00a0industria, y crear empleo estable, o en su defecto fortalecer la existente en un trabajo articulado interinstitucional y gremialmente para garantizar fuentes de empleo sostenibles que contrarresten la ilegalidad y la informalidad comunes en esta zona de frontera, observamos que, por el contrario, crece a pasos agigantados el trabajo informal como la principal actividad de fuente de empleo \u00a0y de ingresos de los habitantes de C\u00facuta y el \u00e1rea metropolitana.<\/p>\n<p>El tema se ha visibilizado recientemente, \u00a0tanto nacional como internacionalmente para que los ojos del mundo est\u00e9n puestos en\u00a0 esta zona fronteriza, principalmente en Venezuela por los resultados electorales del 6 de diciembre que generan expectativas tanto para Colombia como para el mundo<\/p>\n<p>Esta informalidad, que supera el 72 por ciento, seg\u00fan cifras oficiales, y que mantiene a la ciudad en el primer lugar del pa\u00eds con esta modalidad de trabajo, representada en ventas informales, ambulantes y estacionarias, como venta de gasolina en las calles, productos perecederos, hayacas, venta de pasteles, avena, agua panela, jugos, pizza, entre otros, los \u2018maneros\u2019 que cambian pesos por bol\u00edvares o viceversa, los giros que provienen en d\u00f3lares (Cupos Cadivi), \u00a0exportaciones ficticias, etc\u00e9tera, productos manufacturados (carteras, bolsos, correas, ropa interior, blusas, suelas de zapatos, pantalones, ropa de beb\u00e9,\u00a0cachivaches \u00a0y venta de alimentos o productos venezolanos, entre otros), estos \u00faltimos sal\u00edan en gran cantidad del vecino pa\u00eds de manera ilegal (contrabando), a la vista de guardias y polic\u00edas de lado y lado de la frontera y eran \u00a0vendidos por unidades o al por mayor en sitios conocidos de la frontera del lado de Colombia, como La Parada (Villa del Rosario), la calle sexta,\u00a0 Cenabastos y la Nueva Sexta (C\u00facuta).<\/p>\n<p>En estas actividades ilegales e informales participan miles de \u00a0familias de la frontera,\u00a0 unas que \u00a0aprovechan la triangulaci\u00f3n del d\u00f3lar frente al peso y el bol\u00edvar fuerte, para manipular los controles y hacer de las suyas en una \u00a0econom\u00eda subterr\u00e1nea, y otras que sobreviven de estas diferentes \u00a0actividades que ofrece\u00a0 el intercambio de compraventa de productos venezolanos de manera ilegal. Ahora bien \u00bfpor qu\u00e9 las familias se ven inmersas en estas actividades? Por no encontrar alternativas de empleo que les permita subsistir, donde de alguna manera para los gobiernos local y nacional le servir\u00eda para acabar o mitigar con este problema que afecta las econom\u00edas de los dos pa\u00edses, en especial la de la regi\u00f3n de frontera, hasta el punto de que hoy se le responsabiliza a Colombia del desabastecimiento de alimentos y productos de primera necesidad, lo que produjo la decisi\u00f3n unilateral del presidente de la Rep\u00fablica Bolivariana de Venezuela, Nicol\u00e1s Maduro Moros, de declarar \u00a0el cierre indefinido de la frontera y en la misma forma el estado de excepci\u00f3n por dos meses, que agudizo la crisis social y econ\u00f3mica en este corredor binacional desde el 22 de agosto.<\/p>\n<p>Por fortuna para el \u00c1rea Metropolitana de C\u00facuta, esta decisi\u00f3n unilateral hoy nos permite tener\u00a0 claridad de nuestra econom\u00eda para tomar algunas medidas de corto plazo por parte del Gobierno para contrarrestar el impacto negativo del cierre de frontera y lograr mejorar en ventas con algunos art\u00edculos nuestros de la canasta familiar, \u00a0y lo mejor el cambio que tiene la ciudad al eliminar los pimpineros o bombas de gasolina callejeras.<\/p>\n<p>Todo esto nos genera varios interrogantes \u00bfPor qu\u00e9 raz\u00f3n? \u00bfCu\u00e1l es la causa? \u00bfCu\u00e1l es la posible soluci\u00f3n? Al revisar los planes de desarrollo de las\u00a0 \u00faltimas tres administraciones municipales, con sus respectivos programas de gobierno, Progreso para todos, de Ramiro Su\u00e1rez Corzo (2004 \u2013 2007); C\u00facuta Solidaria y Competitiva, de Mar\u00eda Eugenia Riascos (2008 \u2013 2011), y C\u00facuta para Grandes Cosas, \u00a0de Donamaris Ram\u00edrez (2012 \u2013 2015) encontramos cada uno con sombras y luces que nos permiten concluir e identificar la respuesta del por qu\u00e9. \u00a1Falta de planeaci\u00f3n con prospectiva en los ejes transversales que requiere la ciudad-regi\u00f3n!<\/p>\n<p>Al analizarlos en relaci\u00f3n al tema \u00a0econ\u00f3mico que conduce al fortalecimiento empresarial \u00a0y la creaci\u00f3n de empresas o industrias que fomenten \u00a0la generaci\u00f3n de empleo estable, encontramos cu\u00e1l es la causa. \u00a0\u00a1La falta de coherencia o trazabilidad de uno a otro periodo de gobierno en ejes transversales como infraestructura vial, servicios p\u00fablicos y conectividad. A su vez, la falta de pol\u00edtica p\u00fablica para el fomento y el fortalecimiento empresarial que permita el desarrollo socio econ\u00f3mico que brinde oportunidades de empleo y bienestar a la sociedad!<\/p>\n<p>\u00bfCu\u00e1l es la posible Soluci\u00f3n?<\/p>\n<p>Al iniciar este nuevo a\u00f1o todos los empresarios realizamos un balance del a\u00f1o que termina y planeamos para corregir los errores cometidos, para proyectarnos con eficacia y eficiencia como lograr con efectividad nuestras metas; as\u00ed mismo queremos para nuestra ciudad y regi\u00f3n fronteriza, nos corresponde como sociedad civil exigirles a las Administraciones, tanto Departamental, y del \u00e1rea Metropolitana, que se priorice las necesidades expuestas y se le d\u00e9 continuidad a los procesos que ya se iniciaron en un entramado interinstitucional p\u00fablico-privado para lograr una C\u00facuta que emprende, produce y compite, para salir del \u201cpeladero\u201d m\u00e1xime cuando se cuenta con un gobernador que ya ejerci\u00f3 y conoce de primera mano las necesidades de la regi\u00f3n y un alcalde metropolitano que con su mentor tiene el reto de transformar lo oscuro del pasado en luz para el futuro inmediato.<\/p>\n<p><strong>ALVARO A. ESCOBAR <\/strong><\/p>\n<p><strong>Presidente Corpoaliarse<\/strong><\/p>\n<p><strong>Foto: <a href=\"http:\/\/www.contraluzcucuta.co\">www.contraluzcucuta.co<\/a><\/strong><\/p>\n<p><strong>\u00a0<\/strong><\/p>\n<p>&nbsp;<\/p>\n<p>&nbsp;<\/p>\n<p>&nbsp;<\/p>\n<p>&nbsp; <\/p>\n","protected":false},"excerpt":{"rendered":"<p>Ante la crisis que ha vivido C\u00facuta durante la \u00faltima d\u00e9cada por falta de pol\u00edticas p\u00fablicas claras para generar empresa e\u00a0industria, y crear empleo estable, o en su defecto fortalecer la existente en un trabajo articulado interinstitucional y gremialmente para garantizar fuentes de empleo sostenibles que contrarresten la ilegalidad y la informalidad comunes en esta &hellip;<\/p>\n","protected":false},"author":1,"featured_media":25699,"comment_status":"open","ping_status":"open","sticky":false,"template":"","format":"standard","meta":{"footnotes":""},"categories":[14,6],"tags":[2652,1850],"class_list":["post-25698","post","type-post","status-publish","format-standard","has-post-thumbnail","hentry","category-articulistas","category-ojo-avizor","tag-informalidad-en-cucuta","tag-ventas-ambulantes-en-cucuta"],"_links":{"self":[{"href":"https:\/\/contraluzcucuta.co\/index.php?rest_route=\/wp\/v2\/posts\/25698","targetHints":{"allow":["GET"]}}],"collection":[{"href":"https:\/\/contraluzcucuta.co\/index.php?rest_route=\/wp\/v2\/posts"}],"about":[{"href":"https:\/\/contraluzcucuta.co\/index.php?rest_route=\/wp\/v2\/types\/post"}],"author":[{"embeddable":true,"href":"https:\/\/contraluzcucuta.co\/index.php?rest_route=\/wp\/v2\/users\/1"}],"replies":[{"embeddable":true,"href":"https:\/\/contraluzcucuta.co\/index.php?rest_route=%2Fwp%2Fv2%2Fcomments&post=25698"}],"version-history":[{"count":1,"href":"https:\/\/contraluzcucuta.co\/index.php?rest_route=\/wp\/v2\/posts\/25698\/revisions"}],"predecessor-version":[{"id":25700,"href":"https:\/\/contraluzcucuta.co\/index.php?rest_route=\/wp\/v2\/posts\/25698\/revisions\/25700"}],"wp:featuredmedia":[{"embeddable":true,"href":"https:\/\/contraluzcucuta.co\/index.php?rest_route=\/wp\/v2\/media\/25699"}],"wp:attachment":[{"href":"https:\/\/contraluzcucuta.co\/index.php?rest_route=%2Fwp%2Fv2%2Fmedia&parent=25698"}],"wp:term":[{"taxonomy":"category","embeddable":true,"href":"https:\/\/contraluzcucuta.co\/index.php?rest_route=%2Fwp%2Fv2%2Fcategories&post=25698"},{"taxonomy":"post_tag","embeddable":true,"href":"https:\/\/contraluzcucuta.co\/index.php?rest_route=%2Fwp%2Fv2%2Ftags&post=25698"}],"curies":[{"name":"wp","href":"https:\/\/api.w.org\/{rel}","templated":true}]}}