{"id":25695,"date":"2016-01-14T19:00:50","date_gmt":"2016-01-15T00:00:50","guid":{"rendered":"http:\/\/contraluzcucuta.co\/?p=25695"},"modified":"2016-01-16T10:45:07","modified_gmt":"2016-01-16T15:45:07","slug":"concejo-de-cucuta-a-sandra-angarita-se-le-cumplio-el-sueno","status":"publish","type":"post","link":"https:\/\/contraluzcucuta.co\/?p=25695","title":{"rendered":"CONCEJO DE C\u00daCUTA. A Sandra Angarita se le cumpli\u00f3 el sue\u00f1o"},"content":{"rendered":"<p><strong>C\u00daCUTA.-<\/strong> \u201cS\u00ed juro\u201d, dijo Sandra Patricia Angarita G\u00f3mez delante de los 19 jefes que tendr\u00e1 por este a\u00f1o. Estaba convencida del valor de esa frase que por estos d\u00edas se repite en plazas p\u00fablicas y despachos oficiales. Hace 20 a\u00f1os quer\u00eda gritarla y ahora se le dio la oportunidad, en el momento justo y preciso de su vida.<\/p>\n<p>Esta cucute\u00f1a, contadora p\u00fablica egresada de la Universidad Libre y especialista en gesti\u00f3n p\u00fablica en la Esap, es la nueva secretaria del Concejo de C\u00facuta. El cargo no le es ajeno, puesto que ha vivido las dos \u00faltimas d\u00e9cadas en medio de sesiones, reuniones y encargos en la corporaci\u00f3n municipal.<\/p>\n<p>A esta mujer casada, madre de dos ni\u00f1as y de ojos claros expresivos la experiencia la ayud\u00f3 a vencer a los otros seis aspirantes a quedarse con la oficina que hoy ocupa. El rival m\u00e1s duro era su antecesor, amigo y tutor Yesid Montes. Los dos llegaron a la \u00faltima instancia y 18 concejales se inclinaron por su nombre. El otro decidi\u00f3 votar en contra.<\/p>\n<p>Lo que m\u00e1s le gusta del trabajo es el grupo de empleados con los que comparte las horas del d\u00eda. Los ve comprometidos con el cuerpo colegiado y llevan los mismos a\u00f1os ah\u00ed. Ha visto llegar a concejales j\u00f3venes, experimentados, hombres, mujeres, unos se quedan, otros se van al siguiente periodo. \u201cSe trabaja muy bueno, es un entorno laboral agradable\u201d.<\/p>\n<p>Para atender los gustos y quereres de los miembros del Concejo tiene una f\u00f3rmula f\u00e1cil que ha aplicado y le ha dado resultado. \u201cLas mujeres lo podemos todo\u201d. Lo dijo con seguridad, mientras trazaba una leve sonrisa que hac\u00eda juego perfecto con el brillo de los ojos. Los 19 son diferentes, lo tiene claro, cada uno tiene su personalidad. A los antiguos les tiene la medida y a los nuevos apenas los comienza a conocer.<\/p>\n<p>Como secretaria tiene la funci\u00f3n de atender solicitudes, quejas y propuestas de la comunidad. \u201cSiempre estar\u00e9 dispuesta a atender a todos los que necesiten algo\u201d. Esta tarea no le es desconocida, porque la ha cumplido en a\u00f1os anteriores. Los cucute\u00f1os, en esas cartas o comunicaciones, lo que m\u00e1s piden es que los tengan en cuenta a la hora de hacer el reparto de las inversiones en el presupuesto para solucionar carencias en diversos \u00f3rdenes.<\/p>\n<p>Sandra Angarita ha trabajado con muchos presidentes de la mesa directiva y podr\u00eda calificar a cada uno por sus actuaciones. De V\u00edctor Su\u00e1rez est\u00e1 segura de que es organizado, ordenado, le gusta el trabajo bien hecho, es incansable y ante todo \u201ces un excelente ser humano\u201d.<\/p>\n<p>Las sesiones, por largas y tediosas que resulten a ra\u00edz de los debates en los que se enfrascan los concejales no la estresan. Est\u00e1 acostumbrada al ritmo, a los discursos, a los enfrentamientos, a los desaires y, a veces, a los insultos. El hacer parte de tres comisiones de estudio la ha llevado a conocer a fondo el tejemaneje de la corporaci\u00f3n como para no dejarse sobresaltar por el exceso de responsabilidades.<\/p>\n<p>Del antecesor Yesid Montes guarda los mejores recuerdos y no se detiene para lanzar una frase para definirlo. \u201cEs un ser humano espectacular\u201d, por quien guarda aprecio y el reconocimiento del buen jefe, el amigo, al que le aprendi\u00f3 la nobleza, la paciencia, la inteligencia.<\/p>\n<p>A pesar de estos atributos que le reconoce no le dio temor enfrentarlo en el concurso y competir para alcanzar este cargo. \u201cHabl\u00e1bamos y sab\u00eda que yo aspiraba\u201d. El a\u00f1o pasado tambi\u00e9n se encontraron en el camino de los aspirantes. Yesid recibi\u00f3 el apoyo de los concejales y Sandra guard\u00f3 el anhelo para otra ocasi\u00f3n.<\/p>\n<p>Y esa oportunidad se dio este a\u00f1o por la carrera hecha en el Concejo, por el trabajo, por la constancia, por la dedicaci\u00f3n, porque Dios quiso y no se guard\u00f3 m\u00e1s el tiempo para permitirle cumplir ese sue\u00f1o que aliment\u00f3 durante a\u00f1os. \u201cMe gan\u00e9 este espacio, poco a poco\u201d. A esa paciencia le suma la fe que tiene en que \u201cel tiempo de Dios es perfecto. Mi tiempo era este, no era otro sino este\u201d.<\/p>\n<p>Ahora, anhela seguir con lo bueno que se ha hecho y aportar m\u00e1s, llenar las expectativas que la mesa directiva tiene y estar atenta para que todo se lleve a cabo\u201d. Para cumplir esas metas ha estudiado y no se ha quedado con el t\u00edtulo profesional, sino que ha puesto inter\u00e9s en conocer lo propio del Concejo, los proyectos de acuerdo, las normas internas y las disposiciones legales.<\/p>\n<p>Sandra Patricia no lleg\u00f3 por azar a la secretar\u00eda de la corporaci\u00f3n p\u00fablica municipal. Si bien recibi\u00f3 el respaldo de los concejales, fue un anhelo que siempre tuvo, por eso present\u00f3 muchas hojas de vida para el cargo. No se le dio cuando los que eleg\u00edan eran viejos conocidos, sino ahora, cuando los encargados de la selecci\u00f3n est\u00e1n reci\u00e9n llegados a las curules.<\/p>\n<p>Vuelve a sonre\u00edr, porque le queda bien. Y reitera que esa es otra prueba de que \u201cel tiempo de Dios es perfecto\u201d.<\/p>\n<p><strong>RAFAEL ANTONIO PAB\u00d3N<\/strong><\/p>\n<p><a href=\"mailto:rafaelpabon58@hotmail.com\"><strong>rafaelpabon58@hotmail.com<\/strong><\/a><\/p>\n<p><strong>Foto: PRENSA CONCEJO DE C\u00daCUTA<\/strong><\/p>\n<p>&nbsp;<\/p>\n<p>&nbsp; <\/p>\n","protected":false},"excerpt":{"rendered":"<p>C\u00daCUTA.- \u201cS\u00ed juro\u201d, dijo Sandra Patricia Angarita G\u00f3mez delante de los 19 jefes que tendr\u00e1 por este a\u00f1o. Estaba convencida del valor de esa frase que por estos d\u00edas se repite en plazas p\u00fablicas y despachos oficiales. Hace 20 a\u00f1os quer\u00eda gritarla y ahora se le dio la oportunidad, en el momento justo y preciso &hellip;<\/p>\n","protected":false},"author":1,"featured_media":25696,"comment_status":"open","ping_status":"open","sticky":false,"template":"","format":"standard","meta":{"footnotes":""},"categories":[541,36],"tags":[197,2651],"class_list":["post-25695","post","type-post","status-publish","format-standard","has-post-thumbnail","hentry","category-ciudad","category-la-voz-del-pueblo","tag-concejo-de-cucuta","tag-sandra-angarita"],"_links":{"self":[{"href":"https:\/\/contraluzcucuta.co\/index.php?rest_route=\/wp\/v2\/posts\/25695","targetHints":{"allow":["GET"]}}],"collection":[{"href":"https:\/\/contraluzcucuta.co\/index.php?rest_route=\/wp\/v2\/posts"}],"about":[{"href":"https:\/\/contraluzcucuta.co\/index.php?rest_route=\/wp\/v2\/types\/post"}],"author":[{"embeddable":true,"href":"https:\/\/contraluzcucuta.co\/index.php?rest_route=\/wp\/v2\/users\/1"}],"replies":[{"embeddable":true,"href":"https:\/\/contraluzcucuta.co\/index.php?rest_route=%2Fwp%2Fv2%2Fcomments&post=25695"}],"version-history":[{"count":1,"href":"https:\/\/contraluzcucuta.co\/index.php?rest_route=\/wp\/v2\/posts\/25695\/revisions"}],"predecessor-version":[{"id":25697,"href":"https:\/\/contraluzcucuta.co\/index.php?rest_route=\/wp\/v2\/posts\/25695\/revisions\/25697"}],"wp:featuredmedia":[{"embeddable":true,"href":"https:\/\/contraluzcucuta.co\/index.php?rest_route=\/wp\/v2\/media\/25696"}],"wp:attachment":[{"href":"https:\/\/contraluzcucuta.co\/index.php?rest_route=%2Fwp%2Fv2%2Fmedia&parent=25695"}],"wp:term":[{"taxonomy":"category","embeddable":true,"href":"https:\/\/contraluzcucuta.co\/index.php?rest_route=%2Fwp%2Fv2%2Fcategories&post=25695"},{"taxonomy":"post_tag","embeddable":true,"href":"https:\/\/contraluzcucuta.co\/index.php?rest_route=%2Fwp%2Fv2%2Ftags&post=25695"}],"curies":[{"name":"wp","href":"https:\/\/api.w.org\/{rel}","templated":true}]}}