{"id":25692,"date":"2016-01-14T16:02:41","date_gmt":"2016-01-14T21:02:41","guid":{"rendered":"http:\/\/contraluzcucuta.co\/?p=25692"},"modified":"2016-01-16T10:04:35","modified_gmt":"2016-01-16T15:04:35","slug":"actividad-edificadora-el-ano-cerro-con-557-365-metros-cuadrados-aprobados","status":"publish","type":"post","link":"https:\/\/contraluzcucuta.co\/?p=25692","title":{"rendered":"ACTIVIDAD EDIFICADORA. El a\u00f1o cerr\u00f3 con\u00a0 557.365 metros cuadrados aprobados"},"content":{"rendered":"<p><strong>C\u00daCUTA.-<\/strong> La actividad edificadora en Norte de Santander, en el 2015, super\u00f3 en 27,34 por ciento lo alcanzado en el 2014. El a\u00f1o cerr\u00f3 con\u00a0 557.365 metros cuadrados de edificaci\u00f3n. El balance lo entreg\u00f3 Ricardo Uraz\u00e1n, representante legal de Camacol Norte de Santander.<\/p>\n<p>Los resultados generales de la actividad edificadora dejan la satisfacci\u00f3n de haber contado con respaldo del Gobierno, mediante los programas de vivienda social. Al observar el desarrollo de los planes de vivienda se observa un crecimiento significativo, en relaci\u00f3n con el ejercicio del 2014.<\/p>\n<p>Las cifras se\u00f1aladas no corresponden de manera exclusiva a vivienda. En C\u00facuta participa un n\u00famero importante correspondiente a un centro comercial, cercano a los 50.000 metros cuadrados, considerados en su desarrollo aprobado.<\/p>\n<p>\u201cLo anterior hace suponer que el estudio de mercado inmobiliario respectivo indica la existencia de una demanda efectiva para colmar la oferta del centro comercial\u201d, explic\u00f3 Uraz\u00e1n en el informe de las actividades anuales.<\/p>\n<p>En lo relacionado con la entrante administraci\u00f3n municipal, encabezada por C\u00e9sar Rojas, Camacol espera que \u201cavance con mayor eficiencia que la anterior\u201d, direccionada por Donamaris Ram\u00edrez.<\/p>\n<p>El vocero gremial destac\u00f3 que desde el inicio el alcalde anunci\u00f3 el impulso que piensa imprimirse a la Nueva Central de Trasportes. Los trabajos est\u00e1n suspendidos hace algo m\u00e1s de dos a\u00f1os. \u201cSer\u00e1 importante culminar ese proyecto para apalancar el crecimiento de la zona aleda\u00f1a al reci\u00e9n culminado anillo vial occidental y la pronta culminaci\u00f3n del puente respectivo sobre el r\u00edo Pamplonita\u201d.<\/p>\n<p>Rojas Ayala, en el discurso de posesi\u00f3n el primero de enero, hizo referencia a la obra y el inter\u00e9s que pondr\u00e1 el gobierno municipal para sacarla adelante. La construcci\u00f3n de la Nueva Terminal comenz\u00f3 en la alcald\u00eda de Mar\u00eda Eugenia Riascos (2008 \u2013 2011).<\/p>\n<p>Los n\u00fameros entregados por Camacol para tres municipios del \u00c1rea Metropolitana son:<\/p>\n<p>1.- C\u00facuta. El cierre anual de la actividad edificadora resulta significativo para el fortalecimiento del desarrollo regional. La cifra apreciada en diciembre, es parecida al mismo mes del 2014, pero diferente y mayor a noviembre del 2015. En la capital del departamento hubo 79.805,43 metros cuadrados licenciados.<\/p>\n<p>2.- Villa del Rosario. La cifra es trascendental para el desarrollo municipal en muchos aspectos de la econom\u00eda local. La cantidad no se apreciaba \u00a0desde el 2012. En diciembre del 2014, se observ\u00f3 un guarismo de magnitud similar. Ayuda al fortalecimiento metropolitano que alcanza una cifra importante en el contexto nacional para ciudades de poblaci\u00f3n reducida. El tope fue de 42.221,74 metros cuadrados.<\/p>\n<p>3.- Los Patios. Cierra el 2015 con actividad plausible luego de soportar cifras con\u00a0 magnitud reducida. La cifra permite entrever que la demanda efectiva para vivienda diferente a la social contin\u00faa alejada y sin argumentaci\u00f3n v\u00e1lida para que reaparezca pronto. En el municipio se reportaron 12.481,70 metros cuadrados.<\/p>\n<p><strong>Foto: www.contraluzcucuta.co<\/strong><\/p>\n<p><strong>\u00a0<\/strong> <\/p>\n","protected":false},"excerpt":{"rendered":"<p>C\u00daCUTA.- La actividad edificadora en Norte de Santander, en el 2015, super\u00f3 en 27,34 por ciento lo alcanzado en el 2014. El a\u00f1o cerr\u00f3 con\u00a0 557.365 metros cuadrados de edificaci\u00f3n. El balance lo entreg\u00f3 Ricardo Uraz\u00e1n, representante legal de Camacol Norte de Santander. Los resultados generales de la actividad edificadora dejan la satisfacci\u00f3n de haber &hellip;<\/p>\n","protected":false},"author":1,"featured_media":25693,"comment_status":"open","ping_status":"open","sticky":false,"template":"","format":"standard","meta":{"footnotes":""},"categories":[556,32],"tags":[1799,827],"class_list":["post-25692","post","type-post","status-publish","format-standard","has-post-thumbnail","hentry","category-departamento","category-recorrido-por-la-region","tag-actividad-edificadora-en-cucuta","tag-camacol-norte-de-santander"],"_links":{"self":[{"href":"https:\/\/contraluzcucuta.co\/index.php?rest_route=\/wp\/v2\/posts\/25692","targetHints":{"allow":["GET"]}}],"collection":[{"href":"https:\/\/contraluzcucuta.co\/index.php?rest_route=\/wp\/v2\/posts"}],"about":[{"href":"https:\/\/contraluzcucuta.co\/index.php?rest_route=\/wp\/v2\/types\/post"}],"author":[{"embeddable":true,"href":"https:\/\/contraluzcucuta.co\/index.php?rest_route=\/wp\/v2\/users\/1"}],"replies":[{"embeddable":true,"href":"https:\/\/contraluzcucuta.co\/index.php?rest_route=%2Fwp%2Fv2%2Fcomments&post=25692"}],"version-history":[{"count":1,"href":"https:\/\/contraluzcucuta.co\/index.php?rest_route=\/wp\/v2\/posts\/25692\/revisions"}],"predecessor-version":[{"id":25694,"href":"https:\/\/contraluzcucuta.co\/index.php?rest_route=\/wp\/v2\/posts\/25692\/revisions\/25694"}],"wp:featuredmedia":[{"embeddable":true,"href":"https:\/\/contraluzcucuta.co\/index.php?rest_route=\/wp\/v2\/media\/25693"}],"wp:attachment":[{"href":"https:\/\/contraluzcucuta.co\/index.php?rest_route=%2Fwp%2Fv2%2Fmedia&parent=25692"}],"wp:term":[{"taxonomy":"category","embeddable":true,"href":"https:\/\/contraluzcucuta.co\/index.php?rest_route=%2Fwp%2Fv2%2Fcategories&post=25692"},{"taxonomy":"post_tag","embeddable":true,"href":"https:\/\/contraluzcucuta.co\/index.php?rest_route=%2Fwp%2Fv2%2Ftags&post=25692"}],"curies":[{"name":"wp","href":"https:\/\/api.w.org\/{rel}","templated":true}]}}