{"id":25659,"date":"2016-01-08T20:40:40","date_gmt":"2016-01-09T01:40:40","guid":{"rendered":"http:\/\/contraluzcucuta.co\/?p=25659"},"modified":"2016-01-12T16:31:19","modified_gmt":"2016-01-12T21:31:19","slug":"contraloria-departamental-iniciamos-una-nueva-tarea-profesional-silvano","status":"publish","type":"post","link":"https:\/\/contraluzcucuta.co\/?p=25659","title":{"rendered":"CONTRALOR\u00cdA DEPARTAMENTAL. \u201cIniciamos una nueva tarea profesional\u201d: Silvano"},"content":{"rendered":"<p><strong>CONTRALOR\u00cdA DEPARTAMENTAL<\/strong>. \u201cIniciamos una nueva tarea profesional\u201d: Silvano<\/p>\n<p><strong>C\u00daCUTA.-<\/strong> Las miradas y los pensamientos del departamento pol\u00edtico, en los \u00faltimos d\u00edas del 2015, estaban puestos en la elecci\u00f3n del Contralor de Norte de Santander. Las agujas de las apuestas apuntaban a un nombre y los diputados, por unanimidad, lo confirmaron. Este 8 de enero, se ratific\u00f3 la voluntad de los miembros de la Asamblea, y el titular del cargo fiscalizador es Silvano Serrano.<\/p>\n<p>Las suspicacias aparecieron entre los opositores a William Villamizar como gobernador y cargaron los comentarios con frases contundentes. \u2018Ser\u00e1 un Contralor de bolsillo\u2019, dijeron unos; mientras otros preguntaban con igual inquina \u2018\u00bfc\u00f3mo podr\u00e1 controlar a su exjefe?\u2019. La respuesta a esas inquietudes las tiene el reci\u00e9n posesionado.<\/p>\n<p>\u201cIniciamos una nueva tarea profesional, un nuevo reto, con muchos deseos de trabajar por Norte de Santander, con un gran compromiso de desarrollar una gesti\u00f3n fiscal coherente con el mandato constitucional y legal, principalmente enfocado a la trasparencia, la eficiencia y la participaci\u00f3n ciudadana\u201d.<\/p>\n<p>Para cumplir con los objetivos trazados, el contralor Serrano conformar\u00e1 el equipo de trabajo con el subcontralor, los contralores auxiliares y los asesores. Har\u00e1 equipo con el gobierno departamental, con los alcaldes y con los organismos de control para ejercer control fiscal preventivo.<\/p>\n<p>La posesi\u00f3n se llev\u00f3 a cabo en un ambiente de alegr\u00eda y de reconocimiento para con el funcionario. Entre los halagos destac\u00f3 el de la superaci\u00f3n personal y profesional por haber pasado de mensajero de la Contralor\u00eda, dos d\u00e9cadas atr\u00e1s, a titular del despacho encargado de la fiscalizaci\u00f3n.<\/p>\n<p>El recorrido de este hombre nacido en Villa Caro lo pasea por el mundo de la administraci\u00f3n p\u00fablica. Los \u00a020 a\u00f1os de experiencia los ha forjado en la gesti\u00f3n p\u00fablica, la academia, la Esap, la subgerencia de la EIS, la secretar\u00eda general de la Gobernaci\u00f3n, la Gobernaci\u00f3n como encargado y la presidencia de las juntas directivas de los hospitales de Norte de Santander, de las universidades p\u00fablicas regionales, de Indenorte, Ifinorte y la Loter\u00eda de C\u00facuta.<\/p>\n<p>\u201cEse es el bagaje, la experiencia, el conocimiento y la estructura como profesional para prestar el servicio adecuado al frente de la Contralor\u00eda\u201d, lo dijo con tranquilidad y seguro de que se le qued\u00f3 en la memoria otro puesto ocupado.<\/p>\n<p>Para los que creen que actuar\u00e1 con mano suave frente a las actuaciones del gobernador Villamizar dijo con plena seguridad que \u201ctengo un mandato legal y constitucional. Lo voy a desarrollar, porque as\u00ed me lo manda la ley\u201d. Adem\u00e1s, es consciente de que \u201ca la Contralor\u00eda tambi\u00e9n la rondan\u201d. La Auditor\u00eda General de la Rep\u00fablica es la encargada de vigilar el desarrollo de la gesti\u00f3n de las contralor\u00edas. Por eso, sin titubear, afirm\u00f3 que \u201cno vamos a ser una rueda suelta, sino parte del sistema de la gesti\u00f3n fiscal que existe en el pa\u00eds\u201d.<\/p>\n<p>Silvano Serrano agradeci\u00f3 a los diputados la votaci\u00f3n con la que gan\u00f3 el cargo. \u201cLa Contralor\u00eda es un espacio de representaci\u00f3n del pueblo. Ese respaldo un\u00e1nime de los diputados lo que genera es un gran compromiso en no defraudar esa confianza y nos obliga a desarrollar esta tarea con eficacia y trasparencia\u201d.<\/p>\n<p>El control fiscal y la participaci\u00f3n ciudadana son instrumentos que desde la Constituci\u00f3n de 1991 funcionan, est\u00e1n en la norma legal y lo que debe hacerse es comenzar a implementarlas. La comunidad, en este periodo que se extender\u00e1 por cuatro a\u00f1os, podr\u00e1 por medio de las tecnolog\u00edas de la informaci\u00f3n y las comunicaciones (TIC) presentar quejas, peticiones y recursos; enviar fotograf\u00edas y dar a conocer avances de obras.<\/p>\n<p>\u201cEn la medida que desarrollemos la tarea de entregar competencias de formaci\u00f3n a los servidores p\u00fablicos vamos a disminuir el riesgo que existe de que el patrimonio municipal y de las entidades departamentales se vea afectado por la corrupci\u00f3n\u201d.<\/p>\n<p>La Contralor\u00eda Departamental tiene autonom\u00eda presupuestal, financiera y administrativa. Aunque es una entidad aut\u00f3noma mantiene relaci\u00f3n permanente con la Contralor\u00eda General de la Rep\u00fablica, con la Auditor\u00eda y con los dem\u00e1s \u00f3rganos de control por medio de las instancias que existen para la lucha contra la corrupci\u00f3n.<\/p>\n<p>Los programas espec\u00edficos sobre los que estar\u00e1 enfocada la labor de Silvano Serrano son los siguientes:<\/p>\n<p>1.- Visibilizaci\u00f3n de la gesti\u00f3n del control fiscal<\/p>\n<p>2.- Control social de la gesti\u00f3n p\u00fablica<\/p>\n<p>3.- Control fiscal participativo, mediante la competencia ciudadana.<\/p>\n<p><strong>RAFAEL ANTONIO PAB\u00d3N<\/strong><\/p>\n<p><strong><a href=\"mailto:rafaelpabon58@hotmail.com\">rafaelpabon58@hotmail.com<\/a><\/strong><\/p>\n<p><strong>Foto: MARTA ESTELA ROJAS<\/strong><\/p>\n<p>&nbsp; <\/p>\n","protected":false},"excerpt":{"rendered":"<p>CONTRALOR\u00cdA DEPARTAMENTAL. \u201cIniciamos una nueva tarea profesional\u201d: Silvano C\u00daCUTA.- Las miradas y los pensamientos del departamento pol\u00edtico, en los \u00faltimos d\u00edas del 2015, estaban puestos en la elecci\u00f3n del Contralor de Norte de Santander. Las agujas de las apuestas apuntaban a un nombre y los diputados, por unanimidad, lo confirmaron. Este 8 de enero, se &hellip;<\/p>\n","protected":false},"author":1,"featured_media":25660,"comment_status":"open","ping_status":"open","sticky":false,"template":"","format":"standard","meta":{"footnotes":""},"categories":[556,2630,6],"tags":[688,2640,1370,2641,2092],"class_list":["post-25659","post","type-post","status-publish","format-standard","has-post-thumbnail","hentry","category-departamento","category-gobernacion","category-ojo-avizor","tag-asamblea-de-norte-de-santander","tag-contraloria-de-norte-de-santander","tag-gobernador-de-norte-de-santander","tag-silvano-serrano","tag-william-villamizar"],"_links":{"self":[{"href":"https:\/\/contraluzcucuta.co\/index.php?rest_route=\/wp\/v2\/posts\/25659","targetHints":{"allow":["GET"]}}],"collection":[{"href":"https:\/\/contraluzcucuta.co\/index.php?rest_route=\/wp\/v2\/posts"}],"about":[{"href":"https:\/\/contraluzcucuta.co\/index.php?rest_route=\/wp\/v2\/types\/post"}],"author":[{"embeddable":true,"href":"https:\/\/contraluzcucuta.co\/index.php?rest_route=\/wp\/v2\/users\/1"}],"replies":[{"embeddable":true,"href":"https:\/\/contraluzcucuta.co\/index.php?rest_route=%2Fwp%2Fv2%2Fcomments&post=25659"}],"version-history":[{"count":1,"href":"https:\/\/contraluzcucuta.co\/index.php?rest_route=\/wp\/v2\/posts\/25659\/revisions"}],"predecessor-version":[{"id":25661,"href":"https:\/\/contraluzcucuta.co\/index.php?rest_route=\/wp\/v2\/posts\/25659\/revisions\/25661"}],"wp:featuredmedia":[{"embeddable":true,"href":"https:\/\/contraluzcucuta.co\/index.php?rest_route=\/wp\/v2\/media\/25660"}],"wp:attachment":[{"href":"https:\/\/contraluzcucuta.co\/index.php?rest_route=%2Fwp%2Fv2%2Fmedia&parent=25659"}],"wp:term":[{"taxonomy":"category","embeddable":true,"href":"https:\/\/contraluzcucuta.co\/index.php?rest_route=%2Fwp%2Fv2%2Fcategories&post=25659"},{"taxonomy":"post_tag","embeddable":true,"href":"https:\/\/contraluzcucuta.co\/index.php?rest_route=%2Fwp%2Fv2%2Ftags&post=25659"}],"curies":[{"name":"wp","href":"https:\/\/api.w.org\/{rel}","templated":true}]}}