{"id":25652,"date":"2016-01-08T18:35:21","date_gmt":"2016-01-08T23:35:21","guid":{"rendered":"http:\/\/contraluzcucuta.co\/?p=25652"},"modified":"2016-01-12T15:39:39","modified_gmt":"2016-01-12T20:39:39","slug":"complejo-carcelario-los-internos-son-artesanos-en-proceso-de-resocializacion","status":"publish","type":"post","link":"https:\/\/contraluzcucuta.co\/?p=25652","title":{"rendered":"COMPLEJO CARCELARIO. Los internos son \u201cartesanos en proceso de resocializaci\u00f3n\u201d"},"content":{"rendered":"<p><strong>C\u00daCUTA.-<\/strong> Los internos del <a href=\"https:\/\/contraluzcucuta.co\/articulos\/reportaje-convivencia-en-la-carcel-de-el-salado\/\">Complejo Carcelario y Penitenciario de C\u00facuta<\/a> conforman una poblaci\u00f3n de \u201cartesanos de manos y coraz\u00f3n, \u00a0en proceso de resocializaci\u00f3n\u201d. La definici\u00f3n la hizo el coronel del ej\u00e9rcito de la reserva activa Rodrigo Ricaute Tapias, director del Inpec en la capital de Norte de Santander.<\/p>\n<p>Hace siete meses asumi\u00f3 la compleja tarea de estar al frente de la penitenciar\u00eda local. Hoy, en un repaso del reto aceptado, est\u00e1 seguro de que con el concurso de reclusos, guardias, administrativos, autoridades territoriales y familiares de internos saldr\u00e1n a flote. \u201cVamos remando en el sentido correcto\u201d.<\/p>\n<p>La labor desarrollada tiene como objetivo fundamental velar porque la poblaci\u00f3n carcelaria tenga una vida mejor, y que el diario vivir sea de trabajo y de ocupaci\u00f3n para que ese paso tras las rejas se les haga llevadero.<\/p>\n<p><strong>\u00bfSe aplican pol\u00edticas m\u00e1s de educaci\u00f3n que de represi\u00f3n?<\/strong><\/p>\n<p>S\u00ed, claro. El cuerpo de vigilancia est\u00e1 preparado y fortalecido en los derechos humanos. Es una pol\u00edtica que viene del presidente Juan Manuel Santos y del director general del Inpec. El respeto de los derechos humanos es una pol\u00edtica institucional y en eso nos basamos. Estamos empe\u00f1ados en la resocializaci\u00f3n y en que se desempe\u00f1en en el trabajo y en el estudio.<\/p>\n<p><strong>\u00bfEl punto m\u00e1s cr\u00edtico de la penitenciar\u00eda es el hacinamiento?<\/strong><\/p>\n<p>No, de pronto es la salud. El gobierno va a implementar cambios de alto nivel. Apoyamos y valoramos lo que se hace por el bien de los internos. El hacinamiento existe, porque el delito existe. La Polic\u00eda, el Ej\u00e9rcito y la Fiscal\u00eda tienen que trabajar para combatir el delito y los infractores llegan al centro de reclusi\u00f3n. Eso es manejable. Trabajamos d\u00eda a d\u00eda para conseguirles los beneficios administrativos, como son la libertad, las 72 horas de extramuros y la detenci\u00f3n domiciliaria para sacar a los internos a la casa y que tengan los derechos que la ley les otorga.<\/p>\n<p><strong>\u00bfSe mantienen los problemas con Caprecom?<\/strong><\/p>\n<p>En esta gesti\u00f3n de salud estoy acompa\u00f1ado por la Defensor\u00eda del Pueblo, la Procuradur\u00eda y los organismos departamental y municipal de salud. No estamos solos. Desde la alta gerencia del Instituto se trabaja para solucionar los problemas de salud de los internos. Somos un espejo de lo que pasa por fuera.<\/p>\n<p><strong>\u00bfCu\u00e1l es la capacidad f\u00edsica del complejo?<\/strong><\/p>\n<p>Tiene capacidad para 2230 internos y tenemos 4000. En siete meses de trabajo hemos bajado en 400 reclusos. Estamos en el decreciente proyectado que nos ordena la justicia. Estamos cumpli\u00e9ndole a la sociedad, que quiere que quien cometi\u00f3 un delito est\u00e9 a buen recaudo para que no haya repetici\u00f3n; les estamos cumpliendo a las autoridades, les recibimos a los capturados, porque es su deber, y les estamos cumpliendo a los internos con sus beneficios, ayud\u00e1ndoles a que se los otorguen los jueces de la rep\u00fablica, que trabajan de la mano con nosotros y son los benefactores en sentido de justicia para con los internos.<\/p>\n<p><strong>PEDRO INFANTE<\/strong><\/p>\n<p><strong>Programa Arco Motil\u00f3n<\/strong><\/p>\n<p><strong>Foto: Andr\u00e9s Carvajal<\/strong><\/p>\n<p><strong>\u00a0<\/strong> <\/p>\n","protected":false},"excerpt":{"rendered":"<p>C\u00daCUTA.- Los internos del Complejo Carcelario y Penitenciario de C\u00facuta conforman una poblaci\u00f3n de \u201cartesanos de manos y coraz\u00f3n, \u00a0en proceso de resocializaci\u00f3n\u201d. La definici\u00f3n la hizo el coronel del ej\u00e9rcito de la reserva activa Rodrigo Ricaute Tapias, director del Inpec en la capital de Norte de Santander. Hace siete meses asumi\u00f3 la compleja tarea &hellip;<\/p>\n","protected":false},"author":1,"featured_media":25651,"comment_status":"open","ping_status":"open","sticky":false,"template":"","format":"standard","meta":{"footnotes":""},"categories":[541,36],"tags":[2638,2637,2620,2639],"class_list":["post-25652","post","type-post","status-publish","format-standard","has-post-thumbnail","hentry","category-ciudad","category-la-voz-del-pueblo","tag-carcel-modelo","tag-centro-penitenciario-y-carcelario-de-cucuta","tag-inpec-cucuta","tag-rodrigo-ricaute-tapias"],"_links":{"self":[{"href":"https:\/\/contraluzcucuta.co\/index.php?rest_route=\/wp\/v2\/posts\/25652","targetHints":{"allow":["GET"]}}],"collection":[{"href":"https:\/\/contraluzcucuta.co\/index.php?rest_route=\/wp\/v2\/posts"}],"about":[{"href":"https:\/\/contraluzcucuta.co\/index.php?rest_route=\/wp\/v2\/types\/post"}],"author":[{"embeddable":true,"href":"https:\/\/contraluzcucuta.co\/index.php?rest_route=\/wp\/v2\/users\/1"}],"replies":[{"embeddable":true,"href":"https:\/\/contraluzcucuta.co\/index.php?rest_route=%2Fwp%2Fv2%2Fcomments&post=25652"}],"version-history":[{"count":1,"href":"https:\/\/contraluzcucuta.co\/index.php?rest_route=\/wp\/v2\/posts\/25652\/revisions"}],"predecessor-version":[{"id":25653,"href":"https:\/\/contraluzcucuta.co\/index.php?rest_route=\/wp\/v2\/posts\/25652\/revisions\/25653"}],"wp:featuredmedia":[{"embeddable":true,"href":"https:\/\/contraluzcucuta.co\/index.php?rest_route=\/wp\/v2\/media\/25651"}],"wp:attachment":[{"href":"https:\/\/contraluzcucuta.co\/index.php?rest_route=%2Fwp%2Fv2%2Fmedia&parent=25652"}],"wp:term":[{"taxonomy":"category","embeddable":true,"href":"https:\/\/contraluzcucuta.co\/index.php?rest_route=%2Fwp%2Fv2%2Fcategories&post=25652"},{"taxonomy":"post_tag","embeddable":true,"href":"https:\/\/contraluzcucuta.co\/index.php?rest_route=%2Fwp%2Fv2%2Ftags&post=25652"}],"curies":[{"name":"wp","href":"https:\/\/api.w.org\/{rel}","templated":true}]}}