{"id":25647,"date":"2016-01-06T20:29:48","date_gmt":"2016-01-07T01:29:48","guid":{"rendered":"http:\/\/contraluzcucuta.co\/?p=25647"},"modified":"2016-01-06T20:30:37","modified_gmt":"2016-01-07T01:30:37","slug":"necrologia-gustavo-lozano-cardenas-llego-al-final-de-su-tarea","status":"publish","type":"post","link":"https:\/\/contraluzcucuta.co\/?p=25647","title":{"rendered":"NECROLOG\u00cdA. Gustavo Lozano C\u00e1rdenas lleg\u00f3 al final de su tarea"},"content":{"rendered":"<p>1.- Definitivamente, la vida es una permanente secuencia de hechos y acontecimientos que nos llevan a reconocer no solo la transitoriedad de la existencia, sino la multipolaridad de situaciones en ese proceso que, a veces, tiene ritmo y vivencias especiales, pero que en otros nos somete a prueba para \u00a0aquilatar la resistencia y\u00a0 ubicarnos ante el nivel en que nos hallamos, porque todo en la vida es un cambio constante y una demostraci\u00f3n clara y rotunda que hay un algo superior, que nos determina y proyecta hacia arriba, abajo o hacia los lados.<\/p>\n<p>Por eso, cuando escuchamos que alguien ha superado un instante cr\u00edtico o que el tiempo se cumpli\u00f3, siempre, en un juicio \u2013 la m\u00e1s de las veces, sin mayores apoyos valederos \u2013 lanzamos apreciaciones y motivaciones para ubicar lo que es o lo que ha sido esa referencia.<\/p>\n<p>Una de esas instancias me toc\u00f3 cuando recib\u00ed una llamada de C\u00facuta, para averiguar si era cierto, que una de nuestras figuras m\u00e1s\u00a0 representativas \u2013como es el caso de Gustavo Lozano C\u00e1rdenas \u2013 hab\u00eda fallecido. Como lo conoc\u00eda y la \u00faltima vez que lo vi, su estado de salud era d\u00e9bil\u00a0 y mi ubicaci\u00f3n en Bogot\u00e1 era pr\u00f3xima a la vivienda de tan destacado personaje, acud\u00ed hasta all\u00ed, recibiendo la notificaci\u00f3n que me diera el personal de administraci\u00f3n del edificio, que ciertamente, hab\u00eda fallecido el 23 de diciembre. Ante esa ratificaci\u00f3n valor\u00e9 y comprend\u00ed que Norte de Santander perd\u00eda a uno de sus m\u00e1s sobresalientes hijos y exponentes.<\/p>\n<p>2.- S\u00cd, \u00a0Gustavo Lozano C\u00e1rdenas, destacado profesional de la ingenier\u00eda y que ocupara importantes cargos: Alcalde de C\u00facuta, Gobernador de Norte de Santander, ex gerente del Instituto Colombiano de Energ\u00eda El\u00e9ctrica y embajador en Noruega, hab\u00eda llegado a su final.<\/p>\n<p>En el desarrollo de sus acciones, entre otros empe\u00f1os,\u00a0 fue impulsor en la constituci\u00f3n de la seccional en Norte de Santander de la Cruz Roja Colombiana,\u00a0 de la Terminal de Transportes de C\u00facuta, as\u00ed como de una activa presencia y participaci\u00f3n en la pol\u00edtica regional, en su car\u00e1cter de representante\u00a0 y\u00a0 senador.<\/p>\n<p>3.- Lo conoc\u00ed hacia el final de los a\u00f1os 60, cuando desde la Federaci\u00f3n Nacional de Comerciantes (Fenalco), entre 1967 Y 1968, promov\u00edamos \u2013con la\u00a0 junta directiva compuesta por destacados y valiosos miembros-\u00a0\u00a0 la necesidad de un giro nuevo e insist\u00edamos en la conveniencia de transformarnos y\u00a0 convocar a\u00a0 inversionistas e industriales para organizar la primera Feria Internacional de la Frontera y darle cuerpo y contenido al Movimiento de Unidad de Acci\u00f3n Nortesantandereana (Muan) &#8211; para unificar y fortalecer la fuerza regional. Como gobernador, y Eustorgio Colmenares como alcalde, junto a importantes cabezas del comercio, la mediana y peque\u00f1a industria y el civismo\u00a0 que se quer\u00eda proyectar ofreci\u00f3 respaldo y pudo lograrse lo que se obtuvo, porque la presencia y la participaci\u00f3n fue masiva, abierta, efervescente y con fe en el futuro, desde los galpones que se erigieron en el Bosque Popular y en una convocatoria, como pocas veces se ha visto, que concurra la voluntad ciudadana.<\/p>\n<p>Gustavo Lozano C\u00e1rdenas am\u00f3 y aport\u00f3 a la regi\u00f3n su inteligencia y esp\u00edritu familiar y asociativo. Extendemos a do\u00f1a Amparo de Lozano y a sus hijos nuestras m\u00e1s sentidas expresiones de condolencia, acompa\u00f1ando as\u00ed el sentir nortesantandereano y de todos los que conocimos de sus actos y buenas intenciones. Que Dios, su gu\u00eda y orientador, lo auxilie al culminar la tarea terr\u00e1quea.<\/p>\n<p><strong>JOS\u00c9 NEIRA REY<\/strong><\/p>\n<p><strong><a href=\"mailto:jneirarey@hotmail.com\">jneirarey@hotmail.com<\/a><\/strong><\/p>\n<p><strong>Foto: <\/strong><strong><a href=\"http:\/\/cronicasdecucuta.blogspot.com.co\/2012_06_01_archive.html\">http:\/\/cronicasdecucuta.blogspot.com.co\/2012_06_01_archive.html<\/a><\/strong><\/p>\n<p><strong>Corresponde a la posesi\u00f3n de Gustavo Lozano C\u00e1rdenas como Gobernador de Norte de Santander.<\/strong><\/p>\n<p><strong>\u00a0<\/strong> <\/p>\n","protected":false},"excerpt":{"rendered":"<p>1.- Definitivamente, la vida es una permanente secuencia de hechos y acontecimientos que nos llevan a reconocer no solo la transitoriedad de la existencia, sino la multipolaridad de situaciones en ese proceso que, a veces, tiene ritmo y vivencias especiales, pero que en otros nos somete a prueba para \u00a0aquilatar la resistencia y\u00a0 ubicarnos ante &hellip;<\/p>\n","protected":false},"author":1,"featured_media":25648,"comment_status":"open","ping_status":"open","sticky":false,"template":"","format":"standard","meta":{"footnotes":""},"categories":[14,36,1967],"tags":[2636,382,1948,956],"class_list":["post-25647","post","type-post","status-publish","format-standard","has-post-thumbnail","hentry","category-articulistas","category-la-voz-del-pueblo","category-necrologias","tag-gustavo-lozano-cardenas","tag-jose-neira","tag-necrologias-cucutenas","tag-notas-al-margen"],"_links":{"self":[{"href":"https:\/\/contraluzcucuta.co\/index.php?rest_route=\/wp\/v2\/posts\/25647","targetHints":{"allow":["GET"]}}],"collection":[{"href":"https:\/\/contraluzcucuta.co\/index.php?rest_route=\/wp\/v2\/posts"}],"about":[{"href":"https:\/\/contraluzcucuta.co\/index.php?rest_route=\/wp\/v2\/types\/post"}],"author":[{"embeddable":true,"href":"https:\/\/contraluzcucuta.co\/index.php?rest_route=\/wp\/v2\/users\/1"}],"replies":[{"embeddable":true,"href":"https:\/\/contraluzcucuta.co\/index.php?rest_route=%2Fwp%2Fv2%2Fcomments&post=25647"}],"version-history":[{"count":1,"href":"https:\/\/contraluzcucuta.co\/index.php?rest_route=\/wp\/v2\/posts\/25647\/revisions"}],"predecessor-version":[{"id":25649,"href":"https:\/\/contraluzcucuta.co\/index.php?rest_route=\/wp\/v2\/posts\/25647\/revisions\/25649"}],"wp:featuredmedia":[{"embeddable":true,"href":"https:\/\/contraluzcucuta.co\/index.php?rest_route=\/wp\/v2\/media\/25648"}],"wp:attachment":[{"href":"https:\/\/contraluzcucuta.co\/index.php?rest_route=%2Fwp%2Fv2%2Fmedia&parent=25647"}],"wp:term":[{"taxonomy":"category","embeddable":true,"href":"https:\/\/contraluzcucuta.co\/index.php?rest_route=%2Fwp%2Fv2%2Fcategories&post=25647"},{"taxonomy":"post_tag","embeddable":true,"href":"https:\/\/contraluzcucuta.co\/index.php?rest_route=%2Fwp%2Fv2%2Ftags&post=25647"}],"curies":[{"name":"wp","href":"https:\/\/api.w.org\/{rel}","templated":true}]}}