{"id":25644,"date":"2016-01-06T17:24:05","date_gmt":"2016-01-06T22:24:05","guid":{"rendered":"http:\/\/contraluzcucuta.co\/?p=25644"},"modified":"2016-01-06T17:24:05","modified_gmt":"2016-01-06T22:24:05","slug":"consejo-de-seguridad-no-es-toque-de-queda-es-una-hora-zanahoria-cesar-rojas","status":"publish","type":"post","link":"https:\/\/contraluzcucuta.co\/?p=25644","title":{"rendered":"CONSEJO DE SEGURIDAD. &#8220;No es toque de queda, es una hora zanahoria&#8221;, C\u00e9sar Rojas"},"content":{"rendered":"<p><strong>C\u00daCUTA.-<\/strong> La presencia de ni\u00f1os en las calles de la ciudad, el deambular de adolescentes embarazadas, la asistencia de menores de edad a lugares no permitidos y la delincuencia juvenil, en las noches, motivaron a las autoridades civiles, policiales y militares de C\u00facuta a decretar la \u2018hora zanahoria\u2019.<\/p>\n<p>La medida, que comenzar\u00e1 a aplicarse desde la semana entrante, no tiene car\u00e1cter de \u2018toque de queda\u2019. Ser\u00e1 una restricci\u00f3n permanente, a partir de las 11:00 de la noche, para mejorar la calidad de vida de la ni\u00f1ez y la juventud. El objetivo es permitirles a los padres de familia saber d\u00f3nde est\u00e1n los hijos.<\/p>\n<p>La determinaci\u00f3n se tom\u00f3 en el primer consejo de seguridad convocado por el alcalde C\u00e9sar Rojas. En la reuni\u00f3n participaron el gobernador William Villamizar, los comandantes de la Polic\u00eda y el Ej\u00e9rcito, secretarios de despacho y funcionarios regionales y locales.<\/p>\n<p>\u201cHay j\u00f3venes que van a cine y son menores de edad. O comparten con los amigos en restaurantes, en sitios que no tienen inconvenientes para permanecer\u201d, explic\u00f3 el alcalde Rojas. Comenzar\u00e1 a aplicarse a partir de la pr\u00f3xima semana, de lunes a domingo, y ser\u00e1 permanente. En estos d\u00edas se adecuar\u00e1n los hogares de paso en los que recibir\u00e1n atenci\u00f3n los infractores.<\/p>\n<p>En la aplicaci\u00f3n de la restricci\u00f3n trabajar\u00e1n Bienestar Familiar, sic\u00f3logos, trabajadores sociales, Personer\u00eda, Defensor\u00eda del Pueblo y Fiscal\u00eda para articular las acciones y no atropellar a ning\u00fan joven. A parte de las situaciones preventivas, habr\u00e1 labores sociales para proporcionar actividades sanas, deportivas, culturales y recreativas. La medida se extender\u00e1 al \u00c1rea Metropolitana.<\/p>\n<p>Los hogares de paso de la ciudadela Juan Atalaya se habilitar\u00e1n para llevar a cabo el trabajo social con los padres de familia y permitirles, mediante la orientaci\u00f3n profesional que interact\u00faen con los hijos. \u201cComo instituciones vamos a llegar al fondo del problema y conocer por qu\u00e9 est\u00e1n solos en las calles. Lo que queremos es una mejor sociedad y un mejor futuro para la ni\u00f1ez y la juventud\u201d, afirm\u00f3 C\u00e9sar Rojas.<\/p>\n<p>El gobernador William Villamizar propuso adelantar consejos de seguridad en las comunas de C\u00facuta para beneficio de las nuevas generaciones.<\/p>\n<p>En algunos casos los menores de edad est\u00e1n acompa\u00f1ados de los padres de familia mientras cumplen trabajos nocturnos. En la ciudad es f\u00e1cil ver a ni\u00f1os en cumplimiento de oficios propios de los adultos. Los peque\u00f1os son recicladores, ropavejeros, \u00a0cuida carros, limpiavidrios, mendigos, \u00a0vendedores ambulantes y hasta prostitutas y homosexuales.<\/p>\n<p><strong>Foto: PRENSA ALCALD\u00cdA <\/strong> <\/p>\n","protected":false},"excerpt":{"rendered":"<p>C\u00daCUTA.- La presencia de ni\u00f1os en las calles de la ciudad, el deambular de adolescentes embarazadas, la asistencia de menores de edad a lugares no permitidos y la delincuencia juvenil, en las noches, motivaron a las autoridades civiles, policiales y militares de C\u00facuta a decretar la \u2018hora zanahoria\u2019. La medida, que comenzar\u00e1 a aplicarse desde &hellip;<\/p>\n","protected":false},"author":1,"featured_media":25645,"comment_status":"open","ping_status":"open","sticky":false,"template":"","format":"standard","meta":{"footnotes":""},"categories":[2625,541,4],"tags":[304,2536,1236],"class_list":["post-25644","post","type-post","status-publish","format-standard","has-post-thumbnail","hentry","category-alcaldia-de-cucuta","category-ciudad","category-barra","tag-alcalde-de-cucuta","tag-alcalde-de-cucuta-2016-2019","tag-cesar-omar-rojas"],"_links":{"self":[{"href":"https:\/\/contraluzcucuta.co\/index.php?rest_route=\/wp\/v2\/posts\/25644","targetHints":{"allow":["GET"]}}],"collection":[{"href":"https:\/\/contraluzcucuta.co\/index.php?rest_route=\/wp\/v2\/posts"}],"about":[{"href":"https:\/\/contraluzcucuta.co\/index.php?rest_route=\/wp\/v2\/types\/post"}],"author":[{"embeddable":true,"href":"https:\/\/contraluzcucuta.co\/index.php?rest_route=\/wp\/v2\/users\/1"}],"replies":[{"embeddable":true,"href":"https:\/\/contraluzcucuta.co\/index.php?rest_route=%2Fwp%2Fv2%2Fcomments&post=25644"}],"version-history":[{"count":1,"href":"https:\/\/contraluzcucuta.co\/index.php?rest_route=\/wp\/v2\/posts\/25644\/revisions"}],"predecessor-version":[{"id":25646,"href":"https:\/\/contraluzcucuta.co\/index.php?rest_route=\/wp\/v2\/posts\/25644\/revisions\/25646"}],"wp:featuredmedia":[{"embeddable":true,"href":"https:\/\/contraluzcucuta.co\/index.php?rest_route=\/wp\/v2\/media\/25645"}],"wp:attachment":[{"href":"https:\/\/contraluzcucuta.co\/index.php?rest_route=%2Fwp%2Fv2%2Fmedia&parent=25644"}],"wp:term":[{"taxonomy":"category","embeddable":true,"href":"https:\/\/contraluzcucuta.co\/index.php?rest_route=%2Fwp%2Fv2%2Fcategories&post=25644"},{"taxonomy":"post_tag","embeddable":true,"href":"https:\/\/contraluzcucuta.co\/index.php?rest_route=%2Fwp%2Fv2%2Ftags&post=25644"}],"curies":[{"name":"wp","href":"https:\/\/api.w.org\/{rel}","templated":true}]}}