{"id":25641,"date":"2016-01-06T16:54:56","date_gmt":"2016-01-06T21:54:56","guid":{"rendered":"http:\/\/contraluzcucuta.co\/?p=25641"},"modified":"2016-01-08T21:18:49","modified_gmt":"2016-01-09T02:18:49","slug":"telesforo-blanco-los-puestos-no-se-escrituran-son-para-servir","status":"publish","type":"post","link":"https:\/\/contraluzcucuta.co\/?p=25641","title":{"rendered":"TEL\u00c9SFORO BLANCO. \u201cLos puestos no se escrituran, son para servir\u201d"},"content":{"rendered":"<p><strong>C\u00daCUTA.-<\/strong> Tel\u00e9sforo Blanco es uno de los dos amigos, de 10 que comenzaron la vida en el barrio Loma de Bol\u00edvar, que contin\u00faa con vida. Los otros ocho no est\u00e1n en este mundo por circunstancias del destino. Hoy, en medio del recuerdo de quienes lo acompa\u00f1aron en las travesuras de la juventud asume otro reto profesional.<\/p>\n<p>Lleva\u00a0 33 a\u00f1os dedicados a la administraci\u00f3n municipal y tiene la fijeza de que como egresado de la Esap est\u00e1 en capacidad para desempe\u00f1ar cualquier cargo orientado a servirles a la sociedad y a la comunidad. Este camino lo inici\u00f3 como l\u00edder en el 28 de Febrero y ha pasado por diversas oficinas de la Alcald\u00eda de C\u00facuta y de la Gobernaci\u00f3n de Norte de Santander.<\/p>\n<p>Desde peque\u00f1o particip\u00f3 en el proceso comunal de la comunidad. No existe diferencia entre ese joven que comenz\u00f3 a trabajar por los vecinos y el adulto que ha ocupado la gerencia de la Central de Trasportes, a la que ingres\u00f3 como mensajero, la direcci\u00f3n del Sisben, el Banco de Proyectos, la secretar\u00eda general del Concejo, la Divisi\u00f3n de Presupuesto, la Unidad de V\u00edctimas y la Universidad de Pamplona, donde estuvo al frente de la c\u00e1tedra del presupuesto p\u00fablico y de las finanzas p\u00fablicas.<\/p>\n<p>\u201cLos puestos no se escrituran, son para servir\u201d, lo dijo con la humildad que recibi\u00f3 en el hogar y con la que se ha criado. \u00a0Por eso, han pasado m\u00e1s de tres d\u00e9cadas y no ostenta lujos materiales. Es agradecido con quienes lo han valorado y sin apasionamientos habla de Ramiro Su\u00e1rez. \u201cEs un amigo al que le debemos mucho. Hay que agradecerle por lo que hizo por la ciudad\u201d.<\/p>\n<p>La Esap lo capacit\u00f3 y lo form\u00f3 en los asuntos de la administraci\u00f3n p\u00fablica, por lo que est\u00e1 convencido de que C\u00facuta necesita transformarse y para ayudar en ese proceso como servidor luchar\u00e1 por implementar pol\u00edticas que favorezcan a los seres humanos que se han salido de los l\u00edmites sociales y han tomado otros caminos.<\/p>\n<p>Ahora, llega a la direcci\u00f3n de Bienestar Social de C\u00facuta y desde los primeros momentos en el nuevo cargo a comenzado a pensar en qu\u00e9 hacer para mejorar la condici\u00f3n de vida de muchos cucute\u00f1os desvalidos. \u201cQueremos dejar implementadas pol\u00edticas p\u00fablicas y sobre todo lograr el mejoramiento en la calidad de vida de las poblaciones vulnerables\u201d.<\/p>\n<p>En la mente de Tel\u00e9sforo Blanco rondan proyectos que redundar\u00e1n en beneficio de ni\u00f1os, j\u00f3venes y adultos. Una de las ideas que ejecutar\u00e1 es censar a los habitantes de calle para ubicarlos, devolverlos a las familias o buscarles maneras para que no sigan en ese estado de abandono.<\/p>\n<p>Entre las grandes preocupaciones que lo atormentan est\u00e1 el expendio desmedido de sustancias alucin\u00f3genas a menores de edad. En los pr\u00f3ximos d\u00edas implementar\u00e1 instrumentos que sirvan para erradicar parte del problema que sufren ni\u00f1os y j\u00f3venes que inhalan pegantes. Los puntos de consumo est\u00e1n detectados y son los parques Mercedes, Nacional y Lineal, y las calles 8, 9 y 10.<\/p>\n<p>Se\u00f1al\u00f3 como directos responsables a due\u00f1os de almacenes y peleter\u00edas que les venden las sustancias a los consumidores, cre\u00e1ndoles problemas mentales. Anunci\u00f3 mano dura para quienes cometen ese il\u00edcito. \u201cVamos a bajar un proyecto de acuerdo al Concejo con el prop\u00f3sito que la Polic\u00eda, Bienestar Familiar y secretar\u00eda de Gobierno erradiquen y sancionen a los comerciantes que venden las sustancias que da\u00f1an la salud y ponen en riesgo la vida de ni\u00f1os y j\u00f3venes\u201d.<\/p>\n<p>Record\u00f3 que hace 50 a\u00f1os transita por el parque Mercedes y ha visto c\u00f3mo se ha convertido en un sector donde confluyen consumidores de drogas, prostitutas, homosexuales y vendedores de elementos hurtados en el centro de la ciudad, todo a espaldas del CAI. \u201cEstos lugares hay que recuperarlos. Las personas de bien es dif\u00edcil que transiten por el parque por miedo a los atracos\u201d.<\/p>\n<p>Otro problema que intranquiliza a Telesforo Blanco es la utilizaci\u00f3n de ni\u00f1os en los sem\u00e1foros. Esas im\u00e1genes de los peque\u00f1os lo llevar\u00e1n a implementar una pol\u00edtica social para permitir que regresen a los hogares, a la escuela y a la vida normal. El proyecto incluir\u00e1 sanciones para \u201clos explotadores que los obligan a trabajar y a limpiar vidrios, y al t\u00e9rmino del d\u00eda les quitan la plata que reciben\u201d.<\/p>\n<p><strong>RAFAEL ANTONIO PAB\u00d3N<\/strong><\/p>\n<p><a href=\"mailto:rafaelpabon58@hotmail.com\"><strong>rafaelpabon58@hotmail.com<\/strong><\/a><\/p>\n<p><strong>Foto: <\/strong><a href=\"http:\/\/www.contraluzcucuta.co\"><strong>www.contraluzcucuta.co<\/strong><\/a><\/p>\n<p>&nbsp; <\/p>\n","protected":false},"excerpt":{"rendered":"<p>C\u00daCUTA.- Tel\u00e9sforo Blanco es uno de los dos amigos, de 10 que comenzaron la vida en el barrio Loma de Bol\u00edvar, que contin\u00faa con vida. Los otros ocho no est\u00e1n en este mundo por circunstancias del destino. Hoy, en medio del recuerdo de quienes lo acompa\u00f1aron en las travesuras de la juventud asume otro reto &hellip;<\/p>\n","protected":false},"author":1,"featured_media":25642,"comment_status":"open","ping_status":"open","sticky":false,"template":"","format":"standard","meta":{"footnotes":""},"categories":[2625,541,9],"tags":[226,1637,2635,2634],"class_list":["post-25641","post","type-post","status-publish","format-standard","has-post-thumbnail","hentry","category-alcaldia-de-cucuta","category-ciudad","category-politica","tag-alcaldia-de-cucuta","tag-gabinete-municipal","tag-secretaria-de-bienestar-social","tag-telesforo-blanco"],"_links":{"self":[{"href":"https:\/\/contraluzcucuta.co\/index.php?rest_route=\/wp\/v2\/posts\/25641","targetHints":{"allow":["GET"]}}],"collection":[{"href":"https:\/\/contraluzcucuta.co\/index.php?rest_route=\/wp\/v2\/posts"}],"about":[{"href":"https:\/\/contraluzcucuta.co\/index.php?rest_route=\/wp\/v2\/types\/post"}],"author":[{"embeddable":true,"href":"https:\/\/contraluzcucuta.co\/index.php?rest_route=\/wp\/v2\/users\/1"}],"replies":[{"embeddable":true,"href":"https:\/\/contraluzcucuta.co\/index.php?rest_route=%2Fwp%2Fv2%2Fcomments&post=25641"}],"version-history":[{"count":1,"href":"https:\/\/contraluzcucuta.co\/index.php?rest_route=\/wp\/v2\/posts\/25641\/revisions"}],"predecessor-version":[{"id":25643,"href":"https:\/\/contraluzcucuta.co\/index.php?rest_route=\/wp\/v2\/posts\/25641\/revisions\/25643"}],"wp:featuredmedia":[{"embeddable":true,"href":"https:\/\/contraluzcucuta.co\/index.php?rest_route=\/wp\/v2\/media\/25642"}],"wp:attachment":[{"href":"https:\/\/contraluzcucuta.co\/index.php?rest_route=%2Fwp%2Fv2%2Fmedia&parent=25641"}],"wp:term":[{"taxonomy":"category","embeddable":true,"href":"https:\/\/contraluzcucuta.co\/index.php?rest_route=%2Fwp%2Fv2%2Fcategories&post=25641"},{"taxonomy":"post_tag","embeddable":true,"href":"https:\/\/contraluzcucuta.co\/index.php?rest_route=%2Fwp%2Fv2%2Ftags&post=25641"}],"curies":[{"name":"wp","href":"https:\/\/api.w.org\/{rel}","templated":true}]}}