{"id":25622,"date":"2016-01-04T20:34:14","date_gmt":"2016-01-05T01:34:14","guid":{"rendered":"http:\/\/contraluzcucuta.co\/?p=25622"},"modified":"2016-01-06T15:41:33","modified_gmt":"2016-01-06T20:41:33","slug":"cucuta-deportivo-el-futuro-se-vislumbra-mas-negro-que-rojo","status":"publish","type":"post","link":"https:\/\/contraluzcucuta.co\/?p=25622","title":{"rendered":"C\u00daCUTA DEPORTIVO. El futuro se vislumbra m\u00e1s negro que rojo"},"content":{"rendered":"<p><strong>C\u00daCUTA.-<\/strong> Dos fechas claves comienzan a asomarse para conocer el futuro del C\u00facuta Deportivo. El 6 de enero, reuni\u00f3n en C\u00facuta con la Dimayor, y 20 de enero, audiencia de acreedores en la Superintendencia de Sociedades. Mientras el tiempo trascurre los aficionados aguardan que el equipo no sea trasladado de la sede natural.<\/p>\n<p>Jorge Perdomo, presidente de la Divisi\u00f3n Mayor del F\u00fatbol Colombiano; representantes de Jos\u00e9 Augusto Cadena, presidente del club, y delegados de los gobiernos departamental y municipal buscar\u00e1n la f\u00f3rmula m\u00e1gica que permita que el cuadro rojinegro se quede en la ciudad.<\/p>\n<p>\u201cEstamos buscando los caminos que permitan que haya f\u00fatbol profesional en C\u00facuta, que haya un equipo competitivo, bueno y que nos d\u00e9 tardes de satisfacci\u00f3n\u201d, dijo el gobernador William Villamizar. La intenci\u00f3n es organizar un elenco que d\u00e9 la pelea para volver a la primera divisi\u00f3n del futbol profesional colombiano.<\/p>\n<p>El C\u00facuta Deportivo, luego de presentaciones desastrosas en los torneos del 2015, perdi\u00f3 la categor\u00eda. Es la tercera ocasi\u00f3n que el once motil\u00f3n desciende a la B. En la primera aventura en la segunda divisi\u00f3n permaneci\u00f3 nueve a\u00f1os. Al regreso a la A, en el 2006, logr\u00f3 la primera estrella (2007) y tuvo una magn\u00edfica presentaci\u00f3n en la Copa Libertadores.<\/p>\n<p>En el 2008, disput\u00f3 de nuevo la Libertadores y luego cay\u00f3 desgracia con la llegada de Cadena a la presidencia. La afici\u00f3n se retir\u00f3 de las tribunas, los patrocinadores huyeron despavoridos y las derrotas se convirtieron en la constante del equipo. En el 2016, disputar\u00e1 de nuevo el campeonato de la B.<\/p>\n<p>El gobernador Villamizar y el alcalde C\u00e9sar Rojas est\u00e1n comprometidos desde la campa\u00f1a a lanzarle salvavidas al C\u00facuta Deportivo. La cita del mi\u00e9rcoles servir\u00e1 para poner las cartas en la mesa. Basados en esas consideraciones asumir\u00e1n el reto de acompa\u00f1arlo institucionalmente, para despertar el inter\u00e9s de la hinchada \u00a0y de los patrocinadores.<\/p>\n<p>\u201cEstamos explorando esas posibilidades. Es lo que quiere la afici\u00f3n y lo que se quiere en el departamento\u201d, indic\u00f3 Villamizar Laguado. Por ahora, no se ha convocado a la empresa privada para que respalde el proyecto. \u201cEstamos agotando un camino en el que primero nos reunimos con quienes manejan el f\u00fatbol y con los due\u00f1os del C\u00facuta Deportivo\u201d.<\/p>\n<p>De la reuni\u00f3n de mediados de semana podr\u00edan salir algunas de las siguientes conclusiones:<\/p>\n<p>1.- Respaldar al equipo por parte de los gobiernos departamental y municipal.<\/p>\n<p>2.- Que haya un buen equipo, organizado por los accionistas.<\/p>\n<p>3.- Que se d\u00e9 una posible opci\u00f3n de compra. Se mirar\u00eda qui\u00e9nes est\u00e1n interesados en invertir.<\/p>\n<p>\u201cVamos agotando paso a paso. Lo fundamental es que haya buen f\u00fatbol en Norte de Santander\u201d, reiter\u00f3 el gobernador William Villamizar. Tambi\u00e9n, es consciente de que el equipo s\u00ed se puede ir de C\u00facuta, por cuanto Cadena tiene autorizaci\u00f3n para jugar en otra plaza y la puede hacer efectiva. \u201cEstamos buscando f\u00f3rmulas y alternativas para que se quede y para que tengamos un buen equipo\u201d.<\/p>\n<p>La segunda opci\u00f3n deber\u00e1 aguardar hasta el 20 de enero, cuando se re\u00fana la audiencia de acreedores, en la Supersociedades. \u201cCreemos que deben darnos la posibilidad real para que la afici\u00f3n tenga buen equipo. En ese sentido haremos nuestro esfuerzo. De lo contrario estaremos atentos a la audiencia\u201d. Si se declara el incumplimiento, la Superintendencia puede ordenar la liquidaci\u00f3n del C\u00facuta.<\/p>\n<p><strong>RAFAEL ANTONIO PAB\u00d3N<\/strong><\/p>\n<p><strong><a href=\"mailto:rafaelpabon58@hotmail.com\">rafaelpabon58@hotmail.com<\/a><\/strong><\/p>\n<p><strong>Foto: <a href=\"http:\/\/www.contraluzcucuta.co\">www.contraluzcucuta.co<\/a><\/strong><\/p>\n<p>&nbsp; <\/p>\n","protected":false},"excerpt":{"rendered":"<p>C\u00daCUTA.- Dos fechas claves comienzan a asomarse para conocer el futuro del C\u00facuta Deportivo. El 6 de enero, reuni\u00f3n en C\u00facuta con la Dimayor, y 20 de enero, audiencia de acreedores en la Superintendencia de Sociedades. Mientras el tiempo trascurre los aficionados aguardan que el equipo no sea trasladado de la sede natural. Jorge Perdomo, &hellip;<\/p>\n","protected":false},"author":1,"featured_media":25624,"comment_status":"open","ping_status":"open","sticky":false,"template":"","format":"standard","meta":{"footnotes":""},"categories":[28],"tags":[2628,1396,1370,2509,2629,2092],"class_list":["post-25622","post","type-post","status-publish","format-standard","has-post-thumbnail","hentry","category-vistazo-deportivo","tag-cucuta-deportivo-2016","tag-dimayor","tag-gobernador-de-norte-de-santander","tag-jose-augusto-cadena","tag-supersociedades","tag-william-villamizar"],"_links":{"self":[{"href":"https:\/\/contraluzcucuta.co\/index.php?rest_route=\/wp\/v2\/posts\/25622","targetHints":{"allow":["GET"]}}],"collection":[{"href":"https:\/\/contraluzcucuta.co\/index.php?rest_route=\/wp\/v2\/posts"}],"about":[{"href":"https:\/\/contraluzcucuta.co\/index.php?rest_route=\/wp\/v2\/types\/post"}],"author":[{"embeddable":true,"href":"https:\/\/contraluzcucuta.co\/index.php?rest_route=\/wp\/v2\/users\/1"}],"replies":[{"embeddable":true,"href":"https:\/\/contraluzcucuta.co\/index.php?rest_route=%2Fwp%2Fv2%2Fcomments&post=25622"}],"version-history":[{"count":1,"href":"https:\/\/contraluzcucuta.co\/index.php?rest_route=\/wp\/v2\/posts\/25622\/revisions"}],"predecessor-version":[{"id":25625,"href":"https:\/\/contraluzcucuta.co\/index.php?rest_route=\/wp\/v2\/posts\/25622\/revisions\/25625"}],"wp:featuredmedia":[{"embeddable":true,"href":"https:\/\/contraluzcucuta.co\/index.php?rest_route=\/wp\/v2\/media\/25624"}],"wp:attachment":[{"href":"https:\/\/contraluzcucuta.co\/index.php?rest_route=%2Fwp%2Fv2%2Fmedia&parent=25622"}],"wp:term":[{"taxonomy":"category","embeddable":true,"href":"https:\/\/contraluzcucuta.co\/index.php?rest_route=%2Fwp%2Fv2%2Fcategories&post=25622"},{"taxonomy":"post_tag","embeddable":true,"href":"https:\/\/contraluzcucuta.co\/index.php?rest_route=%2Fwp%2Fv2%2Ftags&post=25622"}],"curies":[{"name":"wp","href":"https:\/\/api.w.org\/{rel}","templated":true}]}}