{"id":25619,"date":"2016-01-04T17:12:25","date_gmt":"2016-01-04T22:12:25","guid":{"rendered":"http:\/\/contraluzcucuta.co\/?p=25619"},"modified":"2016-01-06T16:20:52","modified_gmt":"2016-01-06T21:20:52","slug":"reportaje-el-arte-problema-de-desinteres","status":"publish","type":"post","link":"https:\/\/contraluzcucuta.co\/?p=25619","title":{"rendered":"REPORTAJE. El arte, problema de desinter\u00e9s"},"content":{"rendered":"<p>\u201cLa capacidad de disfrutar el arte distingue a los cultas de los incultos\u201d. Disfrutar del arte tradicional es de buen gusto. Si se habla o menciona el arte en C\u00facuta, los ciudadanos pensar\u00e1n en lugares espec\u00edficos como la Biblioteca P\u00fablica, la Torre del Reloj o los centros comerciales que se prestan para exposiciones. Jairo Quijano, funcionario de la Secretaria de Cultura, dijo que \u201chay una gran pobreza en la lectura del lenguaje art\u00edstico\u201d, refiri\u00e9ndose al desinter\u00e9s y al desconocimiento de los cucute\u00f1os cuando se intenta una introducci\u00f3n en el arte.<\/p>\n<p>Hablar sobre la cultura art\u00edstica de C\u00facuta es muy simple. Existen lugares para presentar obras y exposiciones art\u00edsticas. El d\u00e9ficit cultural se da en cuanto a las representaciones de arte. Carlos Sandoval, director y creador de Tallando Talentos, expres\u00f3 con agon\u00eda que \u201cel arte en C\u00facuta es complicado\u201d.<\/p>\n<p>En la ciudad son pocos los momentos que fomentan la expresi\u00f3n de las artes pl\u00e1sticas. No hay un museo o un lugar donde artistas del resto del pa\u00eds puedan llegar a ver el talento que hay aqu\u00ed. Son solo eventos pasajeros que se organizan y son poco visitados por los cucute\u00f1os.<\/p>\n<p>El problema nace en la educaci\u00f3n en escuelas y colegios, que no le dan importancia al arte. Es una materia de poca relevancia, no hay bases ni inter\u00e9s en que los j\u00f3venes emprendan el camino de la expresi\u00f3n art\u00edstica. Siendo as\u00ed, de qu\u00e9 manera se pretende que en una ciudad haya alg\u00fan atractivo art\u00edstico.<\/p>\n<p>Tallando talentos llev\u00f3 a cabo la primera exposici\u00f3n art\u00edstica infantil de la ciudad, en la Torre del Reloj. Es curioso saber que la empresa privada es la que aporta mayor inter\u00e9s. Para la actividad la ayuda econ\u00f3mica lleg\u00f3 de una caja de compensaci\u00f3n.<\/p>\n<p>A partir de esa situaci\u00f3n surgen preguntas y pensamientos sobre el arte en la ciudad. \u00bfPor qu\u00e9 no se apoyan estos procesos? Excusa primordial que expresan las entidades oficiales es que no hay recursos. Estos pensamientos impiden al pa\u00eds empezar el desarrollo. El cambio empieza por la cultura y las entidades p\u00fablicas deber\u00edan apropiarse de estas cuestiones.<\/p>\n<p>En la ciudad, el XIV Sal\u00f3n de Artes Visuales, organizado por la C\u00e1mara de Comercio de C\u00facuta, es considerado un esfuerzo privado para dar a conocer a los artistas locales y actuar como est\u00edmulo a las creaciones visuales, la manera de expresar lo que sienten y piensan sobre los problemas actuales. Se encontr\u00f3 el mismo problema, pero \u00bfhay inter\u00e9s en la poblaci\u00f3n por estas actividades?<\/p>\n<p>Puede haber lugares donde se den los espacios para eventos o galer\u00edas; sin embargo, no hay inter\u00e9s entre los ciudadanos de visitar, disfrutar y apreciar el arte. La educaci\u00f3n art\u00edstica que hay en los pobladores es casi que nula. Son pocos los que asisten a las exposiciones o salones de arte. Familiares y amigos cercanos de los artistas son quienes frecuentan estos sitios y demuestran que el inter\u00e9s por el arte es m\u00ednimo, en comparaci\u00f3n con otras ciudades del pa\u00eds, consideradas desarrolladas en el \u00e1mbito cultural.<\/p>\n<p><strong>PABLO CASTILLO\u00a0 y R\u00d3MULO GARC\u00cdA<\/strong><\/p>\n<p><strong>Estudiantes de Comunicaci\u00f3n Social<\/strong><\/p>\n<p><strong>Universidad de Pamplona<\/strong><\/p>\n<p><strong>Campus de Villa del Rosario<\/strong><\/p>\n<p>Foto: Especial para www.contraluzcucuta.co <\/p>\n","protected":false},"excerpt":{"rendered":"<p>\u201cLa capacidad de disfrutar el arte distingue a los cultas de los incultos\u201d. Disfrutar del arte tradicional es de buen gusto. Si se habla o menciona el arte en C\u00facuta, los ciudadanos pensar\u00e1n en lugares espec\u00edficos como la Biblioteca P\u00fablica, la Torre del Reloj o los centros comerciales que se prestan para exposiciones. Jairo Quijano, &hellip;<\/p>\n","protected":false},"author":1,"featured_media":25620,"comment_status":"open","ping_status":"open","sticky":false,"template":"","format":"standard","meta":{"footnotes":""},"categories":[74,6,37],"tags":[1752,2597,2627,719,161],"class_list":["post-25619","post","type-post","status-publish","format-standard","has-post-thumbnail","hentry","category-aula-universitaria","category-ojo-avizor","category-paseo-cultural","tag-arte-en-cucuta","tag-aula-universitaria","tag-museos-en-cucuta","tag-unipamplona","tag-universidad-de-pamplona"],"_links":{"self":[{"href":"https:\/\/contraluzcucuta.co\/index.php?rest_route=\/wp\/v2\/posts\/25619","targetHints":{"allow":["GET"]}}],"collection":[{"href":"https:\/\/contraluzcucuta.co\/index.php?rest_route=\/wp\/v2\/posts"}],"about":[{"href":"https:\/\/contraluzcucuta.co\/index.php?rest_route=\/wp\/v2\/types\/post"}],"author":[{"embeddable":true,"href":"https:\/\/contraluzcucuta.co\/index.php?rest_route=\/wp\/v2\/users\/1"}],"replies":[{"embeddable":true,"href":"https:\/\/contraluzcucuta.co\/index.php?rest_route=%2Fwp%2Fv2%2Fcomments&post=25619"}],"version-history":[{"count":1,"href":"https:\/\/contraluzcucuta.co\/index.php?rest_route=\/wp\/v2\/posts\/25619\/revisions"}],"predecessor-version":[{"id":25621,"href":"https:\/\/contraluzcucuta.co\/index.php?rest_route=\/wp\/v2\/posts\/25619\/revisions\/25621"}],"wp:featuredmedia":[{"embeddable":true,"href":"https:\/\/contraluzcucuta.co\/index.php?rest_route=\/wp\/v2\/media\/25620"}],"wp:attachment":[{"href":"https:\/\/contraluzcucuta.co\/index.php?rest_route=%2Fwp%2Fv2%2Fmedia&parent=25619"}],"wp:term":[{"taxonomy":"category","embeddable":true,"href":"https:\/\/contraluzcucuta.co\/index.php?rest_route=%2Fwp%2Fv2%2Fcategories&post=25619"},{"taxonomy":"post_tag","embeddable":true,"href":"https:\/\/contraluzcucuta.co\/index.php?rest_route=%2Fwp%2Fv2%2Ftags&post=25619"}],"curies":[{"name":"wp","href":"https:\/\/api.w.org\/{rel}","templated":true}]}}