{"id":25612,"date":"2016-01-02T19:50:21","date_gmt":"2016-01-03T00:50:21","guid":{"rendered":"http:\/\/contraluzcucuta.co\/?p=25612"},"modified":"2016-01-02T19:50:21","modified_gmt":"2016-01-03T00:50:21","slug":"perfil-omar-javier-garcia-el-abogado-que-construye-sociedad","status":"publish","type":"post","link":"https:\/\/contraluzcucuta.co\/?p=25612","title":{"rendered":"PERFIL. Omar Javier Garc\u00eda, el abogado que construye sociedad"},"content":{"rendered":"<p><strong>C\u00daCUTA.-<\/strong> Aquel hombre corpulento, de barba poblada, piel trigue\u00f1a y estilo juvenil, mantiene siempre una conducta moral impuesta por \u00e9l mismo. Da una imagen de seguridad, sinceridad y confianza a quien necesita de su servicio. Este abogado y especialista en derecho administrativo y constitucional, es el defensor de las causas injustas, que desde ni\u00f1o peleo por derechos humanos.<\/p>\n<p>Omar Javier Garc\u00eda Qui\u00f1ones, graduado de la Universidad Libre, en 1996, como abogado, hoy ha planteado un sin n\u00famero de peleas con el fin de mejorar la ciudad, de donde es oriundo. Se siente satisfecho por ser uno de los profesionales del derecho a quienes les interesan los temas colectivos para lograr el cambio social.<\/p>\n<p>Desde peque\u00f1o fue criado con valores y respeto por los dem\u00e1s. Aprendi\u00f3\u00a0 a esforzarse para lograr el reconocimiento y, al mismo tiempo, apreciar el esfuerzo de otros. No se atreve a desear lo ajeno, porque tiene todo lo que siempre quiso. \u201cCuando un ser humano es feliz, su entorno tambi\u00e9n, mi \u00e9xito lo comparto con todos, lo que me genera felicidad\u201d.<\/p>\n<p>Este hombre de 40 a\u00f1os, estudi\u00f3 en la Escuela N\u00famero 33 de Comuneros, su orgullo m\u00e1s grande y ejemplo son sus padres. Expresa en medio del silencio de su oficina ubicada en el edificio Centro Jur\u00eddico, que su padre fue mensajero de la droguer\u00eda del Seguro Social y con mucho esfuerzo estudiaba derecho, mientras su mam\u00e1 se dedicaba a la costura y al cuidado del hogar.<\/p>\n<p>Se define como humano, ciudadano y abogado. \u201cTodo lo que empiezo en la vida es porque quiero ser feliz y lo termino porque me apasiona. Cuando he hecho algo lo hago pensando en lo colectivo y me desprendo de mi forma de ser como humano y act\u00fao como ciudadano\u201d.<\/p>\n<p>Dominio del lenguaje y facultad para la expresar sus ideas son caracter\u00edsticas que identifican a Omar Garc\u00eda. La tenacidad para enfrentar las derrotas que ha tenido cuando en un caso no tiene la raz\u00f3n o argumentos absurdos, lo mantienen en pie. \u201cMi sue\u00f1o muchas veces es derrotado por la realidad\u201d, indica con satisfacci\u00f3n, porque cada fallo es una realidad que no hab\u00eda considerado.<\/p>\n<p>Desde el 12 de marzo, por defensa del patrimonio del Estado cre\u00f3 junto a colegas la ONG Asociaci\u00f3n Civil y Veedur\u00eda Ciudadana C\u00facuta Ciudad Verde (ACICUV), un colectivo para generar conciencia ciudadana, porque lo grupal gestiona la masividad de las obras e ideas que pretenden ejecutar y as\u00ed lograr un cambio social en defensa de los derechos humanos, el patrimonio ecol\u00f3gico y el medio ambiente.<\/p>\n<p>Existe una estigmatizaci\u00f3n sobre el concepto sobre quien es Omar Javier Garc\u00eda. \u201cPara mucha gente que roba el erario soy un hombre malo, porque denuncio, porque no dejo robar\u2026 Cuando me opongo, casi siempre la gente cree que los que causan da\u00f1o son pocos y no es as\u00ed, la mayor\u00eda no tiene conciencia, cuando se construye una conciencia colectiva de un determinado concepto de lo que es injusto las cosas avanzan bien y eso quiero lograr\u201d.<\/p>\n<p>Para este defensor, el ejercicio de la vida es una prolongaci\u00f3n de su carrera, una motivaci\u00f3n para enfrentar la realidad que muchas veces lo lleva a una libertad y a conocimientos que alimentan su vida personal y laboral.<\/p>\n<p>Mientras cierra la libreta que mantiene sobre su escritorio expone \u201cLos verdaderos abogados le deben lealtad a la justicia, cuando uno hace lo correcto, nunca va a tener necesidades.\u201d Y eso es lo que diariamente cumple el abogado que a pesar de las dificultades que ha enfrentado para tener el prestigio en la ciudad, act\u00faa de acuerdo a sus principios \u00e9ticos.<\/p>\n<p><strong>IVONNE CONTRERAS<\/strong><\/p>\n<p><strong>Estudiante de Comunicaci\u00f3n Social<\/strong><\/p>\n<p><strong>Universidad de Pamplona<\/strong><\/p>\n<p><strong>Campus de Villa del Rosario<\/strong><\/p>\n<p><strong>Foto: Especial para <a href=\"http:\/\/www.contraluzcucuta.co\">www.contraluzcucuta.co<\/a><\/strong><\/p>\n<p><strong>\u00a0<\/strong> <\/p>\n","protected":false},"excerpt":{"rendered":"<p>C\u00daCUTA.- Aquel hombre corpulento, de barba poblada, piel trigue\u00f1a y estilo juvenil, mantiene siempre una conducta moral impuesta por \u00e9l mismo. Da una imagen de seguridad, sinceridad y confianza a quien necesita de su servicio. Este abogado y especialista en derecho administrativo y constitucional, es el defensor de las causas injustas, que desde ni\u00f1o peleo &hellip;<\/p>\n","protected":false},"author":1,"featured_media":25613,"comment_status":"open","ping_status":"open","sticky":false,"template":"","format":"standard","meta":{"footnotes":""},"categories":[74,9],"tags":[2597,2624,2340,719,161],"class_list":["post-25612","post","type-post","status-publish","format-standard","has-post-thumbnail","hentry","category-aula-universitaria","category-politica","tag-aula-universitaria","tag-omar-javier-garcia","tag-perfiles","tag-unipamplona","tag-universidad-de-pamplona"],"_links":{"self":[{"href":"https:\/\/contraluzcucuta.co\/index.php?rest_route=\/wp\/v2\/posts\/25612","targetHints":{"allow":["GET"]}}],"collection":[{"href":"https:\/\/contraluzcucuta.co\/index.php?rest_route=\/wp\/v2\/posts"}],"about":[{"href":"https:\/\/contraluzcucuta.co\/index.php?rest_route=\/wp\/v2\/types\/post"}],"author":[{"embeddable":true,"href":"https:\/\/contraluzcucuta.co\/index.php?rest_route=\/wp\/v2\/users\/1"}],"replies":[{"embeddable":true,"href":"https:\/\/contraluzcucuta.co\/index.php?rest_route=%2Fwp%2Fv2%2Fcomments&post=25612"}],"version-history":[{"count":1,"href":"https:\/\/contraluzcucuta.co\/index.php?rest_route=\/wp\/v2\/posts\/25612\/revisions"}],"predecessor-version":[{"id":25614,"href":"https:\/\/contraluzcucuta.co\/index.php?rest_route=\/wp\/v2\/posts\/25612\/revisions\/25614"}],"wp:featuredmedia":[{"embeddable":true,"href":"https:\/\/contraluzcucuta.co\/index.php?rest_route=\/wp\/v2\/media\/25613"}],"wp:attachment":[{"href":"https:\/\/contraluzcucuta.co\/index.php?rest_route=%2Fwp%2Fv2%2Fmedia&parent=25612"}],"wp:term":[{"taxonomy":"category","embeddable":true,"href":"https:\/\/contraluzcucuta.co\/index.php?rest_route=%2Fwp%2Fv2%2Fcategories&post=25612"},{"taxonomy":"post_tag","embeddable":true,"href":"https:\/\/contraluzcucuta.co\/index.php?rest_route=%2Fwp%2Fv2%2Ftags&post=25612"}],"curies":[{"name":"wp","href":"https:\/\/api.w.org\/{rel}","templated":true}]}}