{"id":25605,"date":"2016-01-02T15:24:29","date_gmt":"2016-01-02T20:24:29","guid":{"rendered":"http:\/\/contraluzcucuta.co\/?p=25605"},"modified":"2016-01-04T21:52:18","modified_gmt":"2016-01-05T02:52:18","slug":"reportaje-convivencia-en-la-carcel-de-el-salado","status":"publish","type":"post","link":"https:\/\/contraluzcucuta.co\/?p=25605","title":{"rendered":"REPORTAJE. Convivencia en la c\u00e1rcel de \u2018El Salado\u2019"},"content":{"rendered":"<p><strong>C\u00daCUTA.-<\/strong> Esta es una historia que viven millares de colombianos. En ocasiones, la realidad se camufla de gran manera y la situaci\u00f3n de las c\u00e1rceles en Colombia es devastadora. La imagen del Complejo Penitenciario de C\u00facuta es una prueba fehaciente. La convivencia dentro de este recinto est\u00e1 marcada por la corrupci\u00f3n, la negligencia y el olvido.<\/p>\n<p>El Complejo Carcelario y Penitenciario Metropolitano de C\u00facuta, fue creado el 22 octubre de 2012, por la direcci\u00f3n general del Inpec. Est\u00e1 conformado por los extintos establecimientos EPC y RM C\u00facuta. El actual director es el teniente coronel Germ\u00e1n Rodrigo Ricaurte Tapia. El lugar cuenta con capacidad f\u00edsica para albergar 2200 internos, distribuidos en 22 pabellones. La existencia real es de 4300 reclusos con hacinamiento del 95 por ciento.<\/p>\n<p>Las condiciones de sobrecupo impiden brindar a los reos un proceso que garantice el proyecto de resocializaci\u00f3n (estudio, trabajo, etc\u00e9tera). Ante la insuficiente infraestructura carcelaria, los detenidos no pueden llevar una vida digna en la prisi\u00f3n. Duermen en el piso y los corredores, tienen derecho al agua una hora al d\u00eda, orinan en botellas y defecan en bolsas que lanzan por las ventanas. Se automedican y los familiares son v\u00edctimas de manoseos y malos tratos en las requisas para ingresar a la penitenciar\u00eda.<\/p>\n<p>La corrupci\u00f3n permea entre los guardianes del Inpec y a cambio de dinero permiten ingresar armas, tel\u00e9fonos celulares, dinero en efectivo y sustancias alucin\u00f3genas. Los uniformados que visten con un camuflado azul y negro son \u2018arreglados\u2019 con billetes y en hechos fortuitos, hacen parte de la famosa \u2018ley del silencio\u2019 que ronda en la prisi\u00f3n.<\/p>\n<p>Lo anterior genera incidentes, como el ocurrido en junio. Dos reclusos, que presentaban distintos cargos y se encontraban en un mismo patio, protagonizaron una ri\u00f1a. La v\u00edctima fue C\u00e9sar Augusto Rodr\u00edguez Gonz\u00e1lez, de 34 a\u00f1os, condenado a 4 a\u00f1os y 6 meses de prisi\u00f3n. El director del centro de reclusi\u00f3n Ricaurte Tapia asegur\u00f3 que el arma que utiliz\u00f3 el agresor fue un pu\u00f1al artesanal. \u201cDe esos que los internos fabrican en las celdas\u201d. El agresor, Freddy Vega, ten\u00eda una condena por homicidio, a la que hoy se suma el asesinato de Rodr\u00edguez Gonz\u00e1lez.<\/p>\n<p>La labor de resocializaci\u00f3n no consiste en imponer determinados valores a los reclusos, sino en brindarles los medios para que cada interno busque el camino de reinserci\u00f3n a la sociedad. Pero la situaci\u00f3n hace pensar lo contrario, como en el caso de Miguel (*), pr\u00f3ximo a cumplir la pena. \u201cLo que se vive en la c\u00e1rcel no permite resocializarse, m\u00e1s bien genera resentimiento contra el Estado\u201d.<\/p>\n<p>La Corte Constitucional recalc\u00f3 sobre la obligaci\u00f3n del Estado de brindar los medios necesarios para la resocializaci\u00f3n. Seg\u00fan el C\u00f3digo Penitenciario, los internos tienen derecho al trabajo, a la educaci\u00f3n, al servicio de sanidad, a la comunicaci\u00f3n con el exterior, a las visitas y a la atenci\u00f3n social.<\/p>\n<p>Todo lo anterior se convierte en una lista de derechos sin cumplir. La convivencia en este recinto est\u00e1 marcada por el hacinamiento. La violaci\u00f3n de derechos humanos, la falta de atenci\u00f3n m\u00e9dica y otros casos de salubridad reinan en el complejo carcelario de \u2018El Salado\u2019.<\/p>\n<p>La Defensor\u00eda del Pueblo tiene dentro de sus funciones la representaci\u00f3n jur\u00eddica de los condenados que soliciten el servicio y coadyuva ante problemas de violaci\u00f3n de derechos en el penal.\u00a0 Javier Maldonado, funcionario de la Defensor\u00eda, afirm\u00f3 que \u201ccada patio tiene un representante en el Comit\u00e9 de Derechos Humanos. Ah\u00ed se resuelven problemas de convivencia y la Defensor\u00eda media entre la administraci\u00f3n y los reclusos\u201d.<\/p>\n<p>El Comit\u00e9 se re\u00fane\u00a0 cada mes y de manera extraordinaria cuando se requiere. Maldonado asegur\u00f3 que en la actualidad, los mayores problemas de convivencia ocurren por ausencia de atenci\u00f3n m\u00e9dica. \u201cConocemos un caso reciente de un brote de tuberculosis\u00a0 que surgi\u00f3 ante la falta de higiene en las colchonetas utilizadas para las visitas conyugales\u201d.<\/p>\n<p>Adem\u00e1s, la Caja de Previsi\u00f3n Social de Comunicaciones (Caprecom) dej\u00f3 de prestar servicios y no hay m\u00e9dicos las 24 horas. Las enfermeras solo entregan calmantes y no permiten el ingreso de medicamentos que env\u00edan familiares.<\/p>\n<p>\u201cUna mujer que dio a luz y como en la historia cl\u00ednica no iba la ecograf\u00eda donde mostraba que acababa de tener el beb\u00e9, el m\u00e9dico la remiti\u00f3 de nuevo a la c\u00e1rcel y mientras tanto el beb\u00e9 qued\u00f3 sin su mam\u00e1 durante dos d\u00edas hasta que nos pusimos al frente de la situaci\u00f3n\u201d. Relat\u00f3 un integrante de la Asociaci\u00f3n de Familiares y Amigos de los internos de la C\u00e1rcel Modelo de C\u00facuta (Asofaminterccuc), quien solicit\u00f3 no ser identificado por motivos de seguridad.<\/p>\n<p>Lo mismo sucede con el servicio de alimentaci\u00f3n. \u201cLos presos no se alimentan como es debido. No reciben la cantidad y la calidad que un ser humano debe recibir como m\u00ednimo para vivir con dignidad\u201d, dijo Graciela Espinel, asesora de pr\u00e1cticas del programa de Psicolog\u00eda de la Universidad de Pamplona.<\/p>\n<p>Ante las denuncias y las tutelas de los reclusos, familiares y organizaciones defensoras de derechos humanos, la Corte Constitucional sentenci\u00f3 en el primer semestre del a\u00f1o que si los directivos no protegen los derechos de los internos y garantizan la convivencia, la c\u00e1rcel de C\u00facuta podr\u00eda ser cerrada.<\/p>\n<p><strong>ALEXANDRA MIUSTES y ANDR\u00c9S CARVAJAL<\/strong><\/p>\n<p><strong>Estudiantes de Comunicaci\u00f3n Social<\/strong><\/p>\n<p><strong>Universidad de Pamplona<\/strong><\/p>\n<p><strong>Campus de Villa del Rosario<\/strong><\/p>\n<p>Foto: Especial para www.contraluzcucuta.co<\/p>\n<p>&nbsp; <\/p>\n","protected":false},"excerpt":{"rendered":"<p>C\u00daCUTA.- Esta es una historia que viven millares de colombianos. En ocasiones, la realidad se camufla de gran manera y la situaci\u00f3n de las c\u00e1rceles en Colombia es devastadora. La imagen del Complejo Penitenciario de C\u00facuta es una prueba fehaciente. La convivencia dentro de este recinto est\u00e1 marcada por la corrupci\u00f3n, la negligencia y el &hellip;<\/p>\n","protected":false},"author":1,"featured_media":25607,"comment_status":"open","ping_status":"open","sticky":false,"template":"","format":"standard","meta":{"footnotes":""},"categories":[74,6],"tags":[2619,2620,775],"class_list":["post-25605","post","type-post","status-publish","format-standard","has-post-thumbnail","hentry","category-aula-universitaria","category-ojo-avizor","tag-carcel-de-cucuta","tag-inpec-cucuta","tag-penitenciaria-de-cucuta"],"_links":{"self":[{"href":"https:\/\/contraluzcucuta.co\/index.php?rest_route=\/wp\/v2\/posts\/25605","targetHints":{"allow":["GET"]}}],"collection":[{"href":"https:\/\/contraluzcucuta.co\/index.php?rest_route=\/wp\/v2\/posts"}],"about":[{"href":"https:\/\/contraluzcucuta.co\/index.php?rest_route=\/wp\/v2\/types\/post"}],"author":[{"embeddable":true,"href":"https:\/\/contraluzcucuta.co\/index.php?rest_route=\/wp\/v2\/users\/1"}],"replies":[{"embeddable":true,"href":"https:\/\/contraluzcucuta.co\/index.php?rest_route=%2Fwp%2Fv2%2Fcomments&post=25605"}],"version-history":[{"count":1,"href":"https:\/\/contraluzcucuta.co\/index.php?rest_route=\/wp\/v2\/posts\/25605\/revisions"}],"predecessor-version":[{"id":25608,"href":"https:\/\/contraluzcucuta.co\/index.php?rest_route=\/wp\/v2\/posts\/25605\/revisions\/25608"}],"wp:featuredmedia":[{"embeddable":true,"href":"https:\/\/contraluzcucuta.co\/index.php?rest_route=\/wp\/v2\/media\/25607"}],"wp:attachment":[{"href":"https:\/\/contraluzcucuta.co\/index.php?rest_route=%2Fwp%2Fv2%2Fmedia&parent=25605"}],"wp:term":[{"taxonomy":"category","embeddable":true,"href":"https:\/\/contraluzcucuta.co\/index.php?rest_route=%2Fwp%2Fv2%2Fcategories&post=25605"},{"taxonomy":"post_tag","embeddable":true,"href":"https:\/\/contraluzcucuta.co\/index.php?rest_route=%2Fwp%2Fv2%2Ftags&post=25605"}],"curies":[{"name":"wp","href":"https:\/\/api.w.org\/{rel}","templated":true}]}}