{"id":25599,"date":"2016-01-02T14:47:06","date_gmt":"2016-01-02T19:47:06","guid":{"rendered":"http:\/\/contraluzcucuta.co\/?p=25599"},"modified":"2016-01-04T17:18:14","modified_gmt":"2016-01-04T22:18:14","slug":"cesar-rojas-alcalde-seran-cuatro-anos-de-trabajo","status":"publish","type":"post","link":"https:\/\/contraluzcucuta.co\/?p=25599","title":{"rendered":"C\u00c9SAR ROJAS, ALCALDE. \u201cSer\u00e1n cuatro a\u00f1os de trabajo\u201d"},"content":{"rendered":"<p><strong>C\u00daCUTA.-<\/strong> El alcalde de C\u00facuta, C\u00e9sar Omar Rojas Ayala, tom\u00f3 posesi\u00f3n del cargo para el periodo 2016- 2019. La ceremonia se llev\u00f3 a cabo, el primer d\u00eda del a\u00f1o, en el parque Santander. El juramento lo tom\u00f3 la notaria Carmen Elvira Liendo ante cientos de seguidores de entrante gobernante local.<\/p>\n<p>Al iniciar el discurso agradeci\u00f3 a Dios por la oportunidad que le brinda de llegar al palacio municipal y al pueblo cucute\u00f1o por el voto de confianza en las elecciones del 25 de octubre. Remplaza en el puesto a Donamaris Ram\u00edrez.<\/p>\n<p>Frente al plan de trabajo que impondr\u00e1 propuso un pacto y un compromiso que permitir\u00e1n identificar las debilidades de la capital de Norte de Santander y rescatar a la \u2018noble y leal Villa de San Jos\u00e9 de C\u00facuta\u2019. \u201cEn los pr\u00f3ximos cuatro a\u00f1os se dar\u00e1n cuenta de que soy un hombre de pocas palabras. Soy un hombre de trabajo\u201d.<\/p>\n<p>Entro las l\u00edneas de acci\u00f3n para los siguientes cuatro a\u00f1os destac\u00f3:<\/p>\n<p>1.- Convertir a la ciudad en sitio\u00a0 tur\u00edstico<\/p>\n<p>2.- Generar 15.000 empleos<\/p>\n<p>3.- El uso de las TIC<\/p>\n<p>4.- La formaci\u00f3n de valores<\/p>\n<p>5.- La recreaci\u00f3n, el deporte y la investigaci\u00f3n<\/p>\n<p>6.- Soluci\u00f3n de conflictos y el control de la seguridad.<\/p>\n<p>\u201cLa C\u00facuta que gobernar\u00e9 ser\u00e1 m\u00e1s humana y m\u00e1s solidaria\u201d, se\u00f1al\u00f3 C\u00e9sar Rojas y anunci\u00f3 que para alcanzar este cometido fortalecer\u00e1 los sectores de salud, educaci\u00f3n y comunicaciones para generar oportunidades en la comunidad. \u201cSer\u00e1n cuatro a\u00f1os de trabajo\u201d, y al final (2019) se entregar\u00e1 una C\u00facuta diferente.<\/p>\n<p>Prometi\u00f3 no defraudar a los electores, en particular, y a los cucute\u00f1os, en general. Anunci\u00f3 el inicio de la modernidad, el desarrollo y las grandes obras para la ciudad. \u201cSoy el hijo pol\u00edtico de Ramiro Su\u00e1rez\u201d, dijo en la parte final de la intervenci\u00f3n. Esta frase desat\u00f3 el delirio entre los seguidores del exalcade preso en Bogot\u00e1.<\/p>\n<p>Al acto asistieron el gobernador William Villamizar,\u00a0 autoridades civiles, militares y eclesi\u00e1sticas; concejales, diputados, ediles y l\u00edderes comunales. \u00a0El plan de gobierno le apunta al progreso de la ciudad, sustentado en la planeaci\u00f3n para no cometer errores al ejecutar el presupuesto.<\/p>\n<p>El grupo de trabajo que acompa\u00f1ar\u00e1 a C\u00e9sar Rojas en el despegue de la administraci\u00f3n es el siguiente:<\/p>\n<p>Secretaria General: Martha Mar\u00eda Reyes<\/p>\n<p>Secretaria Privada: Doris Angarita Acosta<\/p>\n<p>Planeaci\u00f3n: Orlando Joves<\/p>\n<p>Bienestar Social: Tel\u00e9sforo Blanco<\/p>\n<p>Educaci\u00f3n: Indira P\u00e9rez<\/p>\n<p>Desarrollo Social: Jos\u00e9 Antonio Vargas<\/p>\n<p>Asesor Jur\u00eddico: Emerson Meneses<\/p>\n<p>Banco del Progreso: Lady Berm\u00fadez<\/p>\n<p>IMRD: Raymon Hern\u00e1ndez<\/p>\n<p>Tr\u00e1nsito y Trasporte: Jos\u00e9 Luis Duarte<\/p>\n<p>Central de Trasportes: Oscar Sandoval<\/p>\n<p>Prensa: Carlos Contreras<\/p>\n<p>Hacienda: Darwin Clavijo<\/p>\n<p>Control Interno Disciplinario: David Haddad<\/p>\n<p>Equidad y G\u00e9nero: Isabel M\u00e1rquez<\/p>\n<p>Contadora General: Stella Navarro<\/p>\n<p>Centro Tecnol\u00f3gico: Erik Pacheco<\/p>\n<p>Seguridad Ciudadana: Mauricio Franco<\/p>\n<p>Cultura: Jos\u00e9 del Carmen Ortiz<\/p>\n<p>Infraestructura: Jonny Contreras<\/p>\n<p>Sisb\u00e9n: Vanesa Arenas<\/p>\n<p><strong>Foto: PRENSA ALCALD\u00cdA<\/strong><\/p>\n<p>&nbsp; <\/p>\n","protected":false},"excerpt":{"rendered":"<p>C\u00daCUTA.- El alcalde de C\u00facuta, C\u00e9sar Omar Rojas Ayala, tom\u00f3 posesi\u00f3n del cargo para el periodo 2016- 2019. La ceremonia se llev\u00f3 a cabo, el primer d\u00eda del a\u00f1o, en el parque Santander. El juramento lo tom\u00f3 la notaria Carmen Elvira Liendo ante cientos de seguidores de entrante gobernante local. Al iniciar el discurso agradeci\u00f3 &hellip;<\/p>\n","protected":false},"author":1,"featured_media":25600,"comment_status":"open","ping_status":"open","sticky":false,"template":"","format":"standard","meta":{"footnotes":""},"categories":[541,6],"tags":[226,1558,2617],"class_list":["post-25599","post","type-post","status-publish","format-standard","has-post-thumbnail","hentry","category-ciudad","category-ojo-avizor","tag-alcaldia-de-cucuta","tag-cesar-rojas-ayala","tag-posesion-de-cesar-rojas"],"_links":{"self":[{"href":"https:\/\/contraluzcucuta.co\/index.php?rest_route=\/wp\/v2\/posts\/25599","targetHints":{"allow":["GET"]}}],"collection":[{"href":"https:\/\/contraluzcucuta.co\/index.php?rest_route=\/wp\/v2\/posts"}],"about":[{"href":"https:\/\/contraluzcucuta.co\/index.php?rest_route=\/wp\/v2\/types\/post"}],"author":[{"embeddable":true,"href":"https:\/\/contraluzcucuta.co\/index.php?rest_route=\/wp\/v2\/users\/1"}],"replies":[{"embeddable":true,"href":"https:\/\/contraluzcucuta.co\/index.php?rest_route=%2Fwp%2Fv2%2Fcomments&post=25599"}],"version-history":[{"count":1,"href":"https:\/\/contraluzcucuta.co\/index.php?rest_route=\/wp\/v2\/posts\/25599\/revisions"}],"predecessor-version":[{"id":25601,"href":"https:\/\/contraluzcucuta.co\/index.php?rest_route=\/wp\/v2\/posts\/25599\/revisions\/25601"}],"wp:featuredmedia":[{"embeddable":true,"href":"https:\/\/contraluzcucuta.co\/index.php?rest_route=\/wp\/v2\/media\/25600"}],"wp:attachment":[{"href":"https:\/\/contraluzcucuta.co\/index.php?rest_route=%2Fwp%2Fv2%2Fmedia&parent=25599"}],"wp:term":[{"taxonomy":"category","embeddable":true,"href":"https:\/\/contraluzcucuta.co\/index.php?rest_route=%2Fwp%2Fv2%2Fcategories&post=25599"},{"taxonomy":"post_tag","embeddable":true,"href":"https:\/\/contraluzcucuta.co\/index.php?rest_route=%2Fwp%2Fv2%2Ftags&post=25599"}],"curies":[{"name":"wp","href":"https:\/\/api.w.org\/{rel}","templated":true}]}}