{"id":25581,"date":"2015-12-29T16:06:30","date_gmt":"2015-12-29T21:06:30","guid":{"rendered":"http:\/\/contraluzcucuta.co\/?p=25581"},"modified":"2016-01-02T14:51:04","modified_gmt":"2016-01-02T19:51:04","slug":"resumen-2015-escasa-produccion-de-libros-en-cucuta","status":"publish","type":"post","link":"https:\/\/contraluzcucuta.co\/?p=25581","title":{"rendered":"RESUMEN 2015. Escasa producci\u00f3n de libros en C\u00facuta"},"content":{"rendered":"<p><strong>C\u00daCUTA.-<\/strong> La producci\u00f3n literaria en C\u00facuta se mantiene escasa. Diversos motivos impiden a los escritores mostrar sus obras. Entre las mayores dificultades est\u00e1n la falta de presupuesto, el escaso respaldo oficial y el poco inter\u00e9s de los lectores por adquirir los textos.<\/p>\n<p>Entre los libros destacados est\u00e1n:<\/p>\n<p><strong>1.- \u2018Me hablar\u00e1s del fuego, los hornos de la infamia\u2019 <\/strong><\/p>\n<p>El periodista y escritor bogotano Javier Osuna trajo a la ciudad esta obra para mostrar el horror de una \u00e9poca protagonizada por el paramilitarismo en Norte de Santander, especialmente en el corregimiento Juan Fr\u00edo (Villa del Rosario).<\/p>\n<p>La presentaci\u00f3n se dio en cumplimiento de la C\u00e1tedra \u2018Eustorgio Colmenares\u2019, que auspician la Universidad de Pamplona, campus de Villa del Rosaro, y el matutino local La Opini\u00f3n.<\/p>\n<p>Osuna Sarmiento es comunicador social con \u00e9nfasis en relaciones internacionales y comunicaci\u00f3n pol\u00edtica. Ha sido galardonado con el Premio Nacional de Periodismo Sim\u00f3n Bol\u00edvar por el trabajo \u2018La prensa silenciada\u2019, y el Premio Nacional de Periodismo CPB (C\u00edrculo de Periodistas de Bogot\u00e1), en la categor\u00eda de Nuevos Medios, con el portal Verdad Abierta. (Revista Semana).<\/p>\n<p><strong>2.- \u2018Cr\u00f3nicas sueltas\u2019 3<\/strong><\/p>\n<p>La C\u00facuta culta, amable, tranquila y de valores, esa que se ha esfumado por la indolencia de los cucute\u00f1os, es la que muestra Carlos Eduardo Orduz en el tercer libro. La presentaci\u00f3n de la obra se dio en la biblioteca p\u00fablica \u2018Julio P\u00e9rez Ferrero\u2019.<\/p>\n<p>El objetivo es rescatar los valores que en esas \u00e9pocas pret\u00e9ritas se infund\u00edan en escuelas y colegios. Los planteles formaban a los estudiantes en derechos y deberes. Los dos libros anteriores relatan c\u00f3mo eran las calles de C\u00facuta, los almacenes, los notables, las empresas de taxis, los fot\u00f3grafos, el Cementerio Central. \u201cTodo lo que ten\u00eda la ciudad y que se ha perdido en medio de la pasividad de los cucute\u00f1os\u201d, dijo el autor.<\/p>\n<p><strong>3.- La educaci\u00f3n f\u00edsica nortesantandereana de ayer y de hoy<\/strong><\/p>\n<p>El profesor Carlos Ramiro Tarazona present\u00f3 en la biblioteca p\u00fablica \u2018Julio P\u00e9rez Ferrero\u2019 el segundo libro de su cosecha. El\u00a0 educador, fundador y ex presidente de la Liga de Gimnasia estuvo acompa\u00f1ado de familiares, amigos y las glorias del baloncesto Alfredo D\u00edaz, \u00c1lvaro Hern\u00e1ndez y Hern\u00e1n G\u00f3mez.<\/p>\n<p>La motivaci\u00f3n para llevar a cabo la tarea de recopilar la historia de esta actividad en planteles educativos de Norte de Santander es el deseo por dejar un legado para las generaciones venideras.<\/p>\n<p><strong>4.- 90 a\u00f1os de historia \u2013 C\u00facuta Deportivo<\/strong><\/p>\n<p>Al periodista Jorge Enrique Rico lo movi\u00f3 la inquietud de mostrar la historia del cuadro rojinegro. Hizo p\u00fablico el deseo y apareci\u00f3 el \u00e1ngel que necesitaba para que le diera alas y le ofreci\u00f3 patrocinio. La investigaci\u00f3n comenz\u00f3 en los archivos de la Dimayor, en Bogot\u00e1, y en la hemeroteca de la biblioteca p\u00fablica Julio P\u00e9rez Ferrero, en C\u00facuta. El libro recoge 90 a\u00f1os de historia. Es un compendio de oro y en la puesta en marcha de la idea jugaron papel fundamental Dios y Guillermo Ruiz Bonilla, historiador, autor de 42 libros sobre f\u00fatbol y encargado de la estad\u00edstica en una cadena radial.<\/p>\n<p><strong>5.- Los italianos de C\u00facuta<\/strong><\/p>\n<p>Alberto Donad\u00edo rescata la historia de la fecunda colonia italiana de\u00a0 C\u00facuta. Utiliza como ingredientes antiguos documentos de archivo, an\u00e9cdotas y genealog\u00edas de padres, t\u00edos, abuelos, bisabuelos y tatarabuelos, as\u00ed como a\u00f1ejas fotograf\u00edas in\u00e9ditas.<\/p>\n<p><strong>RAFAEL ANTONIO PAB\u00d3N<\/strong><\/p>\n<p><strong><a href=\"mailto:rafaelpabon58@hotmail.com\">rafaelpabon58@hotmail.com<\/a><\/strong><\/p>\n<p><strong>Foto: MARCO S\u00daA<\/strong><\/p>\n<p><a href=\"mailto:mjsua9112@hotmail.com\"><strong>mjsua9112@hotmail.com<\/strong><\/a><\/p>\n<p><strong>\u00a0<\/strong><\/p>\n<p>&nbsp;<\/p>\n<p>&nbsp; <\/p>\n","protected":false},"excerpt":{"rendered":"<p>C\u00daCUTA.- La producci\u00f3n literaria en C\u00facuta se mantiene escasa. Diversos motivos impiden a los escritores mostrar sus obras. Entre las mayores dificultades est\u00e1n la falta de presupuesto, el escaso respaldo oficial y el poco inter\u00e9s de los lectores por adquirir los textos. Entre los libros destacados est\u00e1n: 1.- \u2018Me hablar\u00e1s del fuego, los hornos de &hellip;<\/p>\n","protected":false},"author":1,"featured_media":25582,"comment_status":"open","ping_status":"open","sticky":false,"template":"","format":"standard","meta":{"footnotes":""},"categories":[6,37],"tags":[2612,2589,2610,2611,1354,2604],"class_list":["post-25581","post","type-post","status-publish","format-standard","has-post-thumbnail","hentry","category-ojo-avizor","category-paseo-cultural","tag-alberto-donadio","tag-carlos-orduz","tag-javier-osuna","tag-jorge-enrique-rico","tag-ramiro-tarazona","tag-resumen-2015"],"_links":{"self":[{"href":"https:\/\/contraluzcucuta.co\/index.php?rest_route=\/wp\/v2\/posts\/25581","targetHints":{"allow":["GET"]}}],"collection":[{"href":"https:\/\/contraluzcucuta.co\/index.php?rest_route=\/wp\/v2\/posts"}],"about":[{"href":"https:\/\/contraluzcucuta.co\/index.php?rest_route=\/wp\/v2\/types\/post"}],"author":[{"embeddable":true,"href":"https:\/\/contraluzcucuta.co\/index.php?rest_route=\/wp\/v2\/users\/1"}],"replies":[{"embeddable":true,"href":"https:\/\/contraluzcucuta.co\/index.php?rest_route=%2Fwp%2Fv2%2Fcomments&post=25581"}],"version-history":[{"count":1,"href":"https:\/\/contraluzcucuta.co\/index.php?rest_route=\/wp\/v2\/posts\/25581\/revisions"}],"predecessor-version":[{"id":25583,"href":"https:\/\/contraluzcucuta.co\/index.php?rest_route=\/wp\/v2\/posts\/25581\/revisions\/25583"}],"wp:featuredmedia":[{"embeddable":true,"href":"https:\/\/contraluzcucuta.co\/index.php?rest_route=\/wp\/v2\/media\/25582"}],"wp:attachment":[{"href":"https:\/\/contraluzcucuta.co\/index.php?rest_route=%2Fwp%2Fv2%2Fmedia&parent=25581"}],"wp:term":[{"taxonomy":"category","embeddable":true,"href":"https:\/\/contraluzcucuta.co\/index.php?rest_route=%2Fwp%2Fv2%2Fcategories&post=25581"},{"taxonomy":"post_tag","embeddable":true,"href":"https:\/\/contraluzcucuta.co\/index.php?rest_route=%2Fwp%2Fv2%2Ftags&post=25581"}],"curies":[{"name":"wp","href":"https:\/\/api.w.org\/{rel}","templated":true}]}}