{"id":25578,"date":"2015-12-29T15:48:51","date_gmt":"2015-12-29T20:48:51","guid":{"rendered":"http:\/\/contraluzcucuta.co\/?p=25578"},"modified":"2016-01-02T14:18:30","modified_gmt":"2016-01-02T19:18:30","slug":"resumen-2015-personajes-del-ano-en-norte-de-santander","status":"publish","type":"post","link":"https:\/\/contraluzcucuta.co\/?p=25578","title":{"rendered":"RESUMEN 2015. Personajes del a\u00f1o en Norte de Santander"},"content":{"rendered":"<p><strong>C\u00daCUTA.-<\/strong> El 2015, les permiti\u00f3 a hombres y mujeres destacar en las actividades que practican, en los oficios que desempe\u00f1an y en las artes que aprendieron para defenderse en la vida. Al hacer el repaso de esos personajes sobresalientes los encontramos en diferentes momentos del a\u00f1o.<\/p>\n<p>La clasificaci\u00f3n entrega tres puestos de honor para cada categor\u00eda, al mejor estilo de los podios deportivos.<\/p>\n<p><strong>POL\u00cdTICA<\/strong><\/p>\n<p>3.- Judith Maldonado<\/p>\n<p>La defensora de los derechos humanos se apart\u00f3, por unos meses, de los compromisos adquiridos como abogada para participar en la contienda electoral. El discurso que manej\u00f3 y el programa de gobierno que expuso despertaron inter\u00e9s entre quienes est\u00e1n cansados del tradicionalismo pol\u00edtico y obtuvo un respaldo significativo para pensar en el futuro.<\/p>\n<p>2.- William Villamizar<\/p>\n<p>El exgobernador, desde mucho antes de iniciar la campa\u00f1a pol\u00edtica, ten\u00eda asegurada la vuelta al palacio de la calle 14. Los rivales pusieron trabas en el camino que supo saltar en los estrados judiciales. Al t\u00e9rmino de la jornada electoral gan\u00f3 con suficiente margen y gobernar\u00e1 por los siguientes cuatro a\u00f1os.<\/p>\n<p>1.- C\u00e9sar Rojas<\/p>\n<p>La campa\u00f1a pol\u00edtica se ensa\u00f1\u00f3 contra la candidatura a la Alcald\u00eda y de diversos sectores cucute\u00f1os llovieron cr\u00edticas por el respaldo de Ramiro Su\u00e1rez a su pretensi\u00f3n de llegar al palacio municipal. El triunfo no sorprendi\u00f3 por el trabajo efectuado en la ciudad en los meses previos a la elecci\u00f3n.<\/p>\n<p><strong>SOCIAL<\/strong><\/p>\n<p>3.-\u00a0 Gramaloteros<\/p>\n<p>Los gramaloteros tuvieron una nueva visita del presidente Juan Manuel Santos y otra vez escucharon que en poco tiempo el municipio estar\u00eda de pie en Miraflores. La esperanza se les agranda con cada palabra oficial, a pesar de que el paso de los meses los haga ver otra realidad lejos de la patria chica.<\/p>\n<p>2.- Deportados<\/p>\n<p>Millares de colombianos salieron humillados o despavoridos del estado T\u00e1chira (Venezuela) luego de la orden de desalojo impartida por el presidente Nicol\u00e1s Maduro. En Caracas se fragu\u00f3 la deportaci\u00f3n de los connacionales, acci\u00f3n que despert\u00f3 el repudi\u00f3 en los organismos internacionales de defensa de los derechos humanos.<\/p>\n<p>1.- Huelga de hambre<\/p>\n<p>Los vendedores ambulantes desafiaron la autoridad municipal y respondieron con una huelga de hambre en el parque de Santander a la orden de desalojo de las calles c\u00e9ntricas de C\u00facuta. Al cabo de varios d\u00edas de protesta abrieron los candados y regresaron a casa. Hoy, est\u00e1n en las v\u00edas en franca desobediencia a lo impuesto desde la Alcald\u00eda.<\/p>\n<p><strong>DEPORTES<\/strong><\/p>\n<p>3.- C\u00facuta Deportivo<\/p>\n<p>Un a\u00f1o dur\u00f3 la ilusi\u00f3n de los aficionados rojinegros con el regreso del cuadro motil\u00f3n a la primera categor\u00eda del f\u00fatbol profesional colombiano. El presidente del club Jos\u00e9 Augusto Cadena no supo armar un equipo competitivo y al terminar la temporada 2015 el elenco fronterizo retorn\u00f3 a la segunda divisi\u00f3n.<\/p>\n<p>2.- El deporte rojinegro<\/p>\n<p>As\u00ed falte mucho trecho para alcanzar a las potencias nacionales, el deporte nortesantandereano ha dado pasos importantes en busca de la consagraci\u00f3n. En los Juegos Nacionales los deportistas alcanzaron m\u00e1s de 100 preseas y superaron en 20 medallas el acumulado en el 2011, en C\u00facuta.<\/p>\n<p>1.- Jossimar Calvo<\/p>\n<p>Quiz\u00e1s sean la humildad, la tranquilidad y la pasividad que irradia las cualidades que hacen de este gimnasta un gran deportista. A los logros en los aparatos se le suma ese don de gente que lo destaca. El sue\u00f1o es Ol\u00edmpico.<\/p>\n<p><strong>EMPRESARIAL<\/strong><\/p>\n<p>3.- Alberto Rangel<\/p>\n<p>Despu\u00e9s de pasar varias d\u00e9cadas al frente de Centrales El\u00e9ctricas, Alberto Rangel Becerra dio por concluido su ciclo. La electrificadora lleg\u00f3 a un momento de m\u00e1ximo rendimiento empresarial y rindi\u00f3 los r\u00e9ditos esperados para consolidarse entre las mejores de la regi\u00f3n y del pa\u00eds.<\/p>\n<p>2.- Ricardo G\u00e9lvez<\/p>\n<p>Los \u00faltimos cuatro a\u00f1os los vivi\u00f3 en Bucaramanga donde estuvo al frente de la Televisora Regional del Oriente (TRO). Al t\u00e9rmino de la gesti\u00f3n posicion\u00f3 a la organizaci\u00f3n en el espectro nacional y la dot\u00f3 de equipos que la hacen competitiva y funcional para Norte de Santander y Santander.<\/p>\n<p>1.- Jos\u00e9 Miguel Gonz\u00e1lez<\/p>\n<p>En la presidencia ejecutiva de la C\u00e1mara de Comercio cumpli\u00f3 los objetivos propuestos, impuls\u00f3 la regi\u00f3n y propici\u00f3 debates para reclamar por los nortesantandereanos. Ahora, est\u00e1 al frente de Cens y tiene el reto de superar la labor cumplida por sus antecesores.<\/p>\n<p><strong>EDUCACI\u00d3N SUPERIOR<\/strong><\/p>\n<p>3.- \u00a0Claudia Toloza \u2013 Rectora UFPS<\/p>\n<p>Alcanz\u00f3 el mayor respaldo de docentes y administrativos, que suma el 60 por ciento de la votaci\u00f3n. Entre los estudiantes no obtuvo la mayor\u00eda. Remplaz\u00f3 en el cargo al eterno rector H\u00e9ctor Parra.<\/p>\n<p>2.- Tom\u00e1s Wilches \u2013 Rector UniSim\u00f3n<\/p>\n<p>Hace a\u00f1o y medio el Centro de Investigaciones de la Universidad Sim\u00f3n Bol\u00edvar trabaja en tres proyectos que cambiar\u00e1n la cara de C\u00facuta y ofrecer\u00e1n otras alternativas para incentivar el turismo. El Pueblito Viejo, la Ciudad del Futuro y el Parque Metropolitano son parques tem\u00e1ticos obedecen a la necesidad apremiante que hay en C\u00facuta y Norte de Santander de empezar a reconocer los potenciales y las capacidades de desarrollo, apost\u00e1ndole a un proyecto tur\u00edstico de esta envergadura.<\/p>\n<p>1.- Elio Serrano \u2013 Rector UniPamplona<\/p>\n<p>A\u00f1o tras a\u00f1o la educaci\u00f3n superior asume el papel que le corresponde en la regi\u00f3n. La Universidad de Pamplona ocup\u00f3 el puesto 79, entre 187 instituciones analizadas seg\u00fan el Modelo de Indicadores de la Educaci\u00f3n Superior (Mide). Entre las universidades regionales aparece en el primer lugar, luego de la evaluaci\u00f3n de 18 variables, enmarcadas en seis apartados: docentes, egresados, internacionalizaci\u00f3n, desempe\u00f1o e investigaci\u00f3n y atracci\u00f3n.<\/p>\n<p><strong>RAFAEL ANTONIO PAB\u00d3N<\/strong><\/p>\n<p><a href=\"mailto:rafaelpabon58@hotmail.com\"><strong>rafaelpabon58@hotmail.com<\/strong><\/a><\/p>\n<p><strong>Foto: Archivo<\/strong> <\/p>\n","protected":false},"excerpt":{"rendered":"<p>C\u00daCUTA.- El 2015, les permiti\u00f3 a hombres y mujeres destacar en las actividades que practican, en los oficios que desempe\u00f1an y en las artes que aprendieron para defenderse en la vida. Al hacer el repaso de esos personajes sobresalientes los encontramos en diferentes momentos del a\u00f1o. La clasificaci\u00f3n entrega tres puestos de honor para cada &hellip;<\/p>\n","protected":false},"author":1,"featured_media":25579,"comment_status":"open","ping_status":"open","sticky":false,"template":"","format":"standard","meta":{"footnotes":""},"categories":[556,32],"tags":[1236,639,2607,2604,2092],"class_list":["post-25578","post","type-post","status-publish","format-standard","has-post-thumbnail","hentry","category-departamento","category-recorrido-por-la-region","tag-cesar-omar-rojas","tag-jossimar-calvo","tag-politica-en-norte-de-santander","tag-resumen-2015","tag-william-villamizar"],"_links":{"self":[{"href":"https:\/\/contraluzcucuta.co\/index.php?rest_route=\/wp\/v2\/posts\/25578","targetHints":{"allow":["GET"]}}],"collection":[{"href":"https:\/\/contraluzcucuta.co\/index.php?rest_route=\/wp\/v2\/posts"}],"about":[{"href":"https:\/\/contraluzcucuta.co\/index.php?rest_route=\/wp\/v2\/types\/post"}],"author":[{"embeddable":true,"href":"https:\/\/contraluzcucuta.co\/index.php?rest_route=\/wp\/v2\/users\/1"}],"replies":[{"embeddable":true,"href":"https:\/\/contraluzcucuta.co\/index.php?rest_route=%2Fwp%2Fv2%2Fcomments&post=25578"}],"version-history":[{"count":1,"href":"https:\/\/contraluzcucuta.co\/index.php?rest_route=\/wp\/v2\/posts\/25578\/revisions"}],"predecessor-version":[{"id":25580,"href":"https:\/\/contraluzcucuta.co\/index.php?rest_route=\/wp\/v2\/posts\/25578\/revisions\/25580"}],"wp:featuredmedia":[{"embeddable":true,"href":"https:\/\/contraluzcucuta.co\/index.php?rest_route=\/wp\/v2\/media\/25579"}],"wp:attachment":[{"href":"https:\/\/contraluzcucuta.co\/index.php?rest_route=%2Fwp%2Fv2%2Fmedia&parent=25578"}],"wp:term":[{"taxonomy":"category","embeddable":true,"href":"https:\/\/contraluzcucuta.co\/index.php?rest_route=%2Fwp%2Fv2%2Fcategories&post=25578"},{"taxonomy":"post_tag","embeddable":true,"href":"https:\/\/contraluzcucuta.co\/index.php?rest_route=%2Fwp%2Fv2%2Ftags&post=25578"}],"curies":[{"name":"wp","href":"https:\/\/api.w.org\/{rel}","templated":true}]}}