{"id":25572,"date":"2015-12-27T22:50:59","date_gmt":"2015-12-28T03:50:59","guid":{"rendered":"http:\/\/contraluzcucuta.co\/?p=25572"},"modified":"2015-12-29T19:10:41","modified_gmt":"2015-12-30T00:10:41","slug":"reportaje-la-cadena-del-poder-politico-en-norte-de-santander","status":"publish","type":"post","link":"https:\/\/contraluzcucuta.co\/?p=25572","title":{"rendered":"REPORTAJE. La cadena del poder pol\u00edtico en Norte de Santander"},"content":{"rendered":"<p><strong>C\u00daCUTA.-<\/strong> \u00bfPor tradici\u00f3n o por dinero? Es la pregunta que muchos ciudadanos se hacen, aunque la mayor\u00eda cree que llegar a un puesto pol\u00edtico tiene como objetivo el conseguir recursos econ\u00f3micos. Algunos pol\u00edticos han decidido llevar a miembros de la familia a pertenecer al mismo c\u00edrculo y forman un \u00e1rbol de nepotismo.<\/p>\n<p>Aunque ellos dicen hacerlo por tradici\u00f3n, por amor, por ayudar a la comunidad como l\u00edderes que son y que conocen del medio, el pueblo opina que lo hacen por enriquecerse y con varios miembros del clan en esas esferas es m\u00e1s f\u00e1cil que se apoderen de los puestos de mando.<\/p>\n<p>A\u00a0 lo largo de la historia pol\u00edtica de Norte de Santander aparecen familias involucradas en este oficio. En el pasado los Colmenares Baptista tuvieron a Eustorgio en la alcald\u00eda de C\u00facuta (1966 \u2013 1970) y a Le\u00f3n en la Gobernaci\u00f3n de Norte de Santander. Tambi\u00e9n a la sobrina Margarita Silva de Uribe en la Gobernaci\u00f3n (1982 \u2013 1983) y en la Alcald\u00eda (1988-1990).<\/p>\n<p>Los Cristo han tenido a tres integrantes en el medio pol\u00edtico. Inici\u00f3 el pap\u00e1 Jorge, ex senador de la rep\u00fablica, asesinado en 1997, seguido por el hijo Juan Fernando, senador entre 1998 y 2014, y ahora ministro del Interior. Cedi\u00f3 la curul al hermano menor Andr\u00e9s, quien fue asesor jur\u00eddico en Bogot\u00e1 y personero de C\u00facuta hasta el 2011. Es senador de la rep\u00fablica para el periodo 2014 a 2018. Aspir\u00f3 a llegar a la alcald\u00eda, pero fracas\u00f3 en el intento.<\/p>\n<p>El presidente del Concejo de C\u00facuta, Eduardo Antonio Gerardino Mand\u00f3n, se hizo a un costado para abrirle paso al hijo Yilmar Antonio, electo para el periodo 2016 \u2013 2019. El heredero, al explicar la sucesi\u00f3n en la corporaci\u00f3n,\u00a0 dijo que \u201cconocemos muchas necesidades de los cucute\u00f1os. Nos gusta ayudar a la gente y lleg\u00f3 la hora de hacer el cambio por la ciudad. Mi padre lleva entre 15 y 20 a\u00f1os tratando de sacar adelante la ciudad, porque m\u00e1s que la plata, mi familia busca el progreso, la pol\u00edtica est\u00e1 en nosotros por creencia\u201d.<\/p>\n<p>Eduardo Gerardino, lleva dos periodos en el Concejo, inici\u00f3 en el 2004. \u00a0Pretender\u00e1n involucrar a la familia en la pol\u00edtica, m\u00e1s all\u00e1 de ellos dos, por el bien de la comunidad y porque est\u00e1n cansados de la manipulaci\u00f3n y del mal manejo que se le ha dado a la ciudad en otros periodos.<\/p>\n<p>Otra generaci\u00f3n familiar involucrada en la pol\u00edtica, es la Fl\u00f3rez Rivera. \u00a0Miguel \u00c1ngel estuvo en el Concejo de C\u00facuta, la Asamblea de Norte de Santander y la C\u00e1mara de Representantes. Luego del retiro forzoso, su hermano Jos\u00e9 Luis tom\u00f3 las banderas del movimiento Apertura Liberal. Como vocero de ese grupo ocup\u00f3 una butaca en la C\u00e1mara de Representantes y cargos en la Gobernaci\u00f3n y la Alcald\u00eda.<\/p>\n<p>Roc\u00edo D\u00e1vila, esposa de Miguel \u00c1ngel Fl\u00f3rez, mantuvo la hegemon\u00eda pol\u00edtica. Pas\u00f3 por el Concejo y la Asamblea y una secretar\u00eda departamental. Ahora, el turno es para Miguel \u00c1ngel Fl\u00f3rez D\u00e1vila, hijo de Roc\u00edo y Miguel \u00c1ngel. En octubre, fue electo concejal de C\u00facuta para el periodo 2016 \u2013 2019.<\/p>\n<p>\u201cLa ciudad necesitaba l\u00edderes, estos espacios la sociedad los ped\u00eda y hemos sabido representar de manera correcta. Mi familia y yo hemos estado en la pol\u00edtica, porque es una pasi\u00f3n esta bella profesi\u00f3n. Son nuestros ideales, porque ser l\u00edder no es cualquier cosa y los Fl\u00f3rez han demostrado ser l\u00edderes de verdad. Esto es una hermosa disciplina y cualquiera se enamora de ella\u201d, opin\u00f3 Fl\u00f3rez D\u00e1vila.<\/p>\n<p>La familia Celis Carrillo tambi\u00e9n tiene antecedentes en la pol\u00edtica. Abri\u00f3 las puertas el pap\u00e1 Carlos, que lleg\u00f3 hasta el Senado luego de ocupar curules en las corporaciones locales y cargos por designaci\u00f3n pol\u00edtica. El hijo Carlos Augusto recibi\u00f3 las banderas del movimiento paterno y estuvo en el concejo de C\u00facuta varios periodos y pas\u00f3 a la C\u00e1mara de Representantes.\u00a0 Jos\u00e9 Joaqu\u00edn Celis, miembro de este clan, trabaj\u00f3 en el Instituto de Seguros Sociales (C\u00facuta). Juan Pablo Celis, hijo de Carlos Augusto, ocup\u00f3 un esca\u00f1o en el Concejo y en la siguientes aspiraci\u00f3n se qued\u00f3 sin respaldo popular. Ocup\u00f3 cargos oficiales en la Alcald\u00eda.<\/p>\n<p>Otros Celis, proveniente de Gramalote, tambi\u00e9n se han movido en el mundo pol\u00edtico. Inici\u00f3 Alfonso Celis Rinc\u00f3n, alcalde del desaparecido municipio (2008). \u00a0Tras su muerte, lo sustituy\u00f3 el hermano Rafael, a quien le correspondi\u00f3 afrontar la cat\u00e1strofe del 2010. El t\u00edo Carlos Le\u00f3n Celis fue \u00a0representante a la c\u00e1mara y en el 2015, Tarsicio Celis Rinc\u00f3n fue electo alcalde de Gramalote. Alonso Le\u00f3n Celis se lanz\u00f3 al Concejo de C\u00facuta y no alcanz\u00f3 a coronar la aspiraci\u00f3n.<\/p>\n<p>Por el lado de los Corzo est\u00e1n Juan Manuel, senador de la rep\u00fablica desde el 20 de julio del 2002. En el periodo 2010 &#8211; 2014 fue elegido presidente de la corporaci\u00f3n por un a\u00f1o. Juan Felipe, de 24 a\u00f1os, acaba de ser electo como concejal de C\u00facuta.<\/p>\n<p>Albino Garc\u00eda Fern\u00e1ndez estuvo en el Concejo de C\u00facuta, \u00a0ocup\u00f3 la secretar\u00eda\u00a0 de Gobierno Municipal y salt\u00f3 a la C\u00e1mara de Representantes. Su esposa Saida Yanet tambi\u00e9n ocup\u00f3 una silla en las corporaciones p\u00fablicas y su hermano Rafael Yanet es de los barones electorales de Villa del Rosario. Juan Carlos Garc\u00eda, hijo de Albino, lleva dos periodos en la C\u00e1mara de Representantes.<\/p>\n<p>Como se puede apreciar, son muchas las familias que han vuelto la pol\u00edtica parte de su vida; han inculcado en hijos, hermanos, primos y sobrinos esta profesi\u00f3n \u201cpara ayudar a la comunidad\u201d, aunque el pueblo opine que es parte de una estrategia para que los parientes permanezcan en el medio y as\u00ed obtener beneficios, principalmente, econ\u00f3micos.<\/p>\n<p><strong>ANGIE MIRANDA y BRYAN ALARC\u00d3N<\/strong><\/p>\n<p><strong>Estudiantes de Comunicaci\u00f3n Social<\/strong><\/p>\n<p><strong>Universidad de Pamplona<\/strong><\/p>\n<p><strong>Campus de Villa del Rosario<\/strong><\/p>\n<p>Foto: Archivo <\/p>\n","protected":false},"excerpt":{"rendered":"<p>C\u00daCUTA.- \u00bfPor tradici\u00f3n o por dinero? Es la pregunta que muchos ciudadanos se hacen, aunque la mayor\u00eda cree que llegar a un puesto pol\u00edtico tiene como objetivo el conseguir recursos econ\u00f3micos. Algunos pol\u00edticos han decidido llevar a miembros de la familia a pertenecer al mismo c\u00edrculo y forman un \u00e1rbol de nepotismo. Aunque ellos dicen &hellip;<\/p>\n","protected":false},"author":1,"featured_media":25573,"comment_status":"open","ping_status":"open","sticky":false,"template":"","format":"standard","meta":{"footnotes":""},"categories":[74,556,32],"tags":[2597,2607,719,161],"class_list":["post-25572","post","type-post","status-publish","format-standard","has-post-thumbnail","hentry","category-aula-universitaria","category-departamento","category-recorrido-por-la-region","tag-aula-universitaria","tag-politica-en-norte-de-santander","tag-unipamplona","tag-universidad-de-pamplona"],"_links":{"self":[{"href":"https:\/\/contraluzcucuta.co\/index.php?rest_route=\/wp\/v2\/posts\/25572","targetHints":{"allow":["GET"]}}],"collection":[{"href":"https:\/\/contraluzcucuta.co\/index.php?rest_route=\/wp\/v2\/posts"}],"about":[{"href":"https:\/\/contraluzcucuta.co\/index.php?rest_route=\/wp\/v2\/types\/post"}],"author":[{"embeddable":true,"href":"https:\/\/contraluzcucuta.co\/index.php?rest_route=\/wp\/v2\/users\/1"}],"replies":[{"embeddable":true,"href":"https:\/\/contraluzcucuta.co\/index.php?rest_route=%2Fwp%2Fv2%2Fcomments&post=25572"}],"version-history":[{"count":1,"href":"https:\/\/contraluzcucuta.co\/index.php?rest_route=\/wp\/v2\/posts\/25572\/revisions"}],"predecessor-version":[{"id":25574,"href":"https:\/\/contraluzcucuta.co\/index.php?rest_route=\/wp\/v2\/posts\/25572\/revisions\/25574"}],"wp:featuredmedia":[{"embeddable":true,"href":"https:\/\/contraluzcucuta.co\/index.php?rest_route=\/wp\/v2\/media\/25573"}],"wp:attachment":[{"href":"https:\/\/contraluzcucuta.co\/index.php?rest_route=%2Fwp%2Fv2%2Fmedia&parent=25572"}],"wp:term":[{"taxonomy":"category","embeddable":true,"href":"https:\/\/contraluzcucuta.co\/index.php?rest_route=%2Fwp%2Fv2%2Fcategories&post=25572"},{"taxonomy":"post_tag","embeddable":true,"href":"https:\/\/contraluzcucuta.co\/index.php?rest_route=%2Fwp%2Fv2%2Ftags&post=25572"}],"curies":[{"name":"wp","href":"https:\/\/api.w.org\/{rel}","templated":true}]}}