{"id":25565,"date":"2015-12-27T22:31:53","date_gmt":"2015-12-28T03:31:53","guid":{"rendered":"http:\/\/contraluzcucuta.co\/?p=25565"},"modified":"2015-12-29T16:10:42","modified_gmt":"2015-12-29T21:10:42","slug":"notas-al-margen-tocando-y-repicando-a-las-puertas-de-venezuela-y-colombia","status":"publish","type":"post","link":"https:\/\/contraluzcucuta.co\/?p=25565","title":{"rendered":"NOTAS AL MARGEN. Tocando\u00a0 y repicando\u00a0 a las puertas de Venezuela y Colombia"},"content":{"rendered":"<p>1.- Quienes ansiamos un verdadero y aut\u00e9ntico proceso de transformaci\u00f3n en la frontera colombo-venezolana\u00a0 y ansiamos la irrupci\u00f3n de unas vivencias de cambio, para que mediante\u00a0 una labor compartida y con\u00a0 pol\u00edticas bilaterales bien concebidas, dentro de un prospecto de sana y leg\u00edtima valoraci\u00f3n de realidades, utilicemos nuestros recursos y ventajas comparativas para generar fuentes de empleo\u00a0 y estimular investigaciones, capacitaciones y mejoramiento de los servicios b\u00e1sicos, junto a modernos y funcionales empalmes viales que permitan utilizar nuestra extraordinaria ubicaci\u00f3n geoestrat\u00e9gica, para acentuar y proyectar nuestra gesti\u00f3n exportadora\u00a0 y las obvias y necesarias\u00a0 interrelaciones\u00a0 con diferentes sitios y lugares del mundo, vivamente anhelamos\u00a0 que los gobiernos de\u00a0 Venezuela y Colombia, en un actitud de visi\u00f3n futurista y con sentido de solidaridad, establecieran\u00a0 y le otorgaran vida funcional y operativa a una Comisi\u00f3n Extraordinaria y Especial Fronteriza para que se comiencen a estructurar normas y disposiciones, con las cuales se pueda\u00a0 dar origen a empe\u00f1os de gran significado y alcance en el campo del desarrollo industrial\u00a0 y la producci\u00f3n agr\u00edcola y ganadera, tal como lo requieren y exigen\u00a0 las demandas internacionales y las circunstancias planetarias que dominan con amplitud y preocupaci\u00f3n el orden mundial.<\/p>\n<p>Creer, a estas alturas de los desenvolvimientos, que podremos proseguir con \u00e9xito sin\u00a0 enfocar y analizar el entorno internacional, evaluando costos de producci\u00f3n, clases de demandas\u00a0 y caracter\u00edsticas que engloben las opciones de mayor referencia, no solo constituir\u00eda un error y un desatino de graves implicaciones, sino un retroceso ante la avalancha de ofertas e iniciativas en marcha.<\/p>\n<p>2.- Por eso, y porque las posibilidades de llegar a acuerdos y entendimientos\u00a0 de doble presencia y aprovechamiento conjunto o compartido, son viables, as\u00ed se celebren con autoridades\u00a0 o n\u00facleos\u00a0 de diferente composici\u00f3n y estructura pol\u00edtica, porque lo importante radica en favorecer\u00a0 a las comunidades que representan a cada Estado, resulta a veces \u2013 y m\u00e1s cuando se observa\u00a0 la ausencia o falta de acuerdos, que evidencian la carencia de entendimientos sobre temas y aspectos esenciales y hasta primarios &#8211; que hemos extraviado el camino del di\u00e1logo y de la acci\u00f3n, esencia en la formaci\u00f3n de estos Estados.<\/p>\n<p>Y que transcurridas las semanas y d\u00edas sin que surjan empe\u00f1os que conduzcan hacia lo que realmente es una Zona Fronteriza Binacional y un aprovechamiento conjunto, incuestionablemente obliga\u00a0 a promover un cambio de conductas y actitudes, porque lo que hay no se traduce en hechos\u00a0 de implicaciones mayores y s\u00ed de gran da\u00f1o y\u00a0 perjuicio para los pobladores de esas regiones, que no ven, ni disfrutan de elementales raciocinios sobre lo que debe ser la interdependencia e interrelaci\u00f3n bilateral fronteriza, as\u00ed como los derechos de uso y aplicaci\u00f3n dom\u00e9stica, que debieran tener quienes han nacido o habitan, estas fajas territoriales de implicaciones mayores.<\/p>\n<p>3.- Por todo lo anterior, y porque las opciones son prerrogativas para ser utilizadas y no para simples entusiasmos de aplicaci\u00f3n especulativa, en nombre de los miles de informales y desocupados, como de los que buscan mejoramientos en sus empleos, hacemos propicia esta ocasi\u00f3n de fin de a\u00f1o y comienzo de un nuevo calendario para que nuestros mandatarios nacionales y su equipo de inmediatos colaboradores fijen atenci\u00f3n sobre estos territorios de gran trascendencia para que se inicie una toma de conciencia m\u00e1s comprensiva de lo que es la integraci\u00f3n y la interrelaci\u00f3n humana, en Estados vecinos\u00a0 y de origen fraterno.<\/p>\n<p>Si fu\u00e9ramos escuchados y se da comienzo a un compartir, que adem\u00e1s tenga en cuenta una descentralizaci\u00f3n administrativa y una mayor participaci\u00f3n de las gentes de frontera, en los niveles de direcci\u00f3n, otra, muy otra, ser\u00eda la suerte de esta zona central de Am\u00e9rica.<\/p>\n<p><strong>JOS\u00c9 NEIRA REY<\/strong><\/p>\n<p><strong><a href=\"mailto:jneirarey@hotmail.com\">jneirarey@hotmail.com<\/a><\/strong><\/p>\n<p><strong>Foto: Archivo internet<\/strong> <\/p>\n","protected":false},"excerpt":{"rendered":"<p>1.- Quienes ansiamos un verdadero y aut\u00e9ntico proceso de transformaci\u00f3n en la frontera colombo-venezolana\u00a0 y ansiamos la irrupci\u00f3n de unas vivencias de cambio, para que mediante\u00a0 una labor compartida y con\u00a0 pol\u00edticas bilaterales bien concebidas, dentro de un prospecto de sana y leg\u00edtima valoraci\u00f3n de realidades, utilicemos nuestros recursos y ventajas comparativas para generar fuentes &hellip;<\/p>\n","protected":false},"author":1,"featured_media":25567,"comment_status":"open","ping_status":"open","sticky":false,"template":"","format":"standard","meta":{"footnotes":""},"categories":[14,6],"tags":[1760,382,956],"class_list":["post-25565","post","type-post","status-publish","format-standard","has-post-thumbnail","hentry","category-articulistas","category-ojo-avizor","tag-articulistas-2","tag-jose-neira","tag-notas-al-margen"],"_links":{"self":[{"href":"https:\/\/contraluzcucuta.co\/index.php?rest_route=\/wp\/v2\/posts\/25565","targetHints":{"allow":["GET"]}}],"collection":[{"href":"https:\/\/contraluzcucuta.co\/index.php?rest_route=\/wp\/v2\/posts"}],"about":[{"href":"https:\/\/contraluzcucuta.co\/index.php?rest_route=\/wp\/v2\/types\/post"}],"author":[{"embeddable":true,"href":"https:\/\/contraluzcucuta.co\/index.php?rest_route=\/wp\/v2\/users\/1"}],"replies":[{"embeddable":true,"href":"https:\/\/contraluzcucuta.co\/index.php?rest_route=%2Fwp%2Fv2%2Fcomments&post=25565"}],"version-history":[{"count":1,"href":"https:\/\/contraluzcucuta.co\/index.php?rest_route=\/wp\/v2\/posts\/25565\/revisions"}],"predecessor-version":[{"id":25568,"href":"https:\/\/contraluzcucuta.co\/index.php?rest_route=\/wp\/v2\/posts\/25565\/revisions\/25568"}],"wp:featuredmedia":[{"embeddable":true,"href":"https:\/\/contraluzcucuta.co\/index.php?rest_route=\/wp\/v2\/media\/25567"}],"wp:attachment":[{"href":"https:\/\/contraluzcucuta.co\/index.php?rest_route=%2Fwp%2Fv2%2Fmedia&parent=25565"}],"wp:term":[{"taxonomy":"category","embeddable":true,"href":"https:\/\/contraluzcucuta.co\/index.php?rest_route=%2Fwp%2Fv2%2Fcategories&post=25565"},{"taxonomy":"post_tag","embeddable":true,"href":"https:\/\/contraluzcucuta.co\/index.php?rest_route=%2Fwp%2Fv2%2Ftags&post=25565"}],"curies":[{"name":"wp","href":"https:\/\/api.w.org\/{rel}","templated":true}]}}