{"id":25562,"date":"2015-12-27T22:11:22","date_gmt":"2015-12-28T03:11:22","guid":{"rendered":"http:\/\/contraluzcucuta.co\/?p=25562"},"modified":"2015-12-29T15:57:30","modified_gmt":"2015-12-29T20:57:30","slug":"resumen-2015-los-que-se-marcharon-para-siempre","status":"publish","type":"post","link":"https:\/\/contraluzcucuta.co\/?p=25562","title":{"rendered":"RESUMEN 2015. Los que se marcharon para siempre"},"content":{"rendered":"<p>La vida es tan larga como el ser humano la disfrute. A unos, el momento de la partida de este mundo les llega pronto; otros, viven lo suficiente para dejar entre los suyos ese sabor de haber compartido largo tiempo, y los dem\u00e1s nacen, se reproducen y mueren.<\/p>\n<p>En este 2015, partieron a la eternidad personajes que, seguro, muchos habr\u00edan querido tener por m\u00e1s a\u00f1os para disfrutar de esa compa\u00f1\u00eda placentera. El ciclo se les cumpli\u00f3 y dijeron adi\u00f3s, no sin antes dejar entre los que quedaron en tierra gratos momentos, grandes ense\u00f1anzas y el recuerdo de sus palabras.<\/p>\n<p><strong>1.- Germ\u00e1n Alonso Cer\u00f3n, gran pintor y aut\u00e9ntico maestro<\/strong><\/p>\n<p>Nacido en M\u00e1laga (Santander). \u00a0Los avatares de la vida lo trajeron a C\u00facuta, donde ech\u00f3 ra\u00edces para convertirse en el artista querido por los amantes de la pintura. Las obras lo tienen en el sitial reservado para los hombres que ense\u00f1an con el ejemplo y con la personalidad.<\/p>\n<p><strong>2.- Jes\u00fas Infante, periodista y servidor p\u00fablico<\/strong><\/p>\n<p>El don de gentes se demuestra con obras. A este hombre, arrebatado de la pobreza, le dio porque los seres humanos deben tener una segunda oportunidad y se las brind\u00f3 con afecto. Otro d\u00eda, aprendi\u00f3 que el micr\u00f3fono era buen canal de comunicaci\u00f3n y se hizo periodista deportivo. Desde la tribuna pol\u00edtica o desde la cabina encamin\u00f3 a sus semejantes a ser mejores en este mundo.<\/p>\n<p><strong>3.- David Corredor, el incomprendido<\/strong><\/p>\n<p>Los ideales forjan a los hombres y los convierten en lo que desean ser. David se convirti\u00f3 en la voz pol\u00edtica que no tuvo eco en el desierto impuesto por los partidos tradicionales. Se fue sin cumplir sue\u00f1os, pero dej\u00f3 la huella del pensamiento. Ahora, esa incomprensi\u00f3n lo hace recordable en cualquier c\u00edrculo social regional.<\/p>\n<p><strong>4.- Pedro Cuadro Herrera, el educador<\/strong><\/p>\n<p>La muerte duele m\u00e1s cuando es arrebatada por una bala y a traici\u00f3n. El profesor, el educador, el forjador de la juventud parti\u00f3 sin que los asesinos le dieran la oportunidad de despedirse de quienes lo admiraban y respetaban por su caballerosidad y conocimientos. La educaci\u00f3n perdi\u00f3 a un gran exponente, mientras los actos sociales perdieron a un conversador afable.<\/p>\n<p><strong>5.- Manuel Alvarado, el maestro de la m\u00fasica<\/strong><\/p>\n<p>Popular y famoso compositor\u00a0 y m\u00fasico. En los actos de despedida congestion\u00f3 la avenida 5 y llen\u00f3 la Catedral de San Jos\u00e9. Gener\u00f3 acontecimientos especiales como maestro y gran educador. Al partir, lo acompa\u00f1aron cientos de cucute\u00f1os en demostraci\u00f3n de afecto y solidaridad clara, evidente\u00a0 y de enorme proyecci\u00f3n, y con el coraz\u00f3n apretujado ante el vibrar y el ritmo de todo aquello que constituye la identidad y la pertenencia de nuestro sentir musical (<strong>Jos\u00e9 Neira<\/strong>).<\/p>\n<p><strong>RAFAEL ANTONIO PAB\u00d3N<\/strong><\/p>\n<p><a href=\"mailto:rafaelpabon58@hotmail.com\"><strong>rafaelpabon58@hotmail.com<\/strong><\/a><\/p>\n<p><strong>Foto: Archivo <\/strong><a href=\"http:\/\/www.contraluzcucuta.co\"><strong>www.contraluzcucuta.co<\/strong><\/a><\/p>\n<p><strong>\u00a0<\/strong> <\/p>\n","protected":false},"excerpt":{"rendered":"<p>La vida es tan larga como el ser humano la disfrute. A unos, el momento de la partida de este mundo les llega pronto; otros, viven lo suficiente para dejar entre los suyos ese sabor de haber compartido largo tiempo, y los dem\u00e1s nacen, se reproducen y mueren. En este 2015, partieron a la eternidad &hellip;<\/p>\n","protected":false},"author":1,"featured_media":25563,"comment_status":"open","ping_status":"open","sticky":false,"template":"","format":"standard","meta":{"footnotes":""},"categories":[36,37],"tags":[2605,2604],"class_list":["post-25562","post","type-post","status-publish","format-standard","has-post-thumbnail","hentry","category-la-voz-del-pueblo","category-paseo-cultural","tag-los-que-se-fueron-en-el-2015","tag-resumen-2015"],"_links":{"self":[{"href":"https:\/\/contraluzcucuta.co\/index.php?rest_route=\/wp\/v2\/posts\/25562","targetHints":{"allow":["GET"]}}],"collection":[{"href":"https:\/\/contraluzcucuta.co\/index.php?rest_route=\/wp\/v2\/posts"}],"about":[{"href":"https:\/\/contraluzcucuta.co\/index.php?rest_route=\/wp\/v2\/types\/post"}],"author":[{"embeddable":true,"href":"https:\/\/contraluzcucuta.co\/index.php?rest_route=\/wp\/v2\/users\/1"}],"replies":[{"embeddable":true,"href":"https:\/\/contraluzcucuta.co\/index.php?rest_route=%2Fwp%2Fv2%2Fcomments&post=25562"}],"version-history":[{"count":1,"href":"https:\/\/contraluzcucuta.co\/index.php?rest_route=\/wp\/v2\/posts\/25562\/revisions"}],"predecessor-version":[{"id":25564,"href":"https:\/\/contraluzcucuta.co\/index.php?rest_route=\/wp\/v2\/posts\/25562\/revisions\/25564"}],"wp:featuredmedia":[{"embeddable":true,"href":"https:\/\/contraluzcucuta.co\/index.php?rest_route=\/wp\/v2\/media\/25563"}],"wp:attachment":[{"href":"https:\/\/contraluzcucuta.co\/index.php?rest_route=%2Fwp%2Fv2%2Fmedia&parent=25562"}],"wp:term":[{"taxonomy":"category","embeddable":true,"href":"https:\/\/contraluzcucuta.co\/index.php?rest_route=%2Fwp%2Fv2%2Fcategories&post=25562"},{"taxonomy":"post_tag","embeddable":true,"href":"https:\/\/contraluzcucuta.co\/index.php?rest_route=%2Fwp%2Fv2%2Ftags&post=25562"}],"curies":[{"name":"wp","href":"https:\/\/api.w.org\/{rel}","templated":true}]}}