{"id":25559,"date":"2015-12-25T15:00:39","date_gmt":"2015-12-25T20:00:39","guid":{"rendered":"http:\/\/contraluzcucuta.co\/?p=25559"},"modified":"2015-12-25T15:00:39","modified_gmt":"2015-12-25T20:00:39","slug":"los-mejores-del-2015-proponen-foro-para-analizar-suerte-del-deporte-regional","status":"publish","type":"post","link":"https:\/\/contraluzcucuta.co\/?p=25559","title":{"rendered":"LOS MEJORES DEL 2015. Proponen foro para analizar suerte del deporte regional"},"content":{"rendered":"<p><strong>C\u00daCUTA.-<\/strong> El entrenador del a\u00f1o, Jairo Ruiz, hacedor de campeones en anillas, barras fijas y paralelas y arzones, pidi\u00f3 a los periodistas deportivos organizar, en el 2016, un foro para analizar el presente y el futuro del deporte de Norte de Santander. La necesidad del an\u00e1lisis est\u00e1 planteada sobre la base del escaso apoyo oficial y privado para los deportistas.<\/p>\n<p>La propuesta la plante\u00f3 en la ceremonia de entrega de reconocimientos a los mejores deportistas, dirigentes y entrenadores del departamento. El acto, organizado por la Acord, se cumpli\u00f3 a comienzos de semana. El reclamo de Ruiz lo escucharon en la mesa principal, ocupada por representantes de las empresas patrocinadoras y Martha Mar\u00eda Reyes, delegada por el alcalde electo C\u00e9sar Rojas.<\/p>\n<p>Los gimnastas, m\u00e1ximos exponentes del deporte regional, cuentan con coliseo y algunos aparatos para la preparaci\u00f3n, pero no tienen el respaldo econ\u00f3mico indispensable para cumplir a cabalidad las metas propuestas. En ocasiones han organizado actividades extradeportivas para reunir fondos\u00a0\u00a0 y asistir a los torneos de los que regresan coronados como campeones.<\/p>\n<p>Otras disciplinas corren id\u00e9ntica suerte, por lo que Ruiz estim\u00f3 fundamental hacer el debate p\u00fablico en el que participen los gobiernos departamental y municipal, los empresarios locales y regionales, y los comunicadores asociados y no afiliados a la Acord.<\/p>\n<p>De la mano del presidente Arnulfo S\u00e1nchez, la Asociaci\u00f3n Colombiana de Redactores Deportivos (Acord), seccional Norte de Santander, les cumpli\u00f3 a los deportistas regionales. En una ceremonia sobria y trasmitida por el canal TRO, los mejores del 2015 recibieron el reconocimiento por el esfuerzo y la entrega para poner la bandera del departamento en lo alto del concierto nacional.<\/p>\n<p>Jossimar Calvo, gimnasta consagrado en los Panamericanos, y Daniela Lindarte, campeona mundial, alzaron el trofeo como los mejores exponentes de la actividad f\u00edsica en el a\u00f1o que termina. Los t\u00edtulos y las medallas conseguidas enorgullecen a los nortesantadereanos y los dejan en el sitial merecido.<\/p>\n<p>Los galardonados fueron:<\/p>\n<p>1.- Mejor proceso deportivo paral\u00edmpico: Liga de Limitados Visuales<\/p>\n<p>2.- Mejor proceso deportivo convencional: Club C\u00facuta Niza Futsal.<\/p>\n<p>3.-\u00a0 Vida y obra de un deportista: Rodrigo Fuentes (baloncesto).<\/p>\n<p>4.- Mejor autoridad de juzgamiento: John Aguirre (juez internacional de gimnasia).<\/p>\n<p>5.- Mejor dirigente deportivo: Santos Manuel Garc\u00eda (boxeo).<\/p>\n<p>6.- Mejor t\u00e9cnico: Jairo Ruiz Casas (gimnasia).<\/p>\n<p>7.- Mejor equipo: Gimnasia masculina.<\/p>\n<p>8.- Premio a la excelencia deportiva: Mar\u00eda Camila Osorio (tenis de campo).<\/p>\n<p>9.- Revelaci\u00f3n del a\u00f1o: Dayana Ardila (gimnasia).<\/p>\n<p>10.- Acord de Oro &#8211; Deportista Paral\u00edmpico Femenino: Mar\u00eda Alejandra Moreno (atleta).<\/p>\n<p>11.- Acord de Oro &#8211; Deportista Paral\u00edmpico Masculino: Luis Fernando Enrique Palencia (atleta).<\/p>\n<p>12.- Acord de Oro &#8211; Deportista Convencional Femenino: Daniela Andrea Lindarte Galav\u00eds (patinaje)<\/p>\n<p>13.- Acord de Oro &#8211; Deportista Convencional Masculino: Jossimar Calvo (Gimnasia).<\/p>\n<p><strong>RAFAEL ANTONIO PAB\u00d3N<\/strong><\/p>\n<p><strong><a href=\"mailto:rafaelpabon58@hotmail.com\">rafaelpabon58@hotmail.com<\/a><\/strong><\/p>\n<p><strong>Foto: ACORD \u2013 Norte de Santander<\/strong><\/p>\n<p>&nbsp; <\/p>\n","protected":false},"excerpt":{"rendered":"<p>C\u00daCUTA.- El entrenador del a\u00f1o, Jairo Ruiz, hacedor de campeones en anillas, barras fijas y paralelas y arzones, pidi\u00f3 a los periodistas deportivos organizar, en el 2016, un foro para analizar el presente y el futuro del deporte de Norte de Santander. La necesidad del an\u00e1lisis est\u00e1 planteada sobre la base del escaso apoyo oficial &hellip;<\/p>\n","protected":false},"author":1,"featured_media":25560,"comment_status":"open","ping_status":"open","sticky":false,"template":"","format":"standard","meta":{"footnotes":""},"categories":[28],"tags":[1244,2450,1066,639],"class_list":["post-25559","post","type-post","status-publish","format-standard","has-post-thumbnail","hentry","category-vistazo-deportivo","tag-acord-norte-de-santander","tag-daniela-lindarte","tag-deportista-del-ano","tag-jossimar-calvo"],"_links":{"self":[{"href":"https:\/\/contraluzcucuta.co\/index.php?rest_route=\/wp\/v2\/posts\/25559","targetHints":{"allow":["GET"]}}],"collection":[{"href":"https:\/\/contraluzcucuta.co\/index.php?rest_route=\/wp\/v2\/posts"}],"about":[{"href":"https:\/\/contraluzcucuta.co\/index.php?rest_route=\/wp\/v2\/types\/post"}],"author":[{"embeddable":true,"href":"https:\/\/contraluzcucuta.co\/index.php?rest_route=\/wp\/v2\/users\/1"}],"replies":[{"embeddable":true,"href":"https:\/\/contraluzcucuta.co\/index.php?rest_route=%2Fwp%2Fv2%2Fcomments&post=25559"}],"version-history":[{"count":1,"href":"https:\/\/contraluzcucuta.co\/index.php?rest_route=\/wp\/v2\/posts\/25559\/revisions"}],"predecessor-version":[{"id":25561,"href":"https:\/\/contraluzcucuta.co\/index.php?rest_route=\/wp\/v2\/posts\/25559\/revisions\/25561"}],"wp:featuredmedia":[{"embeddable":true,"href":"https:\/\/contraluzcucuta.co\/index.php?rest_route=\/wp\/v2\/media\/25560"}],"wp:attachment":[{"href":"https:\/\/contraluzcucuta.co\/index.php?rest_route=%2Fwp%2Fv2%2Fmedia&parent=25559"}],"wp:term":[{"taxonomy":"category","embeddable":true,"href":"https:\/\/contraluzcucuta.co\/index.php?rest_route=%2Fwp%2Fv2%2Fcategories&post=25559"},{"taxonomy":"post_tag","embeddable":true,"href":"https:\/\/contraluzcucuta.co\/index.php?rest_route=%2Fwp%2Fv2%2Ftags&post=25559"}],"curies":[{"name":"wp","href":"https:\/\/api.w.org\/{rel}","templated":true}]}}