{"id":25552,"date":"2015-12-25T14:08:08","date_gmt":"2015-12-25T19:08:08","guid":{"rendered":"http:\/\/contraluzcucuta.co\/?p=25552"},"modified":"2015-12-27T22:55:01","modified_gmt":"2015-12-28T03:55:01","slug":"perfil-ricardo-otero-narrador-de-imagenes","status":"publish","type":"post","link":"https:\/\/contraluzcucuta.co\/?p=25552","title":{"rendered":"PERFIL. Ricardo Otero, narrador de im\u00e1genes"},"content":{"rendered":"<p>Ricardo Otero, artista audiovisual, est\u00e1 sentado en la mesa m\u00e1s cercana al amplificador. Lleva un cigarrillo en la mano derecha, luego de siete meses sin fumar. Pretende recibir el sonido justo antes de que pase y se corrompa en o\u00eddos ajenos. As\u00ed permanecer\u00e1 hasta que bajen las santamar\u00edas y se agote hasta el \u00faltimo susurro de su taberna favorita.<\/p>\n<p>En medio de los ecos estruendosos y distorsionados del heavy metal, este fot\u00f3grafo de 28 a\u00f1os, encarna la peculiar apariencia de un fan\u00e1tico. Uno noventa de estatura, corte de cabello a media melena con aspecto embravecido y de tez mestiza. Viste\u00a0 camisa a cuadros que hace parte de la colecci\u00f3n de prendas con el mismo estampado, todas usadas a modo de americana, porque el pecho siempre est\u00e1 recamado con camisetas de alg\u00fan comic que haya\u00a0 le\u00eddo, de los personajes que lo inspiran, alguna frase grabada o de Batman, el s\u00faper h\u00e9roe favorito.<\/p>\n<p>Afable y creativo, as\u00ed se define. La pasi\u00f3n por la fotograf\u00eda la despert\u00f3 el cine. \u201cSoy cin\u00e9filo de profesi\u00f3n, sin paga\u2026 tengo m\u00e1s de tres mil pel\u00edculas, incluyendo DVD y otros formatos\u2026 El cine es la fotograf\u00eda es su m\u00e1xima expresi\u00f3n. La posibilidad de contar una historia enmarc\u00e1ndola en un plano me parece fant\u00e1stica. Hay tanto trabajo creativo ah\u00ed que es imposible no sentir curiosidad. Luego de ver cine y leer sobre el cine, me anim\u00e9 a tomar mi primera fotograf\u00eda. Ten\u00eda 19 a\u00f1os\u201d.<\/p>\n<p>La curiosidad por el cine lo convierte en cr\u00edtico fuerte, y a esa habilidad le debe hoy su labor como docente en el cine club de la Universidad de Santander. Maneja poco m\u00e1s de 100 estudiantes, y a todos trata instruirlos para que comprendan la complejidad de la narrativa visual en el s\u00e9ptimo arte.<\/p>\n<p>Otero ha sido reconocido en diversas ocasiones por medios de comunicaci\u00f3n locales. Su trabajo est\u00e1 enfocado a explotar al m\u00e1ximo los atributos caracter\u00edsticos de Norte de Santander. La foto paisa es su fuerte. \u201cMis habilidades se concentran en una honesta apropiaci\u00f3n del entorno visual y sensible, eso me permite observar y asimilar en la medida de lo posible,\u00a0 experiencias\u00a0 que el instante ofrezca, para efectuar una captura lo m\u00e1s fiel\u00a0 al espectro de lo real\u201d.<\/p>\n<p>Las Huellas del Diablo<\/p>\n<p>En marzo del 2012, luego de visitar por primera vez C\u00e1cota, municipio al suroccidente de Norte de Santander, la idea de abrir espacios para el reconocimiento de la belleza regional se apoder\u00f3 del artista. Solo bast\u00f3 eso para emprender un nuevo viaje dos meses despu\u00e9s e iniciar conversaciones con el alcalde\u00a0 Ledin Andrey Gauta, quien aprobar\u00eda y apoyar\u00eda el proyecto.<\/p>\n<p>\u2018Las Huellas del diablo\u2019 es una propuesta para la recuperaci\u00f3n de la tradici\u00f3n oral cacote\u00f1a narrada en nuevos lenguajes. Un documental hecho de la mano con los habitantes, en el que se compilan algunas de las leyendas tradicionales de la regi\u00f3n. \u201cAl final le dejamos al espectador un poco de las coplas de do\u00f1a Cristina, es hecho no solo con amor, sino con admiraci\u00f3n por este lugar que ha logrado encapsularse en el tiempo\u201d.<\/p>\n<p>Tres a\u00f1os despu\u00e9s de la primera visita a Cacota, es reconocido por los pobladores como el encargado de contar sus historias. Viaja una vez al mes y en la \u00faltima estad\u00eda dej\u00f3 como regalo al museo del municipio 26 fotograf\u00edas de su autor\u00eda, que acompa\u00f1ar\u00e1n la exposici\u00f3n Fotograf\u00edas de Historia Cacote\u00f1a, que se lograron recuperar de los archivos con la ayuda de Otero.<\/p>\n<p>\u201cApostarle al departamento, esa es mi propuesta; a la belleza de nuestras caracter\u00edsticas, porque esas son las que nos hacen \u00fanicos\u2026 para que en unos a\u00f1os no tenga que venir nadie del norte a decirnos que somos especiales\u201d.<\/p>\n<p><strong>DANIELA RAM\u00cdREZ<\/strong><\/p>\n<p><strong>Estudiante de Comunicaci\u00f3n Social<\/strong><\/p>\n<p><strong>Universidad de Pamplona<\/strong><\/p>\n<p><strong>Campus de Villa del Rosario<\/strong><\/p>\n<p><strong>Foto: Especial para <a href=\"http:\/\/www.contraluzcucuta.co\">www.contraluzcucuta.co<\/a><\/strong><\/p>\n<p><strong>\u00a0<\/strong> <\/p>\n","protected":false},"excerpt":{"rendered":"<p>Ricardo Otero, artista audiovisual, est\u00e1 sentado en la mesa m\u00e1s cercana al amplificador. Lleva un cigarrillo en la mano derecha, luego de siete meses sin fumar. Pretende recibir el sonido justo antes de que pase y se corrompa en o\u00eddos ajenos. As\u00ed permanecer\u00e1 hasta que bajen las santamar\u00edas y se agote hasta el \u00faltimo susurro &hellip;<\/p>\n","protected":false},"author":1,"featured_media":25554,"comment_status":"open","ping_status":"open","sticky":false,"template":"","format":"standard","meta":{"footnotes":""},"categories":[74,9],"tags":[2597,2602,719,161],"class_list":["post-25552","post","type-post","status-publish","format-standard","has-post-thumbnail","hentry","category-aula-universitaria","category-politica","tag-aula-universitaria","tag-ricardo-otero","tag-unipamplona","tag-universidad-de-pamplona"],"_links":{"self":[{"href":"https:\/\/contraluzcucuta.co\/index.php?rest_route=\/wp\/v2\/posts\/25552","targetHints":{"allow":["GET"]}}],"collection":[{"href":"https:\/\/contraluzcucuta.co\/index.php?rest_route=\/wp\/v2\/posts"}],"about":[{"href":"https:\/\/contraluzcucuta.co\/index.php?rest_route=\/wp\/v2\/types\/post"}],"author":[{"embeddable":true,"href":"https:\/\/contraluzcucuta.co\/index.php?rest_route=\/wp\/v2\/users\/1"}],"replies":[{"embeddable":true,"href":"https:\/\/contraluzcucuta.co\/index.php?rest_route=%2Fwp%2Fv2%2Fcomments&post=25552"}],"version-history":[{"count":1,"href":"https:\/\/contraluzcucuta.co\/index.php?rest_route=\/wp\/v2\/posts\/25552\/revisions"}],"predecessor-version":[{"id":25555,"href":"https:\/\/contraluzcucuta.co\/index.php?rest_route=\/wp\/v2\/posts\/25552\/revisions\/25555"}],"wp:featuredmedia":[{"embeddable":true,"href":"https:\/\/contraluzcucuta.co\/index.php?rest_route=\/wp\/v2\/media\/25554"}],"wp:attachment":[{"href":"https:\/\/contraluzcucuta.co\/index.php?rest_route=%2Fwp%2Fv2%2Fmedia&parent=25552"}],"wp:term":[{"taxonomy":"category","embeddable":true,"href":"https:\/\/contraluzcucuta.co\/index.php?rest_route=%2Fwp%2Fv2%2Fcategories&post=25552"},{"taxonomy":"post_tag","embeddable":true,"href":"https:\/\/contraluzcucuta.co\/index.php?rest_route=%2Fwp%2Fv2%2Ftags&post=25552"}],"curies":[{"name":"wp","href":"https:\/\/api.w.org\/{rel}","templated":true}]}}