{"id":25548,"date":"2015-12-25T13:53:55","date_gmt":"2015-12-25T18:53:55","guid":{"rendered":"http:\/\/contraluzcucuta.co\/?p=25548"},"modified":"2015-12-27T22:43:38","modified_gmt":"2015-12-28T03:43:38","slug":"reportaje-corte-de-cabello-masculino-estilo-hecho-arte","status":"publish","type":"post","link":"https:\/\/contraluzcucuta.co\/?p=25548","title":{"rendered":"REPORTAJE. Corte de cabello masculino, estilo hecho arte."},"content":{"rendered":"<p><strong>C\u00daCUTA.-<\/strong> \u2018Entre gustos no hay disgustos\u2019, cada quien tiene su identidad y busca encontrar la mejor apariencia. Ese es el caso de los hombres en C\u00facuta, que para lucir mejor recurren, en su mayor\u00eda, cada 15 d\u00edas a barber\u00edas y peluquer\u00edas para definir el corte de cabello que desean.<\/p>\n<p>Existe variedad de cortes, seg\u00fan la personalidad del individuo. Si lo que se desea mostrar es seriedad se recurrir\u00e1 a los cortos y si se quiere dar a conocer una actitud relajada optar\u00e1 por uno largo. Los hay tambi\u00e9n medios, de colores e incluso con forma de animales, lo cual puede parecer raro para algunos, pero arte para otros. Hay quienes eligen tener la figura de una iguana en la cabeza.<\/p>\n<p>Mediante los estilos que emplean, los hombres buscan establecer una imagen que los identifique del resto o trasmitir alg\u00fan tipo de sentimiento. Rudeza, frialdad, juventud, poder e independencia son las actitudes con las que se pueden identificar al momento de elegir qu\u00e9 hacerse en el cabello. Esto hace que se sientan seguros. \u201cEste tipo de cortes depende de la personalidad, o de estereotipos de futbolistas, cantantes y personalidades. No se puede hablar de un problema psicol\u00f3gico, simplemente se trata de gustos\u201d, dijo Jonattan Zapata, docente de psicolog\u00eda de la Universidad de Pamplona.<\/p>\n<p>Las barber\u00edas son punto clave en este asunto. Incluso, m\u00e1s que una peluquer\u00eda com\u00fan, pues all\u00ed se tiene un concepto m\u00e1s varonil al momento de peinar a un hombre. En esos establecimientos se piensa que son solo para mujeres y que los hombres deben tener su espacio. Hace algunos a\u00f1os, en C\u00facuta exist\u00edan pocos lugares en donde se prestaba la totalidad de atenci\u00f3n a los varones. Las barber\u00edas eran atendidas por adultos que ten\u00edan clientes fijos, con un \u00fanico corte.<\/p>\n<p>Los barberos en la ciudad han emigrado de Cali\u00a0 o Cartagena, o Venezuela. En los negocios se evidencia, desde el primer vistazo, el esplendor del origen. \u201cLas personas de color hacemos mejor el trabajo. Aqu\u00ed no hab\u00eda estos negocios. Las barber\u00edas las trajimos nosotros de Cali\u201d, expres\u00f3 Jos\u00e9 Ochoa, cale\u00f1o que labora en la ciudad. Con el paso del tiempo, estos lugares se han adaptado a la \u00e9poca y a las nuevas costumbres. Antes, eran sitios sobrios con un par de sillas, espejo grande y las m\u00e1quinas e implementos necesarios. Ahora, son espacios llamativos con m\u00fasica de diferentes g\u00e9neros. Incluso, ofrecen servicio de tatuajes.<\/p>\n<p>Hoy, no solo son atendidas por adultos con estilos \u00fanicos; al contrario, en el mercado se encuentran j\u00f3venes con creatividad y variedad de cortes. Esto ha hecho que los adolescentes tomen inter\u00e9s por acudir a las barber\u00edas con frecuencia y si es posible tener un estilo de corte diferente cada vez que la visita.<\/p>\n<p>Seg\u00fan los barberos, hay diferentes m\u00e9todos para aprender a cortar cabello. \u201cAprend\u00ed en la calle. Ah\u00ed se adquieren la experiencia y la t\u00e9cnica que no se va a conseguir en un curso\u201d, dijo Ochoa. Su compa\u00f1ero Jean Carlos, venezolano, afirm\u00f3 que este arte se consigue\u00a0 en la academia, en donde se mantiene el mismo concepto, pero se emplea con diferentes destrezas.<\/p>\n<p>El precio var\u00eda seg\u00fan del corte que se elija. Puede ser tan solo bajar el volumen del cabello o, como en algunos casos, dibujar un rostro en la parte trasera de la cabeza. La t\u00e9cnica requiere de paciencia, talento y esfuerzo, porque crear detalles en esa zona\u00a0 no es tarea f\u00e1cil.<\/p>\n<p>Existe variedad de nombres para los estilos de peinados. Est\u00e1n el alem\u00e1n, el siete, el paisa, los cuadros, el degradado o desvanecido, entre otros. El m\u00e1s solicitado por los clientes es el alem\u00e1n, que tiene origen en la \u00e9poca Nazi, cuando los soldados para dar el voto de fidelidad se hac\u00edan ese corte, consistente en el degradado de las partes laterales de la cabeza, dejando el cabello del \u00e1rea superior largo y grafilado. Para el toque final se agrega una l\u00ednea delgada al costado que se prefiera.<\/p>\n<p>Los clientes llegan a la barber\u00eda con la intenci\u00f3n de lucir algo distinto. All\u00ed es cuando el estilista o barbero, con las m\u00e1quinas de bordes filosos, dejan volar la imaginaci\u00f3n para satisfacerlos. \u201cEl corte que necesita el cliente es el corte que uno le hace\u201d, coment\u00f3 Andy Escalona, barbero venezolano. Anteriormente, los hombres no se preocupaban por la imagen personal, porque era visto como un acto poco masculino. En la actualidad, es diferente. La presentaci\u00f3n incluye el corte de cabello.<\/p>\n<p>\u201cMi corte refleja lo que soy. Una persona libre y relajada. Es mi estilo y es lo que quiero mostrar al mundo\u201d, coment\u00f3 Daniel Fernando Celis, quien dej\u00f3 en claro que en un simple corte de cabello se pueden manifestar grandes sentimientos.<\/p>\n<p><strong>NICOLT CU\u00c9LLAR y ANDERSON DONADO<\/strong><\/p>\n<p><strong>Estudiantes de Comunicaci\u00f3n Social<\/strong><\/p>\n<p><strong>Universidad de Pamplona<\/strong><\/p>\n<p><strong>Campus de Villa del Rosario<\/strong><\/p>\n<p>Foto: Especial para www.contraluzcucuta.co <\/p>\n","protected":false},"excerpt":{"rendered":"<p>C\u00daCUTA.- \u2018Entre gustos no hay disgustos\u2019, cada quien tiene su identidad y busca encontrar la mejor apariencia. Ese es el caso de los hombres en C\u00facuta, que para lucir mejor recurren, en su mayor\u00eda, cada 15 d\u00edas a barber\u00edas y peluquer\u00edas para definir el corte de cabello que desean. Existe variedad de cortes, seg\u00fan la &hellip;<\/p>\n","protected":false},"author":1,"featured_media":25550,"comment_status":"open","ping_status":"open","sticky":false,"template":"","format":"standard","meta":{"footnotes":""},"categories":[74,9],"tags":[2597,2599,2600,2601,719,161],"class_list":["post-25548","post","type-post","status-publish","format-standard","has-post-thumbnail","hentry","category-aula-universitaria","category-politica","tag-aula-universitaria","tag-cortes-de-cabello","tag-estilo-de-peinados","tag-reportajes-contraluzcucuta","tag-unipamplona","tag-universidad-de-pamplona"],"_links":{"self":[{"href":"https:\/\/contraluzcucuta.co\/index.php?rest_route=\/wp\/v2\/posts\/25548","targetHints":{"allow":["GET"]}}],"collection":[{"href":"https:\/\/contraluzcucuta.co\/index.php?rest_route=\/wp\/v2\/posts"}],"about":[{"href":"https:\/\/contraluzcucuta.co\/index.php?rest_route=\/wp\/v2\/types\/post"}],"author":[{"embeddable":true,"href":"https:\/\/contraluzcucuta.co\/index.php?rest_route=\/wp\/v2\/users\/1"}],"replies":[{"embeddable":true,"href":"https:\/\/contraluzcucuta.co\/index.php?rest_route=%2Fwp%2Fv2%2Fcomments&post=25548"}],"version-history":[{"count":1,"href":"https:\/\/contraluzcucuta.co\/index.php?rest_route=\/wp\/v2\/posts\/25548\/revisions"}],"predecessor-version":[{"id":25551,"href":"https:\/\/contraluzcucuta.co\/index.php?rest_route=\/wp\/v2\/posts\/25548\/revisions\/25551"}],"wp:featuredmedia":[{"embeddable":true,"href":"https:\/\/contraluzcucuta.co\/index.php?rest_route=\/wp\/v2\/media\/25550"}],"wp:attachment":[{"href":"https:\/\/contraluzcucuta.co\/index.php?rest_route=%2Fwp%2Fv2%2Fmedia&parent=25548"}],"wp:term":[{"taxonomy":"category","embeddable":true,"href":"https:\/\/contraluzcucuta.co\/index.php?rest_route=%2Fwp%2Fv2%2Fcategories&post=25548"},{"taxonomy":"post_tag","embeddable":true,"href":"https:\/\/contraluzcucuta.co\/index.php?rest_route=%2Fwp%2Fv2%2Ftags&post=25548"}],"curies":[{"name":"wp","href":"https:\/\/api.w.org\/{rel}","templated":true}]}}