{"id":25537,"date":"2015-12-20T18:28:42","date_gmt":"2015-12-20T23:28:42","guid":{"rendered":"http:\/\/contraluzcucuta.co\/?p=25537"},"modified":"2015-12-25T14:58:25","modified_gmt":"2015-12-25T19:58:25","slug":"crisis-en-la-frontera-iglesia-catolica-continua-ayuda-a-deportados","status":"publish","type":"post","link":"https:\/\/contraluzcucuta.co\/?p=25537","title":{"rendered":"CRISIS EN LA FRONTERA. Iglesia Cat\u00f3lica contin\u00faa ayuda a deportados"},"content":{"rendered":"<p><strong>C\u00daCUTA.-<\/strong> Al cumplirse 120 d\u00edas del cierre de la frontera colombo venezolana, ordenado desde Caracas por el presidente Nicol\u00e1s Maduro, la Di\u00f3cesis de C\u00facuta mantiene la ayuda \u00a0a deportados. La medida afect\u00f3 a miles de familias colombianas, residentes en Venezuela, que tuvieron que salir tras la declaratoria del Estado de Excepci\u00f3n el 21 de agosto.<\/p>\n<p>Desde el comienzo del \u00e9xodo masivo de connacionales, que desat\u00f3 una crisis social y humanitaria, monse\u00f1or V\u00edctor Manuel Ochoa, sacerdotes, di\u00e1conos, seminaristas, religiosos, agentes pastorales y cucute\u00f1os de buena voluntad han acompa\u00f1ado a los colombianos espiritual y humanitariamente.<\/p>\n<p>Al inicio de la crisis los deportados fueron recibidos en alojamientos. El \u00faltimo en cerrarse fue el albergue de Interferias, el 8 de noviembre. La Di\u00f3cesis ha mantenido el acompa\u00f1amiento, por medio de la Pastoral Social Diocesana y el Centro de Migraciones.<\/p>\n<p>Hasta mediados de diciembre hab\u00eda entregado:<\/p>\n<ul>\n<li>536 Mercados (50.720 kg)<\/li>\n<li>712 kits de aseo personal (7424 kg)<\/li>\n<li>1040 elementos de aseo<\/li>\n<li>312 kits de limpieza para el hogar<\/li>\n<li>118 Jabones en barra<\/li>\n<li>113 Jabones en polvo<\/li>\n<li>2651 elementos para la noche (1104 kit de noche, 372 colchonetas, 20 camas tubulares, 84 juegos de s\u00e1banas, 64 almohadas, 240 edredones,266 toallas ba\u00f1o y 501 cobijas)<\/li>\n<li>2491 utensilios de cocina<\/li>\n<li>3524 implementos para beb\u00e9<\/li>\n<li>560 kits escolares<\/li>\n<li>892 raciones preparadas (hasta el 22 de noviembre)<\/li>\n<li>300 litros de leche<\/li>\n<li>7607 kilogramos de alimentos perecederos<\/li>\n<li>6927 kilogramos de alimentos no perecederos<\/li>\n<li>2402 litros de jugo<\/li>\n<li>257 unidades de ropa<\/li>\n<li>3900 horas de voluntariado<\/li>\n<li>acompa\u00f1amiento pastoral, espiritual, psicosocial y jur\u00eddico.<\/li>\n<\/ul>\n<p>&nbsp;<\/p>\n<p>Adicionalmente, dispuso los frutos de la Campa\u00f1a de Comunicaci\u00f3n Cristiana de Bienes 2015, orientados a la atenci\u00f3n de la compleja situaci\u00f3n, especialmente los ni\u00f1os y los j\u00f3venes.<\/p>\n<p>La Di\u00f3cesis de C\u00facuta agradeci\u00f3 la solidaridad de las Di\u00f3cesis de Colombia, de la comunidad internacional, empresas e instituciones de la regi\u00f3n y ciudadanos de buena voluntad para con los deportados. Conscientes de que la Iglesia vive la caridad y hace lo que tiene que hacer en el nombre de Jes\u00fas,\u00a0 que es servir a los que sufren, anima a los cucute\u00f1os a orar y a ser solidarios.<\/p>\n<p><strong>Foto: Archivo <a href=\"http:\/\/www.contraluzcucuta.co\">www.contraluzcucuta.co<\/a><\/strong><\/p>\n<p>&nbsp;<\/p>\n<p>&nbsp; <\/p>\n","protected":false},"excerpt":{"rendered":"<p>C\u00daCUTA.- Al cumplirse 120 d\u00edas del cierre de la frontera colombo venezolana, ordenado desde Caracas por el presidente Nicol\u00e1s Maduro, la Di\u00f3cesis de C\u00facuta mantiene la ayuda \u00a0a deportados. La medida afect\u00f3 a miles de familias colombianas, residentes en Venezuela, que tuvieron que salir tras la declaratoria del Estado de Excepci\u00f3n el 21 de agosto. &hellip;<\/p>\n","protected":false},"author":1,"featured_media":25538,"comment_status":"open","ping_status":"open","sticky":false,"template":"","format":"standard","meta":{"footnotes":""},"categories":[7,541,32],"tags":[2483,2481,8,2490],"class_list":["post-25537","post","type-post","status-publish","format-standard","has-post-thumbnail","hentry","category-acontecimientos","category-ciudad","category-recorrido-por-la-region","tag-crisis-en-la-frontera","tag-deportados-desde-venezuela","tag-diocesis-de-cucuta","tag-monsenor-victor-manuel-ochoa"],"_links":{"self":[{"href":"https:\/\/contraluzcucuta.co\/index.php?rest_route=\/wp\/v2\/posts\/25537","targetHints":{"allow":["GET"]}}],"collection":[{"href":"https:\/\/contraluzcucuta.co\/index.php?rest_route=\/wp\/v2\/posts"}],"about":[{"href":"https:\/\/contraluzcucuta.co\/index.php?rest_route=\/wp\/v2\/types\/post"}],"author":[{"embeddable":true,"href":"https:\/\/contraluzcucuta.co\/index.php?rest_route=\/wp\/v2\/users\/1"}],"replies":[{"embeddable":true,"href":"https:\/\/contraluzcucuta.co\/index.php?rest_route=%2Fwp%2Fv2%2Fcomments&post=25537"}],"version-history":[{"count":1,"href":"https:\/\/contraluzcucuta.co\/index.php?rest_route=\/wp\/v2\/posts\/25537\/revisions"}],"predecessor-version":[{"id":25539,"href":"https:\/\/contraluzcucuta.co\/index.php?rest_route=\/wp\/v2\/posts\/25537\/revisions\/25539"}],"wp:featuredmedia":[{"embeddable":true,"href":"https:\/\/contraluzcucuta.co\/index.php?rest_route=\/wp\/v2\/media\/25538"}],"wp:attachment":[{"href":"https:\/\/contraluzcucuta.co\/index.php?rest_route=%2Fwp%2Fv2%2Fmedia&parent=25537"}],"wp:term":[{"taxonomy":"category","embeddable":true,"href":"https:\/\/contraluzcucuta.co\/index.php?rest_route=%2Fwp%2Fv2%2Fcategories&post=25537"},{"taxonomy":"post_tag","embeddable":true,"href":"https:\/\/contraluzcucuta.co\/index.php?rest_route=%2Fwp%2Fv2%2Ftags&post=25537"}],"curies":[{"name":"wp","href":"https:\/\/api.w.org\/{rel}","templated":true}]}}