{"id":25518,"date":"2015-12-17T19:22:08","date_gmt":"2015-12-18T00:22:08","guid":{"rendered":"http:\/\/contraluzcucuta.co\/?p=25518"},"modified":"2015-12-17T19:22:08","modified_gmt":"2015-12-18T00:22:08","slug":"perfil-victor-ramirez-asi-es-mi-vida-bonita-y-bien-llevada","status":"publish","type":"post","link":"https:\/\/contraluzcucuta.co\/?p=25518","title":{"rendered":"PERFIL. V\u00edctor Ram\u00edrez: \u201cAs\u00ed es mi vida, bonita y bien llevada\u201d"},"content":{"rendered":"<p>Dos hombres mayores de edad se encontraron en la calle. Uno estaba sentado y re\u00eda a carcajadas; el otro, se dirig\u00eda a hacer alguna diligencia, llevaba af\u00e1n. \u201cYo soy V\u00edctor Ram\u00edrez \u00bfEn qu\u00e9 le puedo colaborar?\u201d, dijo y sonri\u00f3 de manera coqueta. De inmediato comenz\u00f3 a hablar de su vida como nazareno. Ten\u00eda 15 a\u00f1os cuando decidi\u00f3 ingresar a la hermandad. En ese entonces, quien hac\u00eda parte del grupo deb\u00eda tener 20. Los menores de edad eran considerados aprendices<\/p>\n<p>Cuando cumpli\u00f3 la edad prolongada, la iglesia estaba a cargo del sacerdote\u00a0 Mario Guerreros, quien lo impuls\u00f3 a la hermandad, junto con Felipe Romero, Sim\u00f3n Granados, Jes\u00fas Gonzales, Felipe Barrientos y otros que no record\u00f3.\u00a0 Fueron sus acompa\u00f1antes en esa \u00e9poca. Ahora, es el \u00fanico que est\u00e1 vivo y sigue en la iglesia.<\/p>\n<p>En Semana Santa dramatiz\u00f3 la resurrecci\u00f3n de Jes\u00fas. Con los acompa\u00f1antes caminaron por las calles como en el\u00a0 tiempo de Jesucristo. La gente lloraba de emoci\u00f3n, porque parec\u00eda real, hab\u00eda sangre y dolor como en ese entonces. Todos los a\u00f1os, los nazarenos hac\u00edan\u00a0 lo mismo para esa fecha.<\/p>\n<p>En el 2014, V\u00edctor estaba deca\u00eddo, no quiso participar como lo hab\u00eda hecho siempre. Ten\u00eda las rodillas desgastadas y era necesario hacerle un trasplante para sentirse mejor. Viaj\u00f3 con sus hijas para Bucaramanga, porque no pod\u00eda caminar. En 15 d\u00edas, volvi\u00f3 como nuevo, no sent\u00eda dolores y lleg\u00f3 con buenas energ\u00edas.<\/p>\n<p>Villa del Rosario, cuando V\u00edctor era joven, no ten\u00eda calles, las v\u00edas eran destapadas y en una oportunidad busc\u00f3 a un pol\u00edtico que le colabor\u00f3 a arreglarlas. Organiz\u00f3 rifas y otras actividades para pavimentarlas. \u201cLa hermandad no es la misma. No hay personas como V\u00edctor Ram\u00edrez, a las reuniones solo van tres. En dos meses no se han hecho reuniones,\u00a0 porque no va la gente, y no hay progreso\u201d.\u00a0 Otra causa de la desaparici\u00f3n de los nazarenos es por la llegada de un nuevo sacerdote que no hizo buenas obras y la gente no lo quer\u00eda.<\/p>\n<p>Desde peque\u00f1o asiste a la iglesia, tiene siete hermanos y seis hermanas, no gusta de la pol\u00edtica, es pensionado del Gobierno y cada mes recibe $ 900.000. De joven trabaj\u00f3 como m\u00fasico, fue chofer de la empresa Corta Distancia, motorizado y panadero. Perteneci\u00f3 al equipo de f\u00fatbol \u2018Los Compadres\u2019, jug\u00f3 en Pamplona, Gramalote, Chin\u00e1cota, Venezuela, C\u00facuta y Villa del Rosario. En la sala de la casa exhibe un trofeo de aquella \u00e9poca para que lo vea todo aquel que lo visite.<\/p>\n<p>Desde ni\u00f1o no quiso estudiar, en primaria le dijo a la profesora que no quer\u00eda volver. A pesar de ser inteligente y aplicado, les confes\u00f3 a los padres que\u00a0 el estudio era para los brutos, no para los inteligentes.<\/p>\n<p>Dedic\u00f3 parte de la vida a la m\u00fasica, toc\u00f3\u00a0 para un grupo y viaj\u00f3 a muchos lugares con la banda. En Pamplona, al terminar una presentaci\u00f3n, recibi\u00f3 una llamada de la Alcald\u00eda de C\u00facuta y le ofrecieron ser fiscal de Tr\u00e1nsito. La noticia lo asombr\u00f3 y acept\u00f3. Trabaj\u00f3 24 a\u00f1os, ahora es pensionado. Sonri\u00f3 de satisfacci\u00f3n y alegr\u00eda. El reloj indica que son las 6:00 de la tarde.<\/p>\n<p>En 1998, se cas\u00f3 con la mujer que lo acompa\u00f1a hace 50 a\u00f1os. Mostr\u00f3 la foto donde tiene 25 a\u00f1os. Vive con tres hijas y las nietas que le dicen pap\u00e1, porque las cr\u00edo. \u201cAs\u00ed es mi vida, bonita y bien llevada\u201d, es su refr\u00e1n. Su mujer, al principio, le dec\u00eda que era vagabundo, porque trabajaba tres d\u00edas y luego jugaba f\u00fatbol. Al conocerla, todo cambio.<\/p>\n<p>V\u00edctor fue cirineo, cargaba la cruz tomada de la parte de atr\u00e1s. Not\u00f3 que su vida no era la misma cuando lo operaron de la ves\u00edcula y de la rodilla por el desgaste. Nunca para de re\u00edr, al terminar cualquier frase suelta carcajadas. Todos los d\u00edas, a las 7:00 de la noche, se dirige a misa. No asiste a las reuniones de la hermandad por su salud y por\u00a0 falta de personal.<\/p>\n<p>V\u00edctor Ram\u00edrez tiene 79 a\u00f1os, de los cuales\u00a0 dedic\u00f3 60 a la iglesia. A las 5:00 de la ma\u00f1ana, se viste, hace caf\u00e9 y se va a misa. Sale y se dirige al parque, va al estadio de Villa del Rosario a saludar a la gente. Desde ni\u00f1o, fue el \u00fanico de los hermanos que sigui\u00f3 la ense\u00f1anza de la madre, ir a la eucarist\u00eda y hacer tamales. Hac\u00eda mil para entregar, a\u00a0 $1500 pesos. En diciembre era la mejor fecha para vender.<\/p>\n<p>Este hombre noble, siempre le sonr\u00ede a la vida, usa lentes, es de estatura promedio, contextura gruesa y moreno. No fija la mirada en un solo lugar. As\u00ed, lleva una vida bonita y bien vivida.<\/p>\n<p><strong>ANA P\u00c1JARO<\/strong><\/p>\n<p><strong>Estudiante de Comunicaci\u00f3n Social<\/strong><\/p>\n<p><strong>Universidad de Pamplona<\/strong><\/p>\n<p><strong>Campus de Villa del Rosario<\/strong><\/p>\n<p><strong>Foto: Especial para <a href=\"http:\/\/www.contraluzcucuta.co\">www.contraluzcucuta.co<\/a><\/strong><\/p>\n<p>&nbsp; <\/p>\n","protected":false},"excerpt":{"rendered":"<p>Dos hombres mayores de edad se encontraron en la calle. Uno estaba sentado y re\u00eda a carcajadas; el otro, se dirig\u00eda a hacer alguna diligencia, llevaba af\u00e1n. \u201cYo soy V\u00edctor Ram\u00edrez \u00bfEn qu\u00e9 le puedo colaborar?\u201d, dijo y sonri\u00f3 de manera coqueta. De inmediato comenz\u00f3 a hablar de su vida como nazareno. Ten\u00eda 15 a\u00f1os &hellip;<\/p>\n","protected":false},"author":1,"featured_media":25519,"comment_status":"open","ping_status":"open","sticky":false,"template":"","format":"standard","meta":{"footnotes":""},"categories":[74,9],"tags":[],"class_list":["post-25518","post","type-post","status-publish","format-standard","has-post-thumbnail","hentry","category-aula-universitaria","category-politica"],"_links":{"self":[{"href":"https:\/\/contraluzcucuta.co\/index.php?rest_route=\/wp\/v2\/posts\/25518","targetHints":{"allow":["GET"]}}],"collection":[{"href":"https:\/\/contraluzcucuta.co\/index.php?rest_route=\/wp\/v2\/posts"}],"about":[{"href":"https:\/\/contraluzcucuta.co\/index.php?rest_route=\/wp\/v2\/types\/post"}],"author":[{"embeddable":true,"href":"https:\/\/contraluzcucuta.co\/index.php?rest_route=\/wp\/v2\/users\/1"}],"replies":[{"embeddable":true,"href":"https:\/\/contraluzcucuta.co\/index.php?rest_route=%2Fwp%2Fv2%2Fcomments&post=25518"}],"version-history":[{"count":1,"href":"https:\/\/contraluzcucuta.co\/index.php?rest_route=\/wp\/v2\/posts\/25518\/revisions"}],"predecessor-version":[{"id":25520,"href":"https:\/\/contraluzcucuta.co\/index.php?rest_route=\/wp\/v2\/posts\/25518\/revisions\/25520"}],"wp:featuredmedia":[{"embeddable":true,"href":"https:\/\/contraluzcucuta.co\/index.php?rest_route=\/wp\/v2\/media\/25519"}],"wp:attachment":[{"href":"https:\/\/contraluzcucuta.co\/index.php?rest_route=%2Fwp%2Fv2%2Fmedia&parent=25518"}],"wp:term":[{"taxonomy":"category","embeddable":true,"href":"https:\/\/contraluzcucuta.co\/index.php?rest_route=%2Fwp%2Fv2%2Fcategories&post=25518"},{"taxonomy":"post_tag","embeddable":true,"href":"https:\/\/contraluzcucuta.co\/index.php?rest_route=%2Fwp%2Fv2%2Ftags&post=25518"}],"curies":[{"name":"wp","href":"https:\/\/api.w.org\/{rel}","templated":true}]}}