{"id":25515,"date":"2015-12-17T16:15:57","date_gmt":"2015-12-17T21:15:57","guid":{"rendered":"http:\/\/contraluzcucuta.co\/?p=25515"},"modified":"2015-12-20T18:33:26","modified_gmt":"2015-12-20T23:33:26","slug":"victimas-del-conflicto-norte-de-santander-sin-memoria-historica","status":"publish","type":"post","link":"https:\/\/contraluzcucuta.co\/?p=25515","title":{"rendered":"V\u00cdCTIMAS DEL CONFLICTO. Norte de Santander sin memoria hist\u00f3rica"},"content":{"rendered":"<p>\u201cLleg\u00f3 el Ej\u00e9rcito, me tir\u00f3 al piso, me gritaban y me pegaban preguntando d\u00f3nde estaba lo que me hab\u00eda dejado la guerrilla. Como no les dije nada, me taparon la boca con una camisa y empezaron a echarme Coca-Cola por la nariz\u201d, record\u00f3 Hermes P\u00e9rez. Esa fue su \u00faltima experiencia en la vereda Campo Dos (Tib\u00fa), como v\u00edctima del conflicto armado en Norte de Santander.<\/p>\n<p>Al d\u00eda siguiente, la familia P\u00e9rez Pe\u00f1aranda lleg\u00f3 a C\u00facuta para engrosar las cifras de desplazamiento, que en 1998 eran escandalosas. A la llegada a la ciudad no hubo espaviento en los medios de comunicaci\u00f3n por ser una familia humilde, que los convert\u00eda solo en un grano de arena en el desierto de la violencia en Colombia.<\/p>\n<p>Romelia revivi\u00f3 la noche del grado del hijo Yilmer, esa que deb\u00eda estar llena felicidad, porque por fin uno de los muchachos terminaba bachillerato, tom\u00f3 un rumbo inesperado. A las 11:00 de la noche, al regresar al hogar, en un caser\u00edo de Tib\u00fa, lleg\u00f3 un vecino ba\u00f1ado en llanto y con el grito entrecortado le dio la triste noticia \u201c\u00a1Mataron a Alexis, mataron a Alexis!\u201d.<\/p>\n<p>Alexis, hijo menor de Romelia, ten\u00eda 16 a\u00f1os y hab\u00eda decidido unirse a las filas del Eln. Esa noche, mientras dorm\u00eda en un campamento con otros 15 j\u00f3venes, el Ej\u00e9rcito los sorprendi\u00f3 y los acribill\u00f3. Acto seguido, fueron despojados de las pertenencias de valor, vestidos con camuflados y llevados hasta el cementerio.<\/p>\n<p>As\u00ed es Colombia, donde la paz se consigue con sangre y l\u00e1grimas, y la historia se escribe en p\u00e1ginas oscuras que ocultan odio y rencor entre compatriotas. En el pa\u00eds\u00a0 se volvi\u00f3 normal matar o ver morir al que est\u00e1 al lado. Norte de Santander es un territorio de matices. Azotado siempre por la violencia, desde los ataques guerrilleros en El Catatumbo, hasta las masacres en Villa del Rosario por los paramilitares. La barbarie, al estilo nazi, describe el fin de centenares de vidas en hornos crematorios adonde los perpetradores llevaban a las v\u00edctimas.<\/p>\n<p>Javier Osuna, escritor colombiano, en el libro \u2018Me hablar\u00e1s del fuego, los hornos de la infamia\u2019, explora la maldad de la guerra, el testimonio de los victimarios (que pronto recobrar\u00e1n la libertad) y que, al mismo tiempo, rinde homenaje a la vida que trasciende m\u00e1s all\u00e1 de las cenizas.<\/p>\n<p>La memoria es dif\u00edcil de mantener en un pa\u00eds donde d\u00eda a d\u00eda cada acto violento, supera en atrocidad al anterior. Los medios de comunicaci\u00f3n son capaces de poner en el foco actos particulares y a su vez los encargados de que el dolor de las v\u00edctimas, sea solo de los familiares.<\/p>\n<p>En Colombia nos hemos vuelto insensibles ante la violencia, dijo el presidente Juan Manuel Santos. Cualquier hecho violento cabe entre los est\u00e1ndares de normalidad hace 50 a\u00f1os. A pesar de que son cientos las v\u00edctimas que pasan a ser da\u00f1o colateral a diario de esta guerra que consume a los colombianos, sigue la pregunta \u00bfy la memoria? Cu\u00e1ntos muertos debe llorar el pa\u00eds, para que llegue el fin a la guerra.<\/p>\n<p>La fundaci\u00f3n Progresar investiga hechos cruciales de violaci\u00f3n a los derechos humanos. Prende alarmas. Advierte riesgos de violencia contra la poblaci\u00f3n civil, se\u00f1ala a actores criminales del paramilitarismo. La ONG es dirigida por Wilfredo Ca\u00f1izares,\u00a0 encargado de defender y prevenir hechos violentos en Norte de Santander. Adem\u00e1s, organiza eventos en los que familiares de v\u00edctimas protestan y reclaman la memoria de aquellos que desde que estaban vivos hab\u00edan sido olvidados por el Gobierno.<\/p>\n<p>C\u00facuta, alejada de la capital del pa\u00eds, olvidada por el Gobierno, azotada por la violencia y sin memoria est\u00e1 urgida de l\u00edderes capaces de construir recuerdos, porque un pueblo que tiene memoria, no comete los errores del pasado.<\/p>\n<p>En un inminente acuerdo de paz, un asunto fundamental para tratar ser\u00e1 el restablecimiento de las v\u00edctimas, el trato de la desigualdad social, que desde el principio ha sido la principal raz\u00f3n de la guerra, como Marquetalia, la \u2018rep\u00fablica independiente\u2019 dentro de Colombia que dio inicio a las guerrillas que hoy se conocen. Solo fue un grupo de campesinos, hartos del olvido.<\/p>\n<p>Y sigue el olvido, no acabar\u00e1 la guerra, solo cesar\u00e1 mientras unos colombianos decidan tomar las armas para hacerse sentir, para crear memoria, \u201cuna mala memoria\u201d.<\/p>\n<p><strong>KAREN CONDE \u2013 ALDAIR SALAZAR<\/strong><\/p>\n<p><strong>Estudiantes de Comunicaci\u00f3n Social<\/strong><\/p>\n<p><strong>Universidad de Pamplona<\/strong><\/p>\n<p><strong>Campus de Villa del Rosario<\/strong><\/p>\n<p><strong>Foto: Javier Osuna<\/strong><\/p>\n<p>&nbsp; <\/p>\n","protected":false},"excerpt":{"rendered":"<p>\u201cLleg\u00f3 el Ej\u00e9rcito, me tir\u00f3 al piso, me gritaban y me pegaban preguntando d\u00f3nde estaba lo que me hab\u00eda dejado la guerrilla. Como no les dije nada, me taparon la boca con una camisa y empezaron a echarme Coca-Cola por la nariz\u201d, record\u00f3 Hermes P\u00e9rez. Esa fue su \u00faltima experiencia en la vereda Campo Dos &hellip;<\/p>\n","protected":false},"author":1,"featured_media":25516,"comment_status":"open","ping_status":"open","sticky":false,"template":"","format":"standard","meta":{"footnotes":""},"categories":[74,5,9],"tags":[157,679],"class_list":["post-25515","post","type-post","status-publish","format-standard","has-post-thumbnail","hentry","category-aula-universitaria","category-justicia-transicional","category-politica","tag-justicia-transicional-2","tag-victimas-del-conflicto-en-norte-de-santander"],"_links":{"self":[{"href":"https:\/\/contraluzcucuta.co\/index.php?rest_route=\/wp\/v2\/posts\/25515","targetHints":{"allow":["GET"]}}],"collection":[{"href":"https:\/\/contraluzcucuta.co\/index.php?rest_route=\/wp\/v2\/posts"}],"about":[{"href":"https:\/\/contraluzcucuta.co\/index.php?rest_route=\/wp\/v2\/types\/post"}],"author":[{"embeddable":true,"href":"https:\/\/contraluzcucuta.co\/index.php?rest_route=\/wp\/v2\/users\/1"}],"replies":[{"embeddable":true,"href":"https:\/\/contraluzcucuta.co\/index.php?rest_route=%2Fwp%2Fv2%2Fcomments&post=25515"}],"version-history":[{"count":1,"href":"https:\/\/contraluzcucuta.co\/index.php?rest_route=\/wp\/v2\/posts\/25515\/revisions"}],"predecessor-version":[{"id":25517,"href":"https:\/\/contraluzcucuta.co\/index.php?rest_route=\/wp\/v2\/posts\/25515\/revisions\/25517"}],"wp:featuredmedia":[{"embeddable":true,"href":"https:\/\/contraluzcucuta.co\/index.php?rest_route=\/wp\/v2\/media\/25516"}],"wp:attachment":[{"href":"https:\/\/contraluzcucuta.co\/index.php?rest_route=%2Fwp%2Fv2%2Fmedia&parent=25515"}],"wp:term":[{"taxonomy":"category","embeddable":true,"href":"https:\/\/contraluzcucuta.co\/index.php?rest_route=%2Fwp%2Fv2%2Fcategories&post=25515"},{"taxonomy":"post_tag","embeddable":true,"href":"https:\/\/contraluzcucuta.co\/index.php?rest_route=%2Fwp%2Fv2%2Ftags&post=25515"}],"curies":[{"name":"wp","href":"https:\/\/api.w.org\/{rel}","templated":true}]}}