{"id":25507,"date":"2015-12-17T15:51:27","date_gmt":"2015-12-17T20:51:27","guid":{"rendered":"http:\/\/contraluzcucuta.co\/?p=25507"},"modified":"2015-12-20T17:49:12","modified_gmt":"2015-12-20T22:49:12","slug":"notas-al-margen-cuando-se-resolveran-las-opciones-de-la-zona-fronteriza","status":"publish","type":"post","link":"https:\/\/contraluzcucuta.co\/?p=25507","title":{"rendered":"NOTAS AL MARGEN. \u00bfCu\u00e1ndo se resolver\u00e1n las opciones de la zona fronteriza?"},"content":{"rendered":"<p>1.- En medio de silencios y actitudes pasivas, porque en verdad los acercamientos han sido m\u00ednimos y las perspectivas no insin\u00faan acuerdos trascendentes, que proyecten a estas fajas territoriales especiales, hacia\u00a0 mejoramientos integrales que permitan gestiones de mayor\u00a0 perspectiva en los terrenos de la integraci\u00f3n, los pobladores de la regi\u00f3n y la zona fronteriza experimentan una vivencia llena de expectativas, pero sin\u00a0 convocarse mutuamente y sin que surjan acciones y empe\u00f1os innovadores, en procura de soluciones\u00a0 y de f\u00f3rmulas que permitan salir del letargo originado por la actitud del cierre de la frontera y la presunta b\u00fasqueda de una frontera nueva y de paz.<\/p>\n<p>2.- Ese deseo de una frontera nueva y de paz llam\u00f3 la atenci\u00f3n, porque era una convocatoria al di\u00e1logo\u00a0 y a una visi\u00f3n nueva y distinta, sobre lo que hay y condiciona a esta opci\u00f3n que no ha\u00a0 llegado todav\u00eda\u00a0 a la trascendencia y adopci\u00f3n de aut\u00e9nticas pol\u00edticas de alcance y referencia bilateral y de origen estatal. Y, lo anotamos, porque la mayor\u00eda de los hechos existentes son producto de vac\u00edas tolerancias o de disposiciones que no se regulan, ni se les otorga el necesario seguimiento y verdadero trato que debe merecer una disposici\u00f3n o norma\u00a0\u00a0 que precisa o reglamenta una situaci\u00f3n que llega a todo el conjunto.<\/p>\n<p>Y esto ocurre, porque no hay autenticidad y responsabilidad en la presencia y actuaci\u00f3n de los estados, as\u00ed como no hay\u00a0 una legitima descentralizaci\u00f3n, coordinaci\u00f3n\u00a0\u00a0 y administraci\u00f3n entre\u00a0 las entidades nacionales y\u00a0 regionales que vivan y sientan la\u00a0 importancia de la administraci\u00f3n y la aplicaci\u00f3n de las disposiciones, que impulsen el progreso y el desarrollo de estas \u00e1reas de contacto internacional, que comparadas con las centrales de cada\u00a0 naci\u00f3n\u00a0 y por sus circunstancias y caracter\u00edsticas especiales es obvio y natural que posean una reglamentaci\u00f3n y un modo de ser diferentes.<\/p>\n<p>3.- Pero la culpa no es solo de los gobiernos centrales y centralistas, sino por la falta de\u00a0 cohesi\u00f3n, asociaci\u00f3n\u00a0 y uni\u00f3n\u00a0 presencial y participativa entre dirigentes y habitantes de las fronteras que solo esperan la llegada de las f\u00f3rmulas salvadoras, sin laborar por aquellas que podr\u00edan tener mayor y mejor calado, porque generan fuentes de empleo, mejores servicios, ahorro y consecuente productividad y mayores beneficios.<\/p>\n<p>Y \u00bftodo esto qu\u00e9 o qui\u00e9n lo produce? Salvo excepciones y muy contadas organizaciones la ausencia de posturas gremiales, profesionales y laborales que siguen sin renovar cuadros ni dar paso a nuevas actitudes y conductas para que, mediante una evolucionada presencia y participaci\u00f3n, convoquen a todo el conjunto \u00a0a un proceso de unidad\u00a0 y\u00a0 cambio que d\u00e9 vigencia a una capacitada e inteligente dirigencia con cuya asistencia pueda adelantarse la trasformaci\u00f3n\u00a0 positiva y progresista, que a gritos pide la frontera.<\/p>\n<p>Y que puede cumplirse si los planes y los programas \u00a0tienen los respaldos necesarios y bien estructurados hacia una proyecci\u00f3n que visualice las perspectivas nacionales e internacionales, en un mundo agitado y con crisis en diferentes zonas y por\u00a0 diversas situaciones planetarias.<\/p>\n<p>\u00bfHabr\u00e1 llegado la hora para que Bogot\u00e1 y Caracas \u00a0entiendan\u00a0 a la zona fronteriza y las vivencias regionales asuman el compromiso de velar y apuntalar el futuro?\u00a0 \u00a1Ojal\u00e1, y pronto, despierte la frontera!<\/p>\n<p><strong>JOS\u00c9 NEIRA REY<\/strong><\/p>\n<p><strong><a href=\"mailto:jneirarey@hotmail.com\">jneirarey@hotmail.com<\/a><\/strong><\/p>\n<p><strong>\u00a0<\/strong> <\/p>\n","protected":false},"excerpt":{"rendered":"<p>1.- En medio de silencios y actitudes pasivas, porque en verdad los acercamientos han sido m\u00ednimos y las perspectivas no insin\u00faan acuerdos trascendentes, que proyecten a estas fajas territoriales especiales, hacia\u00a0 mejoramientos integrales que permitan gestiones de mayor\u00a0 perspectiva en los terrenos de la integraci\u00f3n, los pobladores de la regi\u00f3n y la zona fronteriza experimentan &hellip;<\/p>\n","protected":false},"author":1,"featured_media":25509,"comment_status":"open","ping_status":"open","sticky":false,"template":"","format":"standard","meta":{"footnotes":""},"categories":[14,6],"tags":[578,382,956],"class_list":["post-25507","post","type-post","status-publish","format-standard","has-post-thumbnail","hentry","category-articulistas","category-ojo-avizor","tag-frontera-colombo-venezolana","tag-jose-neira","tag-notas-al-margen"],"_links":{"self":[{"href":"https:\/\/contraluzcucuta.co\/index.php?rest_route=\/wp\/v2\/posts\/25507","targetHints":{"allow":["GET"]}}],"collection":[{"href":"https:\/\/contraluzcucuta.co\/index.php?rest_route=\/wp\/v2\/posts"}],"about":[{"href":"https:\/\/contraluzcucuta.co\/index.php?rest_route=\/wp\/v2\/types\/post"}],"author":[{"embeddable":true,"href":"https:\/\/contraluzcucuta.co\/index.php?rest_route=\/wp\/v2\/users\/1"}],"replies":[{"embeddable":true,"href":"https:\/\/contraluzcucuta.co\/index.php?rest_route=%2Fwp%2Fv2%2Fcomments&post=25507"}],"version-history":[{"count":1,"href":"https:\/\/contraluzcucuta.co\/index.php?rest_route=\/wp\/v2\/posts\/25507\/revisions"}],"predecessor-version":[{"id":25510,"href":"https:\/\/contraluzcucuta.co\/index.php?rest_route=\/wp\/v2\/posts\/25507\/revisions\/25510"}],"wp:featuredmedia":[{"embeddable":true,"href":"https:\/\/contraluzcucuta.co\/index.php?rest_route=\/wp\/v2\/media\/25509"}],"wp:attachment":[{"href":"https:\/\/contraluzcucuta.co\/index.php?rest_route=%2Fwp%2Fv2%2Fmedia&parent=25507"}],"wp:term":[{"taxonomy":"category","embeddable":true,"href":"https:\/\/contraluzcucuta.co\/index.php?rest_route=%2Fwp%2Fv2%2Fcategories&post=25507"},{"taxonomy":"post_tag","embeddable":true,"href":"https:\/\/contraluzcucuta.co\/index.php?rest_route=%2Fwp%2Fv2%2Ftags&post=25507"}],"curies":[{"name":"wp","href":"https:\/\/api.w.org\/{rel}","templated":true}]}}