{"id":25493,"date":"2015-12-13T18:58:55","date_gmt":"2015-12-13T23:58:55","guid":{"rendered":"http:\/\/contraluzcucuta.co\/?p=25493"},"modified":"2015-12-17T19:49:38","modified_gmt":"2015-12-18T00:49:38","slug":"recreacion-y-deporte-segundo-domingo-de-diciembre-dia-del-ciclista-cucuteno","status":"publish","type":"post","link":"https:\/\/contraluzcucuta.co\/?p=25493","title":{"rendered":"RECREACI\u00d3N Y DEPORTE. Segundo domingo de diciembre, D\u00eda del Ciclista Cucute\u00f1o"},"content":{"rendered":"<blockquote>\n<p><strong>C\u00daCUTA.-<\/strong> Las glorias del ciclismo colombiano Federico Mu\u00f1oz, \u00c1lvaro Lozano, Ra\u00fal Saavedra y Abelardo Rond\u00f3n participaron en la jornada de institucionalizaci\u00f3n del segundo domingo de diciembre como D\u00eda del Ciclista Cucute\u00f1o. Por concretar esta idea y dejarla para la posteridad, \u00a0el Ministerio de Trasporte entreg\u00f3 dos condecoraciones al alcalde Donamaris Ram\u00edrez.<\/p>\n<\/blockquote>\n<p>M\u00e1s de 1500 pedalistas participaron en la jornada recreativa, en la que destac\u00f3 la unidad familiar.\u00a0 Ni\u00f1os, j\u00f3venes, mujeres y hombres acudieron al recorrido dominical. El inter\u00e9s de los cucute\u00f1os por el uso de la bicicleta llev\u00f3 al alcalde, en las postrimer\u00edas del mandato, a tomar esta decisi\u00f3n.<\/p>\n<p>El segundo ciclo paseo \u2018Pacto por la Vida\u2019, coordinado por la Alcald\u00eda y la Comisi\u00f3n de Ciclismo, parti\u00f3 del patinadero, en El Malec\u00f3n, y culmin\u00f3 en La Garita (Los Patios). La numerosa participaci\u00f3n da cuenta de la \u00a0toma de conciencia por parte de la ciudadan\u00eda, que reconoce los beneficios del uso de la bicicleta.<\/p>\n<p>El exciclista santandereano Abelardo Rond\u00f3n \u00a0dijo que los alcaldes del pa\u00eds deber\u00edan seguir este ejemplo de impulsar el deporte y la recreaci\u00f3n.\u00a0 \u201cComo santandereano siento envidia de la buena\u201d, afirm\u00f3, y reiter\u00f3 que \u00a0quisiera \u00a0que Bucaramanga tuviera un gobernante \u201cque se interese por este tipo de disciplinas deportivas que benefician a todos por igual\u201d.<\/p>\n<p>El Ministerio de Transporte, en el reconocimiento al alcalde Ram\u00edrez, destaca la gesti\u00f3n y el impulso a la implementaci\u00f3n de programas\u00a0 de movilidad sostenible y la promoci\u00f3n de programas para el uso de la bicicleta.<\/p>\n<p>La Alcald\u00eda promovi\u00f3, en los \u00faltimos meses, la utilizaci\u00f3n del \u2018caballito de acero\u2019 \u00a0y dot\u00f3 a la ciudad de sitios especiales para el estacionamiento de las ciclas. Sin embargo, la cultura de los cucute\u00f1os todav\u00eda no da para tomar este medio de trasporte como cotidiano para ir al trabajo o al estudio.<\/p>\n<p>\u201cEs grato para mi recibir estos reconocimientos, debido a que fui el fundador de la ciclov\u00eda en C\u00facuta y ahora con los ciclo paseos\u201d, dijo Donamaris Ram\u00edrez.<\/p>\n<p>Durante el recorrido los ciclistas estuvieron tranquilos, debido a que el plan de seguridad activado por la Polic\u00eda, funcion\u00f3 como se ten\u00eda previsto.<\/p>\n<p><strong>Foto: PRENSA ALCALD\u00cdA DE C\u00daCUTA<\/strong><\/p>\n<p>&nbsp;<\/p>\n<p>&nbsp;<\/p>\n","protected":false},"excerpt":{"rendered":"<p>C\u00daCUTA.- Las glorias del ciclismo colombiano Federico Mu\u00f1oz, \u00c1lvaro Lozano, Ra\u00fal Saavedra y Abelardo Rond\u00f3n participaron en la jornada de institucionalizaci\u00f3n del segundo domingo de diciembre como D\u00eda del Ciclista Cucute\u00f1o. Por concretar esta idea y dejarla para la posteridad, \u00a0el Ministerio de Trasporte entreg\u00f3 dos condecoraciones al alcalde Donamaris Ram\u00edrez. M\u00e1s de 1500 pedalistas &hellip;<\/p>\n","protected":false},"author":1,"featured_media":25494,"comment_status":"closed","ping_status":"closed","sticky":false,"template":"","format":"standard","meta":{"footnotes":""},"categories":[541,28],"tags":[226,2585,176],"class_list":["post-25493","post","type-post","status-publish","format-standard","has-post-thumbnail","hentry","category-ciudad","category-vistazo-deportivo","tag-alcaldia-de-cucuta","tag-dia-del-ciclista-cucuteno","tag-donamaris-ramirez"],"_links":{"self":[{"href":"https:\/\/contraluzcucuta.co\/index.php?rest_route=\/wp\/v2\/posts\/25493","targetHints":{"allow":["GET"]}}],"collection":[{"href":"https:\/\/contraluzcucuta.co\/index.php?rest_route=\/wp\/v2\/posts"}],"about":[{"href":"https:\/\/contraluzcucuta.co\/index.php?rest_route=\/wp\/v2\/types\/post"}],"author":[{"embeddable":true,"href":"https:\/\/contraluzcucuta.co\/index.php?rest_route=\/wp\/v2\/users\/1"}],"replies":[{"embeddable":true,"href":"https:\/\/contraluzcucuta.co\/index.php?rest_route=%2Fwp%2Fv2%2Fcomments&post=25493"}],"version-history":[{"count":2,"href":"https:\/\/contraluzcucuta.co\/index.php?rest_route=\/wp\/v2\/posts\/25493\/revisions"}],"predecessor-version":[{"id":25524,"href":"https:\/\/contraluzcucuta.co\/index.php?rest_route=\/wp\/v2\/posts\/25493\/revisions\/25524"}],"wp:featuredmedia":[{"embeddable":true,"href":"https:\/\/contraluzcucuta.co\/index.php?rest_route=\/wp\/v2\/media\/25494"}],"wp:attachment":[{"href":"https:\/\/contraluzcucuta.co\/index.php?rest_route=%2Fwp%2Fv2%2Fmedia&parent=25493"}],"wp:term":[{"taxonomy":"category","embeddable":true,"href":"https:\/\/contraluzcucuta.co\/index.php?rest_route=%2Fwp%2Fv2%2Fcategories&post=25493"},{"taxonomy":"post_tag","embeddable":true,"href":"https:\/\/contraluzcucuta.co\/index.php?rest_route=%2Fwp%2Fv2%2Ftags&post=25493"}],"curies":[{"name":"wp","href":"https:\/\/api.w.org\/{rel}","templated":true}]}}