{"id":25483,"date":"2015-12-13T17:12:35","date_gmt":"2015-12-13T22:12:35","guid":{"rendered":"http:\/\/contraluzcucuta.co\/?p=25483"},"modified":"2015-12-17T15:55:37","modified_gmt":"2015-12-17T20:55:37","slug":"tiempo-de-misericordia-cucutenos-manifestaron-deseo-de-renunciar-al-pecado","status":"publish","type":"post","link":"https:\/\/contraluzcucuta.co\/?p=25483","title":{"rendered":"TIEMPO DE MISERICORDIA. Cucute\u00f1os manifestaron deseo de renunciar al pecado"},"content":{"rendered":"<p><strong>C\u00daCUTA.-<\/strong> Monse\u00f1or V\u00edctor Manuel Ochoa, obispo de C\u00facuta, abri\u00f3 la Puerta Santa de la Misericordia, en la Catedral de San Jos\u00e9. \u201cTenemos una gracia excepcional este a\u00f1o: es tiempo de misericordia, que es expresi\u00f3n del amor del Padre\u201d. Di\u00e1conos, seminaristas, comunidades religiosas, movimientos apost\u00f3licos, agentes pastorales y fieles acompa\u00f1aron la ceremonia.<\/p>\n<p>El inicio del A\u00f1o Jubilar, promulgado por el papa Francisco, hace parte de las actividades previstas para la celebraci\u00f3n del 50 aniversario de la clausura del Concilio Vaticano II,\u00a0 con la Bula Misericordiae Vultus. La solemne celebraci\u00f3n comenz\u00f3 con el anuncio del A\u00f1o Santo, la proclam\u00f3 el Evangelio y la lectura de la parte inicial de la Bula de convocaci\u00f3n.<\/p>\n<p>Como signo de una Iglesia peregrina que camina hacia el Se\u00f1or, \u201centendiendo que Cristo es la puerta que nos alcanza la salvaci\u00f3n\u201d, ni\u00f1os, j\u00f3venes y adultos caminaron en procesi\u00f3n, con velas y faroles, alrededor del parque Santander. Los creyentes manifestaron el deseo de renuncia al pecado y el firme prop\u00f3sito de conversi\u00f3n.<\/p>\n<p>La Apertura de la Puerta Santa y la entrada en la Catedral \u201cnos remite a la puerta del coraz\u00f3n misericordioso de Dios, desvelado en el costado abierto de Cristo en la cruz (Jn 19, 34)\u201d, dijo monse\u00f1or Ochoa. Record\u00f3 que \u201cla puerta de entrada en la Iglesia-comunidad es el sacramento del Bautismo\u201d.<\/p>\n<p>Luego \u00a0del rito de bendici\u00f3n y aspersi\u00f3n de agua se celebr\u00f3 la Santa Misa, en la que el obispo exhort\u00f3 a los bautizados a vivir este momento de gracia, perd\u00f3n y reconciliaci\u00f3n. La Puerta Santa tambi\u00e9n se abrir\u00e1 en los siguientes santuarios diocesanos:<\/p>\n<p>1.- Parroquia San Luis Gonzaga. Se venera a Nuestra Se\u00f1ora de Chiquinquir\u00e1.<\/p>\n<p>2.- Parroquia San Antonio de Padua. Templo de la caridad.<\/p>\n<p>3.- Parroquia Nuestra Se\u00f1ora de Lourdes. Santuario de la Sant\u00edsima Virgen bajo esta advocaci\u00f3n.<\/p>\n<p>4.- Parroquia San Rafael de Gramalote. Veneraci\u00f3n especial a Nuestra Se\u00f1ora de Mongu\u00ed y la condici\u00f3n especial que afronta este municipio.<\/p>\n<p>El obispo destac\u00f3 la importancia del A\u00f1o Santo y exhort\u00f3 a los fieles a \u201cfavorecer la virtud de la caridad y la misericordia en nuestra Iglesia Particular\u201d.<\/p>\n<p>El papa Francisco inaugur\u00f3, el 8 de diciembre, el Jubileo Extraordinario de la Misericordia, en la solemnidad de la Inmaculada Virgen Mar\u00eda. Concluir\u00e1 el 20 de noviembre de 2016, Solemnidad de Jesucristo, rey del Universo.<\/p>\n<p><strong>Foto: PRENSA DI\u00d3CESIS DE C\u00daCUTA<\/strong><\/p>\n<p>&nbsp; <\/p>\n","protected":false},"excerpt":{"rendered":"<p>C\u00daCUTA.- Monse\u00f1or V\u00edctor Manuel Ochoa, obispo de C\u00facuta, abri\u00f3 la Puerta Santa de la Misericordia, en la Catedral de San Jos\u00e9. \u201cTenemos una gracia excepcional este a\u00f1o: es tiempo de misericordia, que es expresi\u00f3n del amor del Padre\u201d. Di\u00e1conos, seminaristas, comunidades religiosas, movimientos apost\u00f3licos, agentes pastorales y fieles acompa\u00f1aron la ceremonia. El inicio del A\u00f1o &hellip;<\/p>\n","protected":false},"author":1,"featured_media":25484,"comment_status":"open","ping_status":"open","sticky":false,"template":"","format":"standard","meta":{"footnotes":""},"categories":[541,36],"tags":[1547,8,2490],"class_list":["post-25483","post","type-post","status-publish","format-standard","has-post-thumbnail","hentry","category-ciudad","category-la-voz-del-pueblo","tag-catedral-de-san-jose","tag-diocesis-de-cucuta","tag-monsenor-victor-manuel-ochoa"],"_links":{"self":[{"href":"https:\/\/contraluzcucuta.co\/index.php?rest_route=\/wp\/v2\/posts\/25483","targetHints":{"allow":["GET"]}}],"collection":[{"href":"https:\/\/contraluzcucuta.co\/index.php?rest_route=\/wp\/v2\/posts"}],"about":[{"href":"https:\/\/contraluzcucuta.co\/index.php?rest_route=\/wp\/v2\/types\/post"}],"author":[{"embeddable":true,"href":"https:\/\/contraluzcucuta.co\/index.php?rest_route=\/wp\/v2\/users\/1"}],"replies":[{"embeddable":true,"href":"https:\/\/contraluzcucuta.co\/index.php?rest_route=%2Fwp%2Fv2%2Fcomments&post=25483"}],"version-history":[{"count":1,"href":"https:\/\/contraluzcucuta.co\/index.php?rest_route=\/wp\/v2\/posts\/25483\/revisions"}],"predecessor-version":[{"id":25485,"href":"https:\/\/contraluzcucuta.co\/index.php?rest_route=\/wp\/v2\/posts\/25483\/revisions\/25485"}],"wp:featuredmedia":[{"embeddable":true,"href":"https:\/\/contraluzcucuta.co\/index.php?rest_route=\/wp\/v2\/media\/25484"}],"wp:attachment":[{"href":"https:\/\/contraluzcucuta.co\/index.php?rest_route=%2Fwp%2Fv2%2Fmedia&parent=25483"}],"wp:term":[{"taxonomy":"category","embeddable":true,"href":"https:\/\/contraluzcucuta.co\/index.php?rest_route=%2Fwp%2Fv2%2Fcategories&post=25483"},{"taxonomy":"post_tag","embeddable":true,"href":"https:\/\/contraluzcucuta.co\/index.php?rest_route=%2Fwp%2Fv2%2Ftags&post=25483"}],"curies":[{"name":"wp","href":"https:\/\/api.w.org\/{rel}","templated":true}]}}