{"id":25465,"date":"2015-12-05T06:30:57","date_gmt":"2015-12-05T11:30:57","guid":{"rendered":"http:\/\/contraluzcucuta.co\/?p=25465"},"modified":"2015-12-13T16:43:15","modified_gmt":"2015-12-13T21:43:15","slug":"reportaje-acordeon-caja-y-guacharaca-detras-del-sabor","status":"publish","type":"post","link":"https:\/\/contraluzcucuta.co\/?p=25465","title":{"rendered":"REPORTAJE. Acorde\u00f3n, caja y guacharaca detr\u00e1s del sabor"},"content":{"rendered":"<p><strong>C\u00daCUTA.-<\/strong> Es un hecho, el vallenato dej\u00f3 de ser popular para convertirse en patrimonio cultural inmaterial de la humanidad. El reconocimiento lo otorg\u00f3 la Unesco, en noviembre. Para las regiones del Caribe y el Atl\u00e1ntico representa rescatar parte de la riqueza ancestral.<\/p>\n<p>Entre acento santandereano y coste\u00f1o, lleg\u00f3 a tierras fronterizas, aquellas que\u00a0 promet\u00edan un \u00e9xito rotundo en la comercializaci\u00f3n de art\u00edculos colombianos para los latientes clientes venezolanos que se beneficiaban de la devaluaci\u00f3n del peso y tomaban posesi\u00f3n del comercio cucute\u00f1o.<\/p>\n<p>Laureano Ojeda quiso darle una perspectiva diferente a este tradicional comercio y tom\u00f3 la partida al inaugurar un lugar caracter\u00edstico para los amantes de la m\u00fasica de la Costa Norte de Colombia, el vallenato. El principal objetivo fue integrar el sonido arm\u00f3nico del acorde\u00f3n, la guacharaca y la caja para entretener a locales y visitantes de El Malec\u00f3n. As\u00ed naci\u00f3 el punto de encuentro para los amantes de este ritmo folcl\u00f3rico, \u2018Sabor vallenato\u2019.<\/p>\n<p>La tradici\u00f3n cuenta que este g\u00e9nero surgi\u00f3 de la fusi\u00f3n de expresiones\u00a0 culturales de aquellas canciones de vaqueros en el \u00a0Magdalena Grande, el canto de \u00a0esclavos africanos y danzas tradicionales de los pueblos ind\u00edgenas de la Sierra Nevada de Santa Marta. El origen del nombre resulta de \u00a0campesinos viajeros en mulas a los que les preguntaban de qu\u00e9 tierras eran y\u00a0 \u00a0la respuesta era \u201csoy nato del Valle\u201d. De ah\u00ed surgi\u00f3 \u201csoy del Valle nato\u201d.<\/p>\n<p>Colombia se ha caracterizado por adoptar hibridaciones culturales en tradiciones y costumbres. Norte de Santander no se queda atr\u00e1s. Por m\u00e1s de 33 a\u00f1os \u2018El sabor vallenato\u2019 ha abierto las puertas a fan\u00e1ticos, artistas, compositores y emp\u00edricos amantes del g\u00e9nero. Por ah\u00ed han pasado\u00a0 Jorge O\u00f1ate y Los hermanos Zuleta.<\/p>\n<p>Tambi\u00e9n, ha sido espacio para el surgimiento de talentos, entre los que \u00a0destaca \u2018Kaleth\u2019, nombre art\u00edstico de Carlos L\u00f3pez, quien ha dedicado 13 de los 37 a\u00f1os a interpretar a su artista de inspiraci\u00f3n Kaleth Morales, y quien le ha dado un estilo particular para ser aclamado por la clientela. \u201cCuando quieren escuchar canciones inspiradoras de Kaleth me llaman, porque saben que soy su sucesor. Mi talento es cantar\u201d.<\/p>\n<p>A partir de las 5:00 de la tarde, los tres compa\u00f1eros de Carlos L\u00f3pez, \u00a0Eddy en la guacharaca, Fredy en el acorde\u00f3n y Emiro en la caja,\u00a0 llegan al lugar, junto a nueve grupos para cantar, divertirse y compartir entre amigos, mientras \u201cfrentean\u201d sobre la avenida Los Libertadores. En su lenguaje, \u2018frentear\u2019 significa tocar el acorde\u00f3n minutos para llamar la atenci\u00f3n de los conductores que frecuentan El Malec\u00f3n y as\u00ed lograr contratos para parrandas vallenatas que desembocan a la celebraci\u00f3n de cumplea\u00f1os y eventos especiales.<\/p>\n<p>No han grabado producciones discogr\u00e1ficas, ni han sido nominados a ning\u00fan premio. Quiz\u00e1s el pa\u00eds no conozca su talento, pero entre los nortesantandereanos son famosos y saben que todos los d\u00edas, en especial los fines de semana, los encontrar\u00e1n all\u00ed.<\/p>\n<p>Este lugar de C\u00facuta re\u00fane a j\u00f3venes y adultos de cualquier posici\u00f3n social en las noches c\u00e1lidas, con fuertes vientos, caracterizado por la abundante vegetaci\u00f3n, que hace ameno el disfrute del sonar de los instrumentos.<\/p>\n<p>Carlos L\u00f3pez, \u2018Kaleth\u2019, cuenta con orgullo que su vida es tranquila. La jornada laboral culmina a las 3:00 de la ma\u00f1ana. Al terminar el trabajo disfruta compartir con los cuatro hijos y la esposa. \u201cCobramos la hora a $ 150.000, y si lo quieren con bajo $ 250.000. Soy el que llevo el sustento a mi casa, vivimos solo de esto y vivimos bien\u201d.<\/p>\n<p>Para muchos esta labor ha perdido reconocimiento, porque se ha convertido en sin\u00f3nimo de parranda, ron y mujeres, que ofrece espect\u00e1culo solo para llamar la atenci\u00f3n, hacerse notar, tener seguidores en vez de preocuparse por entonar y vocalizar. No obstante, son m\u00e1s los que desarrollan este ejercicio porque los apasiona y porque tiene una historia que representa continuidad cultural que est\u00e1n dispuestos a trasmitirla de generaci\u00f3n en generaci\u00f3n.<\/p>\n<p>Ladis Pe\u00f1aranda, \u2018El Tana\u2019, \u00a0decidi\u00f3 apostarle al ejercicio del canto vallenato inducido por un primo que hace 12 a\u00f1os lleg\u00f3 a C\u00facuta y le ense\u00f1\u00f3 el arte de interpretar los sentimientos mediante este g\u00e9nero. \u201cEl momento llega. No es cuando uno quiere, es cuando Dios quiere, porque me met\u00ed hace 12 a\u00f1os, de avanzada edad. Hubiera querido antes, pero no lleg\u00f3 el momento. Me decid\u00ed y creo que era el momento\u201d. Mientras habla moja la boca\u00a0 con una cerveza que su compa\u00f1ero de trabajo Julio le brinda para calentar la noche.<\/p>\n<p>Al entrar en acci\u00f3n con el p\u00fablico el l\u00edmite no son las nueve canciones que componen la hora, porque en muchas ocasiones el cliente decide duplicar el pago de la parranda con el fin seguir entreteni\u00e9ndose en medio de la celebraci\u00f3n.\u00a0 En el repertorio de las parrandas vallenatas no pueden faltar las canciones del \u2018Pap\u00e1 de los pollitos\u2019, Diomedes D\u00edaz.<\/p>\n<p>La fecha m\u00e1s\u00a0 buscada para los servicios de los vallenatos es el D\u00eda de las Madres, porque representa alegr\u00eda, vida y amor. El vallenato re\u00fane esas caracter\u00edsticas.<\/p>\n<p>Todo g\u00e9nero tiene fan\u00e1ticos que se convierten en clientes. Estas agrupaciones tienen sus canciones, pero\u00a0 siempre les solicitan los temas populares del artista del momento. Karen D\u00edaz, asiduo visitante del \u2018Sabor vallenato\u2019, habl\u00f3 del comportamiento\u00a0 de los cantantes en las presentaciones. \u201cLa actitud es con todo el sabor. Se nota que en realidad cantan vallenato y lo hacen sentir cuando empiezan el toque\u201d.<\/p>\n<p>Norte de Santander, como zona de frontera, es transitado por gente de diversas regiones del pa\u00eds y aqu\u00ed han encontrado lugares caracter\u00edsticos que los hacen recordar sus ra\u00edces. Carmen Pino, oriunda de Valledupar y radicada en C\u00facuta hace 3 a\u00f1os, afirm\u00f3 que \u201cpara m\u00ed el vallenato es todo, me hace recordar mi tierra, mi gente. Es algo que me llena de sentimiento y alegr\u00eda\u201d.<\/p>\n<p>Pese a las dificultades econ\u00f3micas que afronta la ciudad, las parrandas vallenatas nunca dejar\u00e1n de entretener, alegrar y divertir a los cucute\u00f1os. Por esta raz\u00f3n los int\u00e9rpretes de este aire \u00a0se han convertido en parte de la historia cultural de la ciudad y prometen mantener vigente la tradici\u00f3n para que las generaciones futuras lo conozcan y lo disfruten, as\u00ed sea inmaterial.<\/p>\n<p><strong>ROMAIRE ROJAS y TANIA BERM\u00daDEZ<\/strong><\/p>\n<p><strong>Estudiantes de Comunicaci\u00f3n Social<\/strong><\/p>\n<p><strong>Universidad de Pamplona<\/strong><\/p>\n<p><strong>Campus de Villa del Rosario<\/strong><\/p>\n<p><strong>Foto: \u00a0larepublica.ec<\/strong><\/p>\n<p><strong>\u00a0<\/strong><\/p>\n<p><strong>\u00a0<\/strong><\/p>\n<p>&nbsp; <\/p>\n","protected":false},"excerpt":{"rendered":"<p>C\u00daCUTA.- Es un hecho, el vallenato dej\u00f3 de ser popular para convertirse en patrimonio cultural inmaterial de la humanidad. El reconocimiento lo otorg\u00f3 la Unesco, en noviembre. Para las regiones del Caribe y el Atl\u00e1ntico representa rescatar parte de la riqueza ancestral. Entre acento santandereano y coste\u00f1o, lleg\u00f3 a tierras fronterizas, aquellas que\u00a0 promet\u00edan un &hellip;<\/p>\n","protected":false},"author":1,"featured_media":25466,"comment_status":"open","ping_status":"open","sticky":false,"template":"","format":"standard","meta":{"footnotes":""},"categories":[74,10,9],"tags":[2575,2577,2578,2576],"class_list":["post-25465","post","type-post","status-publish","format-standard","has-post-thumbnail","hentry","category-aula-universitaria","category-cronicas","category-politica","tag-acordeon","tag-patrimonio-cultural","tag-sabor-vallenato","tag-vallenato"],"_links":{"self":[{"href":"https:\/\/contraluzcucuta.co\/index.php?rest_route=\/wp\/v2\/posts\/25465","targetHints":{"allow":["GET"]}}],"collection":[{"href":"https:\/\/contraluzcucuta.co\/index.php?rest_route=\/wp\/v2\/posts"}],"about":[{"href":"https:\/\/contraluzcucuta.co\/index.php?rest_route=\/wp\/v2\/types\/post"}],"author":[{"embeddable":true,"href":"https:\/\/contraluzcucuta.co\/index.php?rest_route=\/wp\/v2\/users\/1"}],"replies":[{"embeddable":true,"href":"https:\/\/contraluzcucuta.co\/index.php?rest_route=%2Fwp%2Fv2%2Fcomments&post=25465"}],"version-history":[{"count":1,"href":"https:\/\/contraluzcucuta.co\/index.php?rest_route=\/wp\/v2\/posts\/25465\/revisions"}],"predecessor-version":[{"id":25467,"href":"https:\/\/contraluzcucuta.co\/index.php?rest_route=\/wp\/v2\/posts\/25465\/revisions\/25467"}],"wp:featuredmedia":[{"embeddable":true,"href":"https:\/\/contraluzcucuta.co\/index.php?rest_route=\/wp\/v2\/media\/25466"}],"wp:attachment":[{"href":"https:\/\/contraluzcucuta.co\/index.php?rest_route=%2Fwp%2Fv2%2Fmedia&parent=25465"}],"wp:term":[{"taxonomy":"category","embeddable":true,"href":"https:\/\/contraluzcucuta.co\/index.php?rest_route=%2Fwp%2Fv2%2Fcategories&post=25465"},{"taxonomy":"post_tag","embeddable":true,"href":"https:\/\/contraluzcucuta.co\/index.php?rest_route=%2Fwp%2Fv2%2Ftags&post=25465"}],"curies":[{"name":"wp","href":"https:\/\/api.w.org\/{rel}","templated":true}]}}