{"id":25459,"date":"2015-11-27T16:39:43","date_gmt":"2015-11-27T21:39:43","guid":{"rendered":"http:\/\/contraluzcucuta.co\/?p=25459"},"modified":"2015-12-13T16:41:24","modified_gmt":"2015-12-13T21:41:24","slug":"cronica-si-se-va-natilam-se-lleva-las-casetas","status":"publish","type":"post","link":"https:\/\/contraluzcucuta.co\/?p=25459","title":{"rendered":"CR\u00d3NICA. Si se va Natilam se lleva las casetas"},"content":{"rendered":"<p><strong>C\u00daCUTA.-<\/strong> En el coraz\u00f3n de la ciudadela Juan Atalaya, en C\u00facuta, se sit\u00faa un nicho comercial fundado, hace m\u00e1s de 30 a\u00f1os, por Luis Alfonso y Natalia Mora.\u00a0 Los esposos elaboraron un forzado anagrama para bautizar el asadero de pollos. El nombre se expandi\u00f3 y ahora es referencia de la zona conocida como Natilam.<\/p>\n<p>C\u00facuta es una ciudad incipiente en los procesos de desarrollo urbano. Como parte del proyecto para embellecer el Paseo Rojo y Negro, espacio p\u00fablico sobre las m\u00e1rgenes de la autopista que atraviesa a Atalaya, a cargo de la Gobernaci\u00f3n de Norte de Santander, desde 2014 se pretende la construcci\u00f3n de una plazoleta en el lugar donde ahora est\u00e1n instaladas 22 casetas de comidas r\u00e1pidas.<\/p>\n<p>Algunos de los establecimientos comerciales son tan antiguos como el nombre Natilam, coment\u00f3 Isidro Carrascal, propietario de una venta de perros calientes en el sector, hace 28 a\u00f1os. Las entidades encargadas del proyecto \u2013 Secretar\u00eda Departamental de Gobierno y Secretar\u00eda Municipal de Planeaci\u00f3n &#8211; requieren la reubicaci\u00f3n de las casetas para continuar con las labores de adecuaci\u00f3n del Paseo. La reubicaci\u00f3n ser\u00eda provisional hasta la finalizaci\u00f3n de las obras.<\/p>\n<p>Las casetas no destacan precisamente por la elegancia\u00a0 o el encanto. Son unas cajas met\u00e1licas gigantes, magulladas, con descoloridos letreros de gaseosas y parches de \u00f3xido que en ciertas partes ha corro\u00eddo tanto el metal que hay agujeros que permiten ver el interior cuando est\u00e1n cerradas. Peculiar lugar donde se encuentra comida peculiar, como el caldo de venas o la sopa de pich\u00f3n que venden en la caseta \u2018Lucy-Dan\u2019.<\/p>\n<p>Algunos trabajadores, con notorios visos de desconfianza, prefirieron no revelar el nombre, como si se tratara de un asunto de seguridad nacional,\u00a0 ofrecen su perspectiva respecto al problema que los abruma. El di\u00e1logo se da en situaciones castizas como pelar papas o descabezar pescados para el caldo. El recelo desaparece, entonces se pregunta poco y ellos responden mucho, hasta el punto en que tras una verborrea de 10 o 15 minutos rematan con un \u201cY eso es todo lo que lo yo s\u00e9\u201d.<\/p>\n<p>Las declaraciones contienen basta informaci\u00f3n irrelevante y las divergencias entre unas y otras desnudan una aparente falta de gesti\u00f3n colectiva por parte de los vendedores. Mientras hay quienes afirman el haber contratado un abogado para la solicitud de las garant\u00edas; otros dicen desconocer tal contrataci\u00f3n y se auto compadecen ante el posible escenario del desalojo.<\/p>\n<p>La progresiva ocupaci\u00f3n del lugar es reconstruida por Carrascal, uno de los m\u00e1s antiguos en Natilam. En el puesto de comida r\u00e1pida, que adquiri\u00f3 en 1987 tras la muerte del propietario inicial, relata c\u00f3mo esta peque\u00f1a comunidad de comerciantes trasform\u00f3 lo que describe como \u201cun mont\u00f3n de matorrales para un lado y un barrizal para el otro\u201d.<\/p>\n<p>Los vendedores no se niegan a la reubicaci\u00f3n, exigen garant\u00edas para el cumplimiento de cuanto les han ofrecido respecto a la entrega de locales construidos en cemento y con las instalaciones de energ\u00eda y agua necesarias para la actividad comercial.\u00a0 Las entidades del orden municipal y departamental que vigilan este proceso han anunciado lo que ser\u00eda un \u201cinminente\u201d desalojo antes de finalizar el a\u00f1o.<\/p>\n<p><strong>ANDR\u00c9S JOS\u00c9 MORALES <\/strong><\/p>\n<p><strong>Foto: Especial para <a href=\"http:\/\/www.contraluzcucuta.co\">www.contraluzcucuta.co<\/a><\/strong><\/p>\n<p>&nbsp; <\/p>\n","protected":false},"excerpt":{"rendered":"<p>C\u00daCUTA.- En el coraz\u00f3n de la ciudadela Juan Atalaya, en C\u00facuta, se sit\u00faa un nicho comercial fundado, hace m\u00e1s de 30 a\u00f1os, por Luis Alfonso y Natalia Mora.\u00a0 Los esposos elaboraron un forzado anagrama para bautizar el asadero de pollos. El nombre se expandi\u00f3 y ahora es referencia de la zona conocida como Natilam. C\u00facuta &hellip;<\/p>\n","protected":false},"author":1,"featured_media":25460,"comment_status":"open","ping_status":"open","sticky":false,"template":"","format":"standard","meta":{"footnotes":""},"categories":[74,10,9],"tags":[2597,2574,719,161],"class_list":["post-25459","post","type-post","status-publish","format-standard","has-post-thumbnail","hentry","category-aula-universitaria","category-cronicas","category-politica","tag-aula-universitaria","tag-natilam","tag-unipamplona","tag-universidad-de-pamplona"],"_links":{"self":[{"href":"https:\/\/contraluzcucuta.co\/index.php?rest_route=\/wp\/v2\/posts\/25459","targetHints":{"allow":["GET"]}}],"collection":[{"href":"https:\/\/contraluzcucuta.co\/index.php?rest_route=\/wp\/v2\/posts"}],"about":[{"href":"https:\/\/contraluzcucuta.co\/index.php?rest_route=\/wp\/v2\/types\/post"}],"author":[{"embeddable":true,"href":"https:\/\/contraluzcucuta.co\/index.php?rest_route=\/wp\/v2\/users\/1"}],"replies":[{"embeddable":true,"href":"https:\/\/contraluzcucuta.co\/index.php?rest_route=%2Fwp%2Fv2%2Fcomments&post=25459"}],"version-history":[{"count":1,"href":"https:\/\/contraluzcucuta.co\/index.php?rest_route=\/wp\/v2\/posts\/25459\/revisions"}],"predecessor-version":[{"id":25461,"href":"https:\/\/contraluzcucuta.co\/index.php?rest_route=\/wp\/v2\/posts\/25459\/revisions\/25461"}],"wp:featuredmedia":[{"embeddable":true,"href":"https:\/\/contraluzcucuta.co\/index.php?rest_route=\/wp\/v2\/media\/25460"}],"wp:attachment":[{"href":"https:\/\/contraluzcucuta.co\/index.php?rest_route=%2Fwp%2Fv2%2Fmedia&parent=25459"}],"wp:term":[{"taxonomy":"category","embeddable":true,"href":"https:\/\/contraluzcucuta.co\/index.php?rest_route=%2Fwp%2Fv2%2Fcategories&post=25459"},{"taxonomy":"post_tag","embeddable":true,"href":"https:\/\/contraluzcucuta.co\/index.php?rest_route=%2Fwp%2Fv2%2Ftags&post=25459"}],"curies":[{"name":"wp","href":"https:\/\/api.w.org\/{rel}","templated":true}]}}