{"id":25456,"date":"2015-11-27T16:27:19","date_gmt":"2015-11-27T21:27:19","guid":{"rendered":"http:\/\/contraluzcucuta.co\/?p=25456"},"modified":"2015-12-05T10:11:05","modified_gmt":"2015-12-05T15:11:05","slug":"notas-al-margen-por-que-no-crear-un-movimiento-de-renovacion-y-trasformacion","status":"publish","type":"post","link":"https:\/\/contraluzcucuta.co\/?p=25456","title":{"rendered":"NOTAS AL MARGEN. \u00bfPor qu\u00e9 no crear un movimiento de renovaci\u00f3n y trasformaci\u00f3n?"},"content":{"rendered":"<p>1.- Por desatender la esencia y descuidar lo primario o fundamental del\u00a0 prop\u00f3sito vital\u00a0 o de la causa que anima e impulsa los andamiajes gubernamentales y operacionales de las entidades p\u00fablicas, como es el enfoque y an\u00e1lisis sobre lo que es y representa\u00a0 una Zona o Regi\u00f3n Fronteriza, muchos de los pobladores y no pocos de los que asumen posiciones y actitudes o debieran asumirlas, en relaci\u00f3n con\u00a0 lo que significa y\u00a0 proyecta\u00a0 tanto C\u00facuta, como\u00a0 parte o todo Norte de Santander, en su interrelaci\u00f3n con los municipios lim\u00edtrofes del Estado T\u00e1chira est\u00e1n sintiendo pasar las horas, los d\u00edas y las oportunidades, pero sin dar\u00a0 sentido, alcance y\u00a0 visi\u00f3n de futuro en cuanto a nuestra relaci\u00f3n con Venezuela y lo que genera\u00a0 la interacci\u00f3n con ella &#8211; por la vecindad, los nexos hist\u00f3ricos, sociales, econ\u00f3micos, institucionales y de proyecci\u00f3n internacional \u2013como si no pasara nada o a la espera de lo que anuncie y haga quien pueda mover los engranajes y\u00a0 las piezas estructurales de lo que define y constituye un Estado, olvid\u00e1ndose toda una vivencia\u00a0 de hechos y actuaciones de significativa importancia y trascendencia.<\/p>\n<p>\u00bfSe sabe y claramente que una zona fronteriza es una faja territorial especial que conforman los pobladores de dos o m\u00e1s \u00e1reas lim\u00edtrofes o vecinas que, mediante normas y regulaciones permitidas constitucionalmente por cada Estado o adoptadas conjuntamente, permitan el mejor vivir y el desarrollo y el avance progresivo de esas comunidades que se acercan y promueven una mancomunidad de intereses, que exige una permanente atenci\u00f3n, de las autoridades y agentes que deben\u00a0 velar por estas sui generis zonas pol\u00edticas, econ\u00f3micas y sociales, con amplio contenido binacional\u00a0 y vivencias especiales? \u00bfHay plena conciencia y entendimientos?<\/p>\n<p>2.- Infortunadamente, algunos solo la observan y viven como una\u00a0 oportunidad personal por las ventajas que surgen y por el aprovechamiento individual o compartido de grupo, que provocan los conceptos y realidades de precios\u00a0 ante las ofertas y demandas que se cumplen por las diferenciaciones que en normatividades y\u00a0 reglamentaciones existen entre los dos Estados, pero sin evaluar, ni entender lo que podr\u00eda enfocarse, promoverse y realizarse de manera compartida\u00a0 general y mediante incentivos, est\u00edmulos y mecanismos adoptados y apropiados para dar vida y amplias perspectivas a procesos \u00a0generadores de empleo, canalizadores de empe\u00f1os y recursos, que permitir\u00edan participaciones m\u00e1s integrales, francas y benefactoras de nuevas y modernas capacitaciones y competitividades, en un mundo que se agita en la innovaci\u00f3n y la competitividad.<\/p>\n<p>3.- Y, por esa pasividad, negligencia y no aplicaci\u00f3n hacia la actualizaci\u00f3n de las acciones y conductas \u2013 que es culpa de todos, porque una sociedad es el resultado de una suma de individualidades, que genera resultados seg\u00fan su inter\u00e9s y esfuerzos &#8211; nuestros porcentajes de incremento en desocupaci\u00f3n, desempleo, marginamiento y retraso en general, son tan preocupantes. \u00bfPor qu\u00e9 con el respaldo y decidido apoyo de\u00a0 la Gobernaci\u00f3n de Norte de Santander, la Alcald\u00eda de C\u00facuta, la C\u00e1mara de Comercio y\u00a0 la suma de corporaciones y\u00a0 gremios\u00a0 que tienen sede en C\u00facuta y la regi\u00f3n, junto al sector pol\u00edtico que integra y sintetiza a\u00a0 la opini\u00f3n, no\u00a0 se establece una Comisi\u00f3n Extraordinaria y Especial Fronteriza compuesta por hombres y mujeres valiosos y\u00a0 representativos, para que se d\u00e9\u00a0 inicio a los pasos, iniciativas, complementos, procedimientos y logros\u00a0 que se deben alcanzar y crear para rescatar y otorgarle vigor y aut\u00e9nticos apuntalamientos y\u00a0 proyecciones a todo lo que en esta zona fronteriza colombo-venezolana central\u00a0 puede hacerse, fundamentarse y estructurarse, para bien y progreso de todos\u00a0 e incluyendo en ese prop\u00f3sito a las comunidades y \u00e1reas\u00a0 vecinas y a los estados que se sumen y vinculen al proceso de trasformaci\u00f3n y proyecci\u00f3n\u00a0 que requerimos\u00a0 y vivamente se ans\u00eda?<\/p>\n<p>\u00bfPor qu\u00e9 no dedicar nuestro mayor tiempo \u00fatil a laborar por el bien com\u00fan y as\u00ed aprovechar &#8211; para beneficio general &#8211; las enormes posibilidades y ventajas comparativas que poseemos\u00a0 y que no hemos utilizado para crear fuentes de empleo, esp\u00edritu asociativo y verdadera unidad productiva?<\/p>\n<p><strong>JOS\u00c9 NEIRA REY\u00a0 <\/strong><\/p>\n<p><a href=\"mailto:jneirarey@hotmail.com\">jneirarey@hotmail.com<\/a><\/p>\n<p>Foto:<\/p>\n<p>&nbsp; <\/p>\n","protected":false},"excerpt":{"rendered":"<p>1.- Por desatender la esencia y descuidar lo primario o fundamental del\u00a0 prop\u00f3sito vital\u00a0 o de la causa que anima e impulsa los andamiajes gubernamentales y operacionales de las entidades p\u00fablicas, como es el enfoque y an\u00e1lisis sobre lo que es y representa\u00a0 una Zona o Regi\u00f3n Fronteriza, muchos de los pobladores y no pocos &hellip;<\/p>\n","protected":false},"author":1,"featured_media":25457,"comment_status":"open","ping_status":"open","sticky":false,"template":"","format":"standard","meta":{"footnotes":""},"categories":[14,6],"tags":[303,956],"class_list":["post-25456","post","type-post","status-publish","format-standard","has-post-thumbnail","hentry","category-articulistas","category-ojo-avizor","tag-jose-neira-rey","tag-notas-al-margen"],"_links":{"self":[{"href":"https:\/\/contraluzcucuta.co\/index.php?rest_route=\/wp\/v2\/posts\/25456","targetHints":{"allow":["GET"]}}],"collection":[{"href":"https:\/\/contraluzcucuta.co\/index.php?rest_route=\/wp\/v2\/posts"}],"about":[{"href":"https:\/\/contraluzcucuta.co\/index.php?rest_route=\/wp\/v2\/types\/post"}],"author":[{"embeddable":true,"href":"https:\/\/contraluzcucuta.co\/index.php?rest_route=\/wp\/v2\/users\/1"}],"replies":[{"embeddable":true,"href":"https:\/\/contraluzcucuta.co\/index.php?rest_route=%2Fwp%2Fv2%2Fcomments&post=25456"}],"version-history":[{"count":1,"href":"https:\/\/contraluzcucuta.co\/index.php?rest_route=\/wp\/v2\/posts\/25456\/revisions"}],"predecessor-version":[{"id":25458,"href":"https:\/\/contraluzcucuta.co\/index.php?rest_route=\/wp\/v2\/posts\/25456\/revisions\/25458"}],"wp:featuredmedia":[{"embeddable":true,"href":"https:\/\/contraluzcucuta.co\/index.php?rest_route=\/wp\/v2\/media\/25457"}],"wp:attachment":[{"href":"https:\/\/contraluzcucuta.co\/index.php?rest_route=%2Fwp%2Fv2%2Fmedia&parent=25456"}],"wp:term":[{"taxonomy":"category","embeddable":true,"href":"https:\/\/contraluzcucuta.co\/index.php?rest_route=%2Fwp%2Fv2%2Fcategories&post=25456"},{"taxonomy":"post_tag","embeddable":true,"href":"https:\/\/contraluzcucuta.co\/index.php?rest_route=%2Fwp%2Fv2%2Ftags&post=25456"}],"curies":[{"name":"wp","href":"https:\/\/api.w.org\/{rel}","templated":true}]}}