{"id":25453,"date":"2015-11-27T16:07:17","date_gmt":"2015-11-27T21:07:17","guid":{"rendered":"http:\/\/contraluzcucuta.co\/?p=25453"},"modified":"2015-12-05T07:07:15","modified_gmt":"2015-12-05T12:07:15","slug":"teatro-desde-la-carcel-la-orgia-el-gran-escape-de-jeysson","status":"publish","type":"post","link":"https:\/\/contraluzcucuta.co\/?p=25453","title":{"rendered":"TEATRO DESDE LA C\u00c1RCEL. \u2018La Org\u00eda\u2019, el gran escape de Jeysson"},"content":{"rendered":"<p><strong>C\u00daCUTA.-<\/strong> Jeyson Padillo(*) es un joven antioque\u00f1o al que el sistema penitenciario, aleatoriamente y por computador, mando a C\u00facuta. Ac\u00e1 cumplir\u00e1 los 18 a\u00f1os de condena que le faltan por haber asesinado en grado preterintencional al cu\u00f1ado mientras golpeaba a su hermana. El hecho ocurri\u00f3\u00a0 en Neocl\u00ed, su tierra natal.<\/p>\n<p>Alejado de la familia, la esposa y los hijos afronta en el patio el castigo impuesto por la ley colombiana. Jeysson entr\u00f3 a la iglesia cristiana para buscar en la biblia y la palabra de Dios compa\u00f1\u00eda para aligerar los a\u00f1os de prisi\u00f3n. Encontr\u00f3 paz y se perdon\u00f3. Pero no fue suficiente.<\/p>\n<p>Intento con la panader\u00eda. La impaciencia que lo caracteriza no dej\u00f3 ver el primer pan en el horno. Las manos no le permitieron utilizar las gubias por un trampero que se le dispar\u00f3 en el antebrazo derecho, mientras lo armaba\u00a0\u00a0 para cazar guartinajas en la fincha donde creci\u00f3.<\/p>\n<p>En el 2014, encontr\u00f3 la manera de pasar los dos mejores d\u00edas de la semana, mi\u00e9rcoles y viernes. Jeysson los aguarda con ansias porque hay ensayos de teatro. A comienzos del 2015, lleg\u00f3 a C\u00facuta el programa \u2018Teatro interno\u2019, que improvis\u00f3 tablas en la C\u00e1rcel Metropolitana para conocer las habilidades histri\u00f3nicas de los reos.<\/p>\n<p>En marzo, naci\u00f3 \u2018Rompiendo Muros\u2019, el grupo teatral que representar\u00e1 en 2016 a la capital de Norte de Santander en el segundo festival de teatro carcelario. En Armenia, Bogot\u00e1, C\u00facuta, Itag\u00fc\u00ed, Jamund\u00ed y Monter\u00eda ser\u00e1n los escenarios. El complejo penitenciario metropolitano \u00a0ofrece a los reclusos una manera de reintegrarse y ubicarse en la sociedad.<\/p>\n<p>El programa, seg\u00fan los detenidos, es la manera perfecta para sentirse apoyados y\u00a0 valiosos. En el grupo encontraron familia y amigos, saben que la desconfianza significa el\u00a0 fin de todo. Al principio, las diferencias no permit\u00edan los ensayos, por obvias razones, asegur\u00f3 \u2018La Veneca\u2019.<\/p>\n<p>\u201cHoy, despu\u00e9s del acompa\u00f1amiento sicol\u00f3gico, entendimos que dependemos del otro. Los abrazos que no recibimos de nuestros familiares por la distancia, los suplimos con los abrazos de cualquiera de los otros actores\u201d, dijo \u2018El Morocho&#8221;, quien lleg\u00f3 desde Tulu\u00e1 a pagar condena.<\/p>\n<p>Todos son el complemento de todos. Jos\u00e9 (*), el m\u00e1s viejo, es quien llama la atenci\u00f3n cuando la risa y la indisciplina se apoderan del grupo.\u00a0 Mar\u00eda (*), la m\u00e1s peque\u00f1a, de 22 a\u00f1os, contagia las risas con los chistes y los hace llorar en las escenas tristes, llora por todo. Vladimir es el m\u00e1s valioso de los actores. No sab\u00eda leer y paralelamente toma clases de primaria mientras lee el guion de \u2018La Org\u00eda\u2019, la pieza teatral que los hace vivir un sue\u00f1o.<\/p>\n<p>Son 14 actores, algunos llegados de otras tierras, otros cucute\u00f1os, ac\u00e1 no importa de d\u00f3nde vienen, ni qu\u00e9 crimen cometieron. \u201cEntendimos que todos entramos por esa reja azul para ser actores. Nadie sabe ni se interesa por el pasado del otro, solo compartimos el ensayo, como amigos, como familia\u201d.<\/p>\n<p>Est\u00e1n ah\u00ed adentro para vivir el gran escape de esas paredes inmensas que los privan de la familia y de la calle. Sienten que cuando ensayan \u201cnos volamos de la \u2018cana\u2019. El sentirnos vivos, es sentirnos libres\u201d.<\/p>\n<p>Las muestras teatrales est\u00e1n distribuidas as\u00ed:<\/p>\n<p>1.- Bogot\u00e1. \u2018Yo soy Ant\u00edgona\u2019, dirigida por Victoria Hern\u00e1ndez, teatro Casa Libertad, febrero 22 de 2016.<\/p>\n<ol start=\"2\">\n<li>Jamund\u00ed, \u2018Los bandidos\u2019, de Friedrich Schiller, dirigida por Lis\u00edmaco N\u00fa\u00f1ez, Teatro Municipal, febrero 24.<\/li>\n<\/ol>\n<p>3.- C\u00facuta. \u2018La Org\u00eda\u2019, teatro Zulima, dirigida por\u00a0 Nancy Garc\u00eda, febrero 27.<\/p>\n<p>4.- Monter\u00eda. \u2018La \u00d3pera de los Tres Centavos\u2019, dirigida por Miguel Gambim, auditorio de la universidad de C\u00f3rdoba, dirigida por Miguel Guambin, marzo 1.<\/p>\n<p>5.- Armenia. \u2018Nuestra Natasha\u2019, dirigida por Jaime Torres, teatro Cruz Roja, marzo 2.<\/p>\n<p>6.- Itag\u00fc\u00ed. \u2018Orfeo desciende\u2019, dirigida por Ricardo Espa\u00f1a, teatro Pablo Tob\u00f3n, marzo 4.<\/p>\n<p><strong>(*) Nombres cambiados por seguridad de las fuentes.<\/strong><\/p>\n<p><strong>Foto: Especial para\u00a0<a href=\"http:\/\/www.contraluzcucuta.co\">www.contraluzcucuta.co<\/a><\/strong><\/p>\n<p>&nbsp;<\/p>\n<p>&nbsp;<\/p>\n<p>&nbsp;<\/p>\n<p>&nbsp;<\/p>\n<p>&nbsp; <\/p>\n","protected":false},"excerpt":{"rendered":"<p>C\u00daCUTA.- Jeyson Padillo(*) es un joven antioque\u00f1o al que el sistema penitenciario, aleatoriamente y por computador, mando a C\u00facuta. Ac\u00e1 cumplir\u00e1 los 18 a\u00f1os de condena que le faltan por haber asesinado en grado preterintencional al cu\u00f1ado mientras golpeaba a su hermana. El hecho ocurri\u00f3\u00a0 en Neocl\u00ed, su tierra natal. Alejado de la familia, la &hellip;<\/p>\n","protected":false},"author":1,"featured_media":25454,"comment_status":"open","ping_status":"open","sticky":false,"template":"","format":"standard","meta":{"footnotes":""},"categories":[10,36,37],"tags":[2573,2572],"class_list":["post-25453","post","type-post","status-publish","format-standard","has-post-thumbnail","hentry","category-cronicas","category-la-voz-del-pueblo","category-paseo-cultural","tag-la-orgia","tag-complejo-carcelario-metropolitano-de-cucuta"],"_links":{"self":[{"href":"https:\/\/contraluzcucuta.co\/index.php?rest_route=\/wp\/v2\/posts\/25453","targetHints":{"allow":["GET"]}}],"collection":[{"href":"https:\/\/contraluzcucuta.co\/index.php?rest_route=\/wp\/v2\/posts"}],"about":[{"href":"https:\/\/contraluzcucuta.co\/index.php?rest_route=\/wp\/v2\/types\/post"}],"author":[{"embeddable":true,"href":"https:\/\/contraluzcucuta.co\/index.php?rest_route=\/wp\/v2\/users\/1"}],"replies":[{"embeddable":true,"href":"https:\/\/contraluzcucuta.co\/index.php?rest_route=%2Fwp%2Fv2%2Fcomments&post=25453"}],"version-history":[{"count":1,"href":"https:\/\/contraluzcucuta.co\/index.php?rest_route=\/wp\/v2\/posts\/25453\/revisions"}],"predecessor-version":[{"id":25455,"href":"https:\/\/contraluzcucuta.co\/index.php?rest_route=\/wp\/v2\/posts\/25453\/revisions\/25455"}],"wp:featuredmedia":[{"embeddable":true,"href":"https:\/\/contraluzcucuta.co\/index.php?rest_route=\/wp\/v2\/media\/25454"}],"wp:attachment":[{"href":"https:\/\/contraluzcucuta.co\/index.php?rest_route=%2Fwp%2Fv2%2Fmedia&parent=25453"}],"wp:term":[{"taxonomy":"category","embeddable":true,"href":"https:\/\/contraluzcucuta.co\/index.php?rest_route=%2Fwp%2Fv2%2Fcategories&post=25453"},{"taxonomy":"post_tag","embeddable":true,"href":"https:\/\/contraluzcucuta.co\/index.php?rest_route=%2Fwp%2Fv2%2Ftags&post=25453"}],"curies":[{"name":"wp","href":"https:\/\/api.w.org\/{rel}","templated":true}]}}