{"id":25450,"date":"2015-11-27T15:20:00","date_gmt":"2015-11-27T20:20:00","guid":{"rendered":"http:\/\/contraluzcucuta.co\/?p=25450"},"modified":"2015-12-05T09:56:45","modified_gmt":"2015-12-05T14:56:45","slug":"crisis-en-la-frontera-comerciantes-piden-mas-inversion-en-la-region","status":"publish","type":"post","link":"https:\/\/contraluzcucuta.co\/?p=25450","title":{"rendered":"CRISIS EN LA FRONTERA. Comerciantes piden m\u00e1s inversi\u00f3n en la regi\u00f3n"},"content":{"rendered":"<p><strong>C\u00daCUTA.-<\/strong> \u00a0La crisis que afronta la frontera, desde mediados de agosto, llev\u00f3 a Fenalco a pedirle al Gobierno que dinamice la inversi\u00f3n en la regi\u00f3n, en particular en infraestructura. La junta de la Federaci\u00f3n Nacional de Comerciantes \u00a0se reuni\u00f3 en C\u00facuta. Los directivos dejaron un mensaje de apoyo decidido a los agremiados y empresarios de la ciudad y el departamento.<\/p>\n<p>A pesar de la exenci\u00f3n del IVA, que empez\u00f3 a regir en septiembre y que terminar\u00e1 el 31 de diciembre, Norte de Santander es uno de los departamentos que requiere ayuda para continuar en el proceso de reactivaci\u00f3n econ\u00f3mica.<\/p>\n<p>De acuerdo con los comerciantes de los sectores representados, los problemas y sus causas est\u00e1n diagnosticados. Es momento de que se trace un plan de acci\u00f3n por parte del Gobierno y del empresariado cucute\u00f1o con metas alcanzables en el corto plazo.<\/p>\n<p>El apoyo solicitado contempla agilizar el inicio los siguientes proyectos:<\/p>\n<p>1.- Las v\u00edas que reducir\u00e1n el viaje entre Bucaramanga y C\u00facuta<\/p>\n<p>2.- La v\u00eda C\u00facuta \u2013 Oca\u00f1a<\/p>\n<p>3.- El Centro de Convenciones<\/p>\n<p>4.- Retomar el proyecto multiprop\u00f3sito CINERA como opci\u00f3n para suministro de agua a la ciudad y al sector agroindustrial a bajo costo.<\/p>\n<p>Tambi\u00e9n, solucionar los siguientes problemas:<\/p>\n<p>1.- Inseguridad<\/p>\n<p>2.- Altas tarifas de los servicios p\u00fablicos<\/p>\n<p>3.- Falta de combustible<\/p>\n<p>4.- La necesidad de invertir en innovaci\u00f3n y tecnolog\u00eda<\/p>\n<p>5.- Construir una estrategia que promueva la ciudad en el pa\u00eds y el exterior.<\/p>\n<p>La junta de Fenalco llam\u00f3 a los comerciantes para que fortalezcan los negocios en Colombia y se active la econom\u00eda, sin contar con Venezuela,\u00a0 generar producci\u00f3n y condiciones favorables para el comercio.<\/p>\n<p>Algunas medidas propuestas por los empresarios consisten en est\u00edmulos a la generaci\u00f3n de empleo y beneficios tributarios para las empresas de la regi\u00f3n.<\/p>\n<p>La directora ejecutiva seccional Gladys Navarro reiter\u00f3 la importancia de apostarle al comercio formal, porque C\u00facuta es la ciudad donde se registran las cifras m\u00e1s altas de informalidad en el pa\u00eds. El gremio reiter\u00f3 el compromiso de implementar acciones en pro de la formalizaci\u00f3n mediante la reducci\u00f3n de tr\u00e1mites y la generaci\u00f3n de alianzas interinstitucionales estrat\u00e9gicas como la que se ejecuta con el Ministerio del Trabajo.<\/p>\n<p>El presidente seccional Pedro Mar\u00fan calific\u00f3 a la ciudad como la \u201cfrontera de oro del comercio\u201d. Enfatiz\u00f3 en la necesidad de ser m\u00e1s competitivos para combatir el desempleo, que alcanza el 14,4 % en C\u00facuta, contra el 30 % de empleados y 60 % de trabajadores por cuenta propia.<\/p>\n<p>El contrabando se ha convertido en el arma de subsistencia de muchos hombres y mujeres en la frontera. La junta nacional manifest\u00f3 la necesidad de reafirmar los esfuerzos en la lucha contra la ilegalidad; invit\u00f3 a los colombianos a visitar la regi\u00f3n y aprovechar los precios sin IVA. Se insistir\u00e1 ante el Gobierno en la inminencia de prolongar la exenci\u00f3n.<\/p>\n<p><strong>Foto: <a href=\"http:\/\/www.contraluzcucuta.co\">www.contraluzcucuta.co<\/a><\/strong><\/p>\n<p>&nbsp; <\/p>\n","protected":false},"excerpt":{"rendered":"<p>C\u00daCUTA.- \u00a0La crisis que afronta la frontera, desde mediados de agosto, llev\u00f3 a Fenalco a pedirle al Gobierno que dinamice la inversi\u00f3n en la regi\u00f3n, en particular en infraestructura. La junta de la Federaci\u00f3n Nacional de Comerciantes \u00a0se reuni\u00f3 en C\u00facuta. Los directivos dejaron un mensaje de apoyo decidido a los agremiados y empresarios de &hellip;<\/p>\n","protected":false},"author":1,"featured_media":25451,"comment_status":"open","ping_status":"open","sticky":false,"template":"","format":"standard","meta":{"footnotes":""},"categories":[7,541,32],"tags":[2483,1526],"class_list":["post-25450","post","type-post","status-publish","format-standard","has-post-thumbnail","hentry","category-acontecimientos","category-ciudad","category-recorrido-por-la-region","tag-crisis-en-la-frontera","tag-fenalco-norte-de-santander"],"_links":{"self":[{"href":"https:\/\/contraluzcucuta.co\/index.php?rest_route=\/wp\/v2\/posts\/25450","targetHints":{"allow":["GET"]}}],"collection":[{"href":"https:\/\/contraluzcucuta.co\/index.php?rest_route=\/wp\/v2\/posts"}],"about":[{"href":"https:\/\/contraluzcucuta.co\/index.php?rest_route=\/wp\/v2\/types\/post"}],"author":[{"embeddable":true,"href":"https:\/\/contraluzcucuta.co\/index.php?rest_route=\/wp\/v2\/users\/1"}],"replies":[{"embeddable":true,"href":"https:\/\/contraluzcucuta.co\/index.php?rest_route=%2Fwp%2Fv2%2Fcomments&post=25450"}],"version-history":[{"count":1,"href":"https:\/\/contraluzcucuta.co\/index.php?rest_route=\/wp\/v2\/posts\/25450\/revisions"}],"predecessor-version":[{"id":25452,"href":"https:\/\/contraluzcucuta.co\/index.php?rest_route=\/wp\/v2\/posts\/25450\/revisions\/25452"}],"wp:featuredmedia":[{"embeddable":true,"href":"https:\/\/contraluzcucuta.co\/index.php?rest_route=\/wp\/v2\/media\/25451"}],"wp:attachment":[{"href":"https:\/\/contraluzcucuta.co\/index.php?rest_route=%2Fwp%2Fv2%2Fmedia&parent=25450"}],"wp:term":[{"taxonomy":"category","embeddable":true,"href":"https:\/\/contraluzcucuta.co\/index.php?rest_route=%2Fwp%2Fv2%2Fcategories&post=25450"},{"taxonomy":"post_tag","embeddable":true,"href":"https:\/\/contraluzcucuta.co\/index.php?rest_route=%2Fwp%2Fv2%2Ftags&post=25450"}],"curies":[{"name":"wp","href":"https:\/\/api.w.org\/{rel}","templated":true}]}}