{"id":25447,"date":"2015-11-22T18:10:58","date_gmt":"2015-11-22T23:10:58","guid":{"rendered":"http:\/\/contraluzcucuta.co\/?p=25447"},"modified":"2015-12-05T06:38:48","modified_gmt":"2015-12-05T11:38:48","slug":"perfil-si-yo-quiero-yo-puedo","status":"publish","type":"post","link":"https:\/\/contraluzcucuta.co\/?p=25447","title":{"rendered":"PERFIL. \u00a1Si yo quiero, yo puedo!"},"content":{"rendered":"<p>Noventa cent\u00edmetros de valent\u00eda, coraje, responsabilidad\u00a0 y ganas de salir adelante son los que mide Linda Griselia Monsalve Barrera. Naci\u00f3 el 15 de julio de 1991, es la cuarta de seis hermanos y la \u00fanica mujer, la ni\u00f1a de la casa. Tiene temperamento fuerte y coraz\u00f3n generoso, \u00a0algunas de las tantas caracter\u00edsticas que la diferencian de los seres humanos que la rodean.<\/p>\n<p>Destac\u00f3 en los estudios primarios, secundarios y profesionales por el rendimiento acad\u00e9mico, la participaci\u00f3n y la constancia. \u201cParticipaba en las actividades, cualquiera que fuera. Me encanta estar en todo\u201d, dijo mientras se acaricia el cabello con un movimiento delicado.<\/p>\n<p>El estudio de fotograf\u00eda es el lugar que m\u00e1s le gusta de la casa.\u00a0 Ah\u00ed, sentada, cuenta an\u00e9cdotas y hace el recuento de la vida. \u201cEl recuerdo m\u00e1s valioso de mi ni\u00f1ez es la convivencia con mi pap\u00e1\u201d. El padre muri\u00f3 en el 2007. La madre ha sido ejemplo para sus d\u00edas, la que le inspira admiraci\u00f3n al ver que ha sacado adelante a los seis hijos. Es una madre ejemplar que ha cumplido la labor de progenitora, mejor amiga, gu\u00eda y compa\u00f1era.<\/p>\n<p>\u201cCuando me toc\u00f3 salir al ruedo, crec\u00ed en lo personal\u201d. La ni\u00f1ez fue normal, comparti\u00f3 con ni\u00f1os y jugaba con los amigos. El problema empez\u00f3 cuando lleg\u00f3 la etapa de convertirse en se\u00f1orita. En ese instante se encerr\u00f3 en un mundo en el que quer\u00eda estar sola. Le enojaba que la miraran y\u00a0 le hicieran preguntas sobre la discapacidad, esa que la hace una mujer diferente y de admirar.<\/p>\n<p>Desde los 19 a\u00f1os, empez\u00f3 a salir sola. Nunca pasa inadvertida en el medio de transporte, los centros comerciales y las calles. No falta qui\u00e9n se le acerque para preguntarle por la estatura, la vida personal y la familia. Incluso, le han pedido que se deje fotografiar. Se ha vuelto segura y no ve la discapacidad como una limitaci\u00f3n; al contrario, se siente orgullosa.<\/p>\n<p>Termin\u00f3 bachillerato en el colegio Renovaci\u00f3n Juvenil (2009), desde entonces no ha dejado de capacitarse. No ha sido f\u00e1cil salir adelante y aunque los recursos en casa no son suficientes, persiste. Es auxiliar en gerencia contable, tiene cursos en varios campos y se gradu\u00f3 como auxiliar en dise\u00f1o gr\u00e1fico (2012).<\/p>\n<p>La fotograf\u00eda es su pasi\u00f3n desde que estudio dise\u00f1o. Tan pronto se gradu\u00f3 compr\u00f3 la c\u00e1mara profesional y empez\u00f3 a dar los primeros pasos. Le encanta fotografiar bebes y embarazadas. En las vitrinas del estudio guarda cantidad de im\u00e1genes. Entre los lemas favoritos resalta el que reza \u2018se hace bien o no se hace\u2019. \u201cMe gusta estar detr\u00e1s y adelante del lente\u201d, dijo con picard\u00eda y una gran sonrisa.<\/p>\n<p>Pasar horas y horas en el computador. No importa cu\u00e1ntas veces haya visto videos para editar si encuentra un programa nuevo lo estudia hasta aprenderlo. Le enoja que los trabajos no salgan como quiere y considera el perfeccionismo como una virtud.<\/p>\n<p>Siempre est\u00e1 a la moda, el color favorito para vestir es el negro y prefiere los botines. El azul y el verde en la naturaleza y los paisajes le inspiran paz y tranquilidad. Al momento de trabajar escucha m\u00fasica, ojal\u00e1 sea pop rock. No tolera la ranchera ni la carranga. Los cantantes que le deleitan los o\u00eddos son Enrique Iglesias y Chayanne.<\/p>\n<p>Baila con el hermano mayor y lo disfruta sin importar la diferencia en la estatura. El canto es otro pasatiempo que goza, aunque no canta bonito, lo reconoci\u00f3 y solt\u00f3 una carcajada. Siempre busca lo positivo de toda situaci\u00f3n.<\/p>\n<p>Se considera buena amiga, responsable y entregada a todo cuanto emprende. \u201cMis trabajos siempre son al 100, quedan bien\u201d. Le fascina compartir con gente que le aporte conocimiento y de charlar interesante. Entre los sue\u00f1os cercanos est\u00e1 viajar a Roma, es cat\u00f3lica creyente y anhela conocer El Vaticano.<\/p>\n<p>\u2018Lupe\u2019 es la preferida al hablar de mascotas. La gatica lleg\u00f3 para quedarse y ahora la acompa\u00f1a a cada momento en el estudio fotogr\u00e1fico. Linda Griselia sufri\u00f3 y llor\u00f3 demasiado por los perros, por eso cambi\u00f3 de animal.<\/p>\n<p>No es una mujer sencilla y considera que la apariencia es fundamental, piensa que para todo hay que verse bien. Es fan\u00e1tica al maquillaje, resalta los ojos expresivos con delineador negro en los parpados y la boca con labial de colores vivos. Entre los hombres prefiere al tipo intelectual y creativo,\u00a0 que se proyecte en el futuro.<\/p>\n<p>En el futuro cercano ser\u00e1 la gerente de una empresa en fotograf\u00eda, solo para asesorar a los empleados. \u201dQuiero liderar y orientar, seg\u00fan mis conocimientos\u201d. Las limitaciones f\u00edsicas no ser\u00e1n impedimento para llegar adonde desea. \u201cSi yo quiero, yo puedo\u201d.<\/p>\n<p><strong>WENDY G\u00d3MEZ <\/strong><\/p>\n<p><strong>Estudiante de Comunicaci\u00f3n Social<\/strong><\/p>\n<p><strong>Universidad de Pamplona<\/strong><\/p>\n<p><strong>Campus de Villa del Rosario<\/strong><\/p>\n<p><strong>Foto: Especial para <a href=\"http:\/\/www.contraluzcucuta.co\">www.contraluzcucuta.co<\/a><\/strong><\/p>\n<p>&nbsp; <\/p>\n","protected":false},"excerpt":{"rendered":"<p>Noventa cent\u00edmetros de valent\u00eda, coraje, responsabilidad\u00a0 y ganas de salir adelante son los que mide Linda Griselia Monsalve Barrera. Naci\u00f3 el 15 de julio de 1991, es la cuarta de seis hermanos y la \u00fanica mujer, la ni\u00f1a de la casa. Tiene temperamento fuerte y coraz\u00f3n generoso, \u00a0algunas de las tantas caracter\u00edsticas que la diferencian &hellip;<\/p>\n","protected":false},"author":1,"featured_media":25448,"comment_status":"open","ping_status":"open","sticky":false,"template":"","format":"standard","meta":{"footnotes":""},"categories":[74,9],"tags":[2597,2571,719,161],"class_list":["post-25447","post","type-post","status-publish","format-standard","has-post-thumbnail","hentry","category-aula-universitaria","category-politica","tag-aula-universitaria","tag-linda-griselia-monsalve-barrera","tag-unipamplona","tag-universidad-de-pamplona"],"_links":{"self":[{"href":"https:\/\/contraluzcucuta.co\/index.php?rest_route=\/wp\/v2\/posts\/25447","targetHints":{"allow":["GET"]}}],"collection":[{"href":"https:\/\/contraluzcucuta.co\/index.php?rest_route=\/wp\/v2\/posts"}],"about":[{"href":"https:\/\/contraluzcucuta.co\/index.php?rest_route=\/wp\/v2\/types\/post"}],"author":[{"embeddable":true,"href":"https:\/\/contraluzcucuta.co\/index.php?rest_route=\/wp\/v2\/users\/1"}],"replies":[{"embeddable":true,"href":"https:\/\/contraluzcucuta.co\/index.php?rest_route=%2Fwp%2Fv2%2Fcomments&post=25447"}],"version-history":[{"count":1,"href":"https:\/\/contraluzcucuta.co\/index.php?rest_route=\/wp\/v2\/posts\/25447\/revisions"}],"predecessor-version":[{"id":25449,"href":"https:\/\/contraluzcucuta.co\/index.php?rest_route=\/wp\/v2\/posts\/25447\/revisions\/25449"}],"wp:featuredmedia":[{"embeddable":true,"href":"https:\/\/contraluzcucuta.co\/index.php?rest_route=\/wp\/v2\/media\/25448"}],"wp:attachment":[{"href":"https:\/\/contraluzcucuta.co\/index.php?rest_route=%2Fwp%2Fv2%2Fmedia&parent=25447"}],"wp:term":[{"taxonomy":"category","embeddable":true,"href":"https:\/\/contraluzcucuta.co\/index.php?rest_route=%2Fwp%2Fv2%2Fcategories&post=25447"},{"taxonomy":"post_tag","embeddable":true,"href":"https:\/\/contraluzcucuta.co\/index.php?rest_route=%2Fwp%2Fv2%2Ftags&post=25447"}],"curies":[{"name":"wp","href":"https:\/\/api.w.org\/{rel}","templated":true}]}}